{"id":2545,"date":"2026-03-14T14:14:37","date_gmt":"2026-03-14T13:14:37","guid":{"rendered":"https:\/\/eglisecatholiqueniger.org\/?p=2545"},"modified":"2026-03-14T14:14:37","modified_gmt":"2026-03-14T13:14:37","slug":"la-messe-chrismale-une-celebration-qui-nous-rassemble","status":"publish","type":"post","link":"https:\/\/eglisecatholiqueniger.org\/index.php\/2026\/03\/14\/la-messe-chrismale-une-celebration-qui-nous-rassemble\/","title":{"rendered":"LA MESSE CHRISMALE: UNE C\u00c9L\u00c9BRATION QUI NOUS RASSEMBLE"},"content":{"rendered":"<h3 id=\"_VU21acS8D_C-kPIPxO-36Q0_46\" class=\"LC20lb MBeuO DKV0Md\">Messe chrismale 2026\u00a0 \u00e0 la Cath\u00e9drale Niamey : retour en images<\/h3>\n<p><img loading=\"lazy\" decoding=\"async\" class=\"alignnone  wp-image-2546\" src=\"http:\/\/eglisecatholiqueniger.org\/wp-content\/uploads\/2026\/03\/PRESBYTERIUM-2026-27-300x225.jpg\" alt=\"\" width=\"190\" height=\"143\" srcset=\"https:\/\/eglisecatholiqueniger.org\/wp-content\/uploads\/2026\/03\/PRESBYTERIUM-2026-27-300x225.jpg 300w, https:\/\/eglisecatholiqueniger.org\/wp-content\/uploads\/2026\/03\/PRESBYTERIUM-2026-27-1024x768.jpg 1024w, https:\/\/eglisecatholiqueniger.org\/wp-content\/uploads\/2026\/03\/PRESBYTERIUM-2026-27-768x576.jpg 768w, https:\/\/eglisecatholiqueniger.org\/wp-content\/uploads\/2026\/03\/PRESBYTERIUM-2026-27-1536x1152.jpg 1536w, https:\/\/eglisecatholiqueniger.org\/wp-content\/uploads\/2026\/03\/PRESBYTERIUM-2026-27-2048x1536.jpg 2048w\" sizes=\"auto, (max-width: 190px) 100vw, 190px\" \/> <img loading=\"lazy\" decoding=\"async\" class=\"alignnone  wp-image-2547\" src=\"http:\/\/eglisecatholiqueniger.org\/wp-content\/uploads\/2026\/03\/PRESBYTERIUM-2026-28-300x225.jpg\" alt=\"\" width=\"190\" height=\"142\" srcset=\"https:\/\/eglisecatholiqueniger.org\/wp-content\/uploads\/2026\/03\/PRESBYTERIUM-2026-28-300x225.jpg 300w, https:\/\/eglisecatholiqueniger.org\/wp-content\/uploads\/2026\/03\/PRESBYTERIUM-2026-28-1024x768.jpg 1024w, https:\/\/eglisecatholiqueniger.org\/wp-content\/uploads\/2026\/03\/PRESBYTERIUM-2026-28-768x576.jpg 768w, https:\/\/eglisecatholiqueniger.org\/wp-content\/uploads\/2026\/03\/PRESBYTERIUM-2026-28-1536x1152.jpg 1536w, https:\/\/eglisecatholiqueniger.org\/wp-content\/uploads\/2026\/03\/PRESBYTERIUM-2026-28-2048x1536.jpg 2048w\" sizes=\"auto, (max-width: 190px) 100vw, 190px\" \/> <img loading=\"lazy\" decoding=\"async\" class=\"alignnone  wp-image-2548\" src=\"http:\/\/eglisecatholiqueniger.org\/wp-content\/uploads\/2026\/03\/PRESBYTERIUM-2026-30-300x225.jpg\" alt=\"\" width=\"187\" height=\"140\" srcset=\"https:\/\/eglisecatholiqueniger.org\/wp-content\/uploads\/2026\/03\/PRESBYTERIUM-2026-30-300x225.jpg 300w, https:\/\/eglisecatholiqueniger.org\/wp-content\/uploads\/2026\/03\/PRESBYTERIUM-2026-30-1024x768.jpg 1024w, https:\/\/eglisecatholiqueniger.org\/wp-content\/uploads\/2026\/03\/PRESBYTERIUM-2026-30-768x576.jpg 768w, https:\/\/eglisecatholiqueniger.org\/wp-content\/uploads\/2026\/03\/PRESBYTERIUM-2026-30-1536x1152.jpg 1536w, https:\/\/eglisecatholiqueniger.org\/wp-content\/uploads\/2026\/03\/PRESBYTERIUM-2026-30-2048x1537.jpg 2048w\" sizes=\"auto, (max-width: 187px) 100vw, 187px\" \/><\/p>\n<p>Au cours de cette messe qui manifeste l\u2019unit\u00e9 de toute l\u2019\u00c9glise dioc\u00e9saine autour de son \u00e9v\u00eaque, les pr\u00eatres renouvellent leurs promesses sacerdotales : vivre toujours plus unis au Seigneur J\u00e9sus, chercher \u00e0 lui ressembler, renoncer \u00e0 eux-m\u00eames, \u00eatre fid\u00e8les aux engagements attach\u00e9s \u00e0 la charge minist\u00e9rielle, c\u00e9l\u00e9brer les sacrements, annoncer la Parole de Dieu avec d\u00e9sint\u00e9ressement et charit\u00e9.<\/p>\n<p><img loading=\"lazy\" decoding=\"async\" class=\"alignnone  wp-image-2549\" src=\"http:\/\/eglisecatholiqueniger.org\/wp-content\/uploads\/2026\/03\/PRESBYTERIUM-2026-32-300x225.jpg\" alt=\"\" width=\"191\" height=\"143\" srcset=\"https:\/\/eglisecatholiqueniger.org\/wp-content\/uploads\/2026\/03\/PRESBYTERIUM-2026-32-300x225.jpg 300w, https:\/\/eglisecatholiqueniger.org\/wp-content\/uploads\/2026\/03\/PRESBYTERIUM-2026-32-1024x768.jpg 1024w, https:\/\/eglisecatholiqueniger.org\/wp-content\/uploads\/2026\/03\/PRESBYTERIUM-2026-32-768x576.jpg 768w, https:\/\/eglisecatholiqueniger.org\/wp-content\/uploads\/2026\/03\/PRESBYTERIUM-2026-32-1536x1152.jpg 1536w, https:\/\/eglisecatholiqueniger.org\/wp-content\/uploads\/2026\/03\/PRESBYTERIUM-2026-32-2048x1536.jpg 2048w\" sizes=\"auto, (max-width: 191px) 100vw, 191px\" \/> <img loading=\"lazy\" decoding=\"async\" class=\"alignnone  wp-image-2550\" src=\"http:\/\/eglisecatholiqueniger.org\/wp-content\/uploads\/2026\/03\/PRESBYTERIUM-2026-31-300x225.jpg\" alt=\"\" width=\"190\" height=\"143\" srcset=\"https:\/\/eglisecatholiqueniger.org\/wp-content\/uploads\/2026\/03\/PRESBYTERIUM-2026-31-300x225.jpg 300w, https:\/\/eglisecatholiqueniger.org\/wp-content\/uploads\/2026\/03\/PRESBYTERIUM-2026-31-1024x768.jpg 1024w, https:\/\/eglisecatholiqueniger.org\/wp-content\/uploads\/2026\/03\/PRESBYTERIUM-2026-31-768x576.jpg 768w, https:\/\/eglisecatholiqueniger.org\/wp-content\/uploads\/2026\/03\/PRESBYTERIUM-2026-31-1536x1152.jpg 1536w, https:\/\/eglisecatholiqueniger.org\/wp-content\/uploads\/2026\/03\/PRESBYTERIUM-2026-31-2048x1536.jpg 2048w\" sizes=\"auto, (max-width: 190px) 100vw, 190px\" \/> <img loading=\"lazy\" decoding=\"async\" class=\"alignnone  wp-image-2556\" src=\"http:\/\/eglisecatholiqueniger.org\/wp-content\/uploads\/2026\/03\/PRESBYTERIUM-2026-33-300x225.jpg\" alt=\"\" width=\"189\" height=\"142\" srcset=\"https:\/\/eglisecatholiqueniger.org\/wp-content\/uploads\/2026\/03\/PRESBYTERIUM-2026-33-300x225.jpg 300w, https:\/\/eglisecatholiqueniger.org\/wp-content\/uploads\/2026\/03\/PRESBYTERIUM-2026-33-1024x768.jpg 1024w, https:\/\/eglisecatholiqueniger.org\/wp-content\/uploads\/2026\/03\/PRESBYTERIUM-2026-33-768x576.jpg 768w, https:\/\/eglisecatholiqueniger.org\/wp-content\/uploads\/2026\/03\/PRESBYTERIUM-2026-33-1536x1152.jpg 1536w, https:\/\/eglisecatholiqueniger.org\/wp-content\/uploads\/2026\/03\/PRESBYTERIUM-2026-33-2048x1536.jpg 2048w\" sizes=\"auto, (max-width: 189px) 100vw, 189px\" \/><\/p>\n<p>Durant la messe chrismale, l\u2019archev\u00eaque consacre le saint chr\u00eame. Cette huile m\u00e9lang\u00e9e avec du baume, est utilis\u00e9e pour les sacrements du bapt\u00eame, de la confirmation et de l\u2019Ordre (ordinations sacerdotales et \u00e9piscopales), mais aussi pour la cons\u00e9cration des \u00e9glises, des autels et des cloches. Signe de b\u00e9n\u00e9diction de Dieu, elle est une marque ind\u00e9l\u00e9bile. Son parfum signifie la pl\u00e9nitude des dons que l\u2019Esprit Saint procure.<\/p>\n<p>En plus du saint chr\u00eame, l\u2019\u00e9v\u00eaque b\u00e9nit l\u2019huile des cat\u00e9chum\u00e8nes \u2013 les futurs baptis\u00e9s \u2013 et l\u2019huile pour le sacrement des malades, symbole de vie.<\/p>\n<p><img loading=\"lazy\" decoding=\"async\" class=\"alignnone  wp-image-2557\" src=\"http:\/\/eglisecatholiqueniger.org\/wp-content\/uploads\/2026\/03\/PRESBYTERIUM-2026-36-300x225.jpg\" alt=\"\" width=\"191\" height=\"143\" srcset=\"https:\/\/eglisecatholiqueniger.org\/wp-content\/uploads\/2026\/03\/PRESBYTERIUM-2026-36-300x225.jpg 300w, https:\/\/eglisecatholiqueniger.org\/wp-content\/uploads\/2026\/03\/PRESBYTERIUM-2026-36-1024x768.jpg 1024w, https:\/\/eglisecatholiqueniger.org\/wp-content\/uploads\/2026\/03\/PRESBYTERIUM-2026-36-768x576.jpg 768w, https:\/\/eglisecatholiqueniger.org\/wp-content\/uploads\/2026\/03\/PRESBYTERIUM-2026-36-1536x1152.jpg 1536w, https:\/\/eglisecatholiqueniger.org\/wp-content\/uploads\/2026\/03\/PRESBYTERIUM-2026-36-2048x1536.jpg 2048w\" sizes=\"auto, (max-width: 191px) 100vw, 191px\" \/> <img loading=\"lazy\" decoding=\"async\" class=\"alignnone  wp-image-2559\" src=\"http:\/\/eglisecatholiqueniger.org\/wp-content\/uploads\/2026\/03\/PRESBYTERIUM-2026-35-300x225.jpg\" alt=\"\" width=\"191\" height=\"143\" srcset=\"https:\/\/eglisecatholiqueniger.org\/wp-content\/uploads\/2026\/03\/PRESBYTERIUM-2026-35-300x225.jpg 300w, https:\/\/eglisecatholiqueniger.org\/wp-content\/uploads\/2026\/03\/PRESBYTERIUM-2026-35-1024x768.jpg 1024w, https:\/\/eglisecatholiqueniger.org\/wp-content\/uploads\/2026\/03\/PRESBYTERIUM-2026-35-768x576.jpg 768w, https:\/\/eglisecatholiqueniger.org\/wp-content\/uploads\/2026\/03\/PRESBYTERIUM-2026-35-1536x1152.jpg 1536w, https:\/\/eglisecatholiqueniger.org\/wp-content\/uploads\/2026\/03\/PRESBYTERIUM-2026-35-2048x1537.jpg 2048w\" sizes=\"auto, (max-width: 191px) 100vw, 191px\" \/> <img loading=\"lazy\" decoding=\"async\" class=\"alignnone  wp-image-2561\" src=\"http:\/\/eglisecatholiqueniger.org\/wp-content\/uploads\/2026\/03\/PRESBYTERIUM-2026-39-300x225.jpg\" alt=\"\" width=\"189\" height=\"142\" srcset=\"https:\/\/eglisecatholiqueniger.org\/wp-content\/uploads\/2026\/03\/PRESBYTERIUM-2026-39-300x225.jpg 300w, https:\/\/eglisecatholiqueniger.org\/wp-content\/uploads\/2026\/03\/PRESBYTERIUM-2026-39-1024x768.jpg 1024w, https:\/\/eglisecatholiqueniger.org\/wp-content\/uploads\/2026\/03\/PRESBYTERIUM-2026-39-768x576.jpg 768w, https:\/\/eglisecatholiqueniger.org\/wp-content\/uploads\/2026\/03\/PRESBYTERIUM-2026-39-1536x1152.jpg 1536w, https:\/\/eglisecatholiqueniger.org\/wp-content\/uploads\/2026\/03\/PRESBYTERIUM-2026-39-2048x1537.jpg 2048w\" sizes=\"auto, (max-width: 189px) 100vw, 189px\" \/><\/p>\n<p><img loading=\"lazy\" decoding=\"async\" class=\"alignnone  wp-image-2560\" src=\"http:\/\/eglisecatholiqueniger.org\/wp-content\/uploads\/2026\/03\/PRESBYTERIUM-2026-34-300x225.jpg\" alt=\"\" width=\"191\" height=\"143\" srcset=\"https:\/\/eglisecatholiqueniger.org\/wp-content\/uploads\/2026\/03\/PRESBYTERIUM-2026-34-300x225.jpg 300w, https:\/\/eglisecatholiqueniger.org\/wp-content\/uploads\/2026\/03\/PRESBYTERIUM-2026-34-1024x768.jpg 1024w, https:\/\/eglisecatholiqueniger.org\/wp-content\/uploads\/2026\/03\/PRESBYTERIUM-2026-34-768x576.jpg 768w, https:\/\/eglisecatholiqueniger.org\/wp-content\/uploads\/2026\/03\/PRESBYTERIUM-2026-34-1536x1152.jpg 1536w, https:\/\/eglisecatholiqueniger.org\/wp-content\/uploads\/2026\/03\/PRESBYTERIUM-2026-34-2048x1536.jpg 2048w\" sizes=\"auto, (max-width: 191px) 100vw, 191px\" \/> <img loading=\"lazy\" decoding=\"async\" class=\"alignnone  wp-image-2562\" src=\"http:\/\/eglisecatholiqueniger.org\/wp-content\/uploads\/2026\/03\/PRESBYTERIUM-2026-40-300x225.jpg\" alt=\"\" width=\"193\" height=\"145\" srcset=\"https:\/\/eglisecatholiqueniger.org\/wp-content\/uploads\/2026\/03\/PRESBYTERIUM-2026-40-300x225.jpg 300w, https:\/\/eglisecatholiqueniger.org\/wp-content\/uploads\/2026\/03\/PRESBYTERIUM-2026-40-1024x768.jpg 1024w, https:\/\/eglisecatholiqueniger.org\/wp-content\/uploads\/2026\/03\/PRESBYTERIUM-2026-40-768x576.jpg 768w, https:\/\/eglisecatholiqueniger.org\/wp-content\/uploads\/2026\/03\/PRESBYTERIUM-2026-40-1536x1152.jpg 1536w, https:\/\/eglisecatholiqueniger.org\/wp-content\/uploads\/2026\/03\/PRESBYTERIUM-2026-40-2048x1536.jpg 2048w\" sizes=\"auto, (max-width: 193px) 100vw, 193px\" \/> <img loading=\"lazy\" decoding=\"async\" class=\"alignnone  wp-image-2563\" src=\"http:\/\/eglisecatholiqueniger.org\/wp-content\/uploads\/2026\/03\/PRESBYTERIUM-2026-44-300x225.jpg\" alt=\"\" width=\"191\" height=\"143\" srcset=\"https:\/\/eglisecatholiqueniger.org\/wp-content\/uploads\/2026\/03\/PRESBYTERIUM-2026-44-300x225.jpg 300w, https:\/\/eglisecatholiqueniger.org\/wp-content\/uploads\/2026\/03\/PRESBYTERIUM-2026-44-1024x768.jpg 1024w, https:\/\/eglisecatholiqueniger.org\/wp-content\/uploads\/2026\/03\/PRESBYTERIUM-2026-44-768x576.jpg 768w, https:\/\/eglisecatholiqueniger.org\/wp-content\/uploads\/2026\/03\/PRESBYTERIUM-2026-44-1536x1152.jpg 1536w, https:\/\/eglisecatholiqueniger.org\/wp-content\/uploads\/2026\/03\/PRESBYTERIUM-2026-44-2048x1536.jpg 2048w\" sizes=\"auto, (max-width: 191px) 100vw, 191px\" \/><\/p>\n<p>&nbsp;<\/p>\n<p>&nbsp;<\/p>\n<div class=\"notranslate ESMNde HGLrXd ojE3Fb\">\n<div class=\"q0vns\">\n<div class=\"eqA2re UnOTSe Vwoesf\" aria-hidden=\"true\"><\/div>\n<\/div>\n<\/div>\n","protected":false},"excerpt":{"rendered":"<p>Messe chrismale 2026\u00a0 \u00e0 la Cath\u00e9drale Niamey : retour en images Au cours de cette messe qui manifeste l\u2019unit\u00e9 de toute l\u2019\u00c9glise dioc\u00e9saine autour de son \u00e9v\u00eaque, les pr\u00eatres renouvellent &#8230;<\/p>\n","protected":false},"author":3,"featured_media":0,"comment_status":"open","ping_status":"open","sticky":false,"template":"","format":"standard","meta":{"footnotes":""},"categories":[1],"tags":[],"class_list":["post-2545","post","type-post","status-publish","format-standard","category-non-classe"],"_links":{"self":[{"href":"https:\/\/eglisecatholiqueniger.org\/index.php\/wp-json\/wp\/v2\/posts\/2545","targetHints":{"allow":["GET"]}}],"collection":[{"href":"https:\/\/eglisecatholiqueniger.org\/index.php\/wp-json\/wp\/v2\/posts"}],"about":[{"href":"https:\/\/eglisecatholiqueniger.org\/index.php\/wp-json\/wp\/v2\/types\/post"}],"author":[{"embeddable":true,"href":"https:\/\/eglisecatholiqueniger.org\/index.php\/wp-json\/wp\/v2\/users\/3"}],"replies":[{"embeddable":true,"href":"https:\/\/eglisecatholiqueniger.org\/index.php\/wp-json\/wp\/v2\/comments?post=2545"}],"version-history":[{"count":9,"href":"https:\/\/eglisecatholiqueniger.org\/index.php\/wp-json\/wp\/v2\/posts\/2545\/revisions"}],"predecessor-version":[{"id":2566,"href":"https:\/\/eglisecatholiqueniger.org\/index.php\/wp-json\/wp\/v2\/posts\/2545\/revisions\/2566"}],"wp:attachment":[{"href":"https:\/\/eglisecatholiqueniger.org\/index.php\/wp-json\/wp\/v2\/media?parent=2545"}],"wp:term":[{"taxonomy":"category","embeddable":true,"href":"https:\/\/eglisecatholiqueniger.org\/index.php\/wp-json\/wp\/v2\/categories?post=2545"},{"taxonomy":"post_tag","embeddable":true,"href":"https:\/\/eglisecatholiqueniger.org\/index.php\/wp-json\/wp\/v2\/tags?post=2545"}],"curies":[{"name":"wp","href":"https:\/\/api.w.org\/{rel}","templated":true}]}}