{"id":397,"date":"2022-02-20T18:04:16","date_gmt":"2022-02-20T17:04:16","guid":{"rendered":"http:\/\/eglisecatholiqueniger.org\/wp\/?p=397"},"modified":"2022-02-20T18:04:16","modified_gmt":"2022-02-20T17:04:16","slug":"careme-2021-oser-une-sincere-rencontre-avec-dieu","status":"publish","type":"post","link":"https:\/\/eglisecatholiqueniger.org\/index.php\/2022\/02\/20\/careme-2021-oser-une-sincere-rencontre-avec-dieu\/","title":{"rendered":"Car\u00eame 2021 : Oser une sinc\u00e8re rencontre avec Dieu"},"content":{"rendered":"<div class=\"cxmmr5t8 oygrvhab hcukyx3x c1et5uql o9v6fnle ii04i59q\">\n<div dir=\"auto\">Les communaut\u00e9s chr\u00e9tiennes du Niger ont entam\u00e9, le mercredi 17 f\u00e9vrier, le car\u00eame \u00e0 travers la messe des cendres. Durant quarante jours, les chr\u00e9tiens du Niger vont \u00e0 travers la pri\u00e8re, le jeune et le partage renouer avec la tradition des signes de conversion et de repentance tout en red\u00e9couvrant la Bible.<\/div>\n<\/div>\n<div class=\"cxmmr5t8 oygrvhab hcukyx3x c1et5uql o9v6fnle ii04i59q\">\n<div dir=\"auto\">Trois signes vont ponctuer cette marche vers P\u00e2ques. Le premier signe, sans doute le plus connu, est celui des cendres. Se voir imposer les cendres sur le front fait renouer avec la tradition des signes de conversion et de repentance. Le deuxi\u00e8me signe est celui du je\u00fbne. Le fid\u00e8le ne doit pas seulement vivre de pain, mais aussi de la parole de Dieu. Et le je\u00fbne doit s\u2019accompagner du partage. Il ne sert \u00e0 rien de se priver de nourriture si on ne partage pas le fruit de sa privation. Et enfin le troisi\u00e8me signe, est celui de la pri\u00e8re. Ce temps de 40 jours est une occasion pour nous de renouer et d&rsquo;oser une sinc\u00e8re rencontre avec Dieu.<\/div>\n<\/div>\n<div class=\"cxmmr5t8 oygrvhab hcukyx3x c1et5uql o9v6fnle ii04i59q\">\n<div dir=\"auto\">Bon temps de Car\u00eame \u00e0 tous.<\/div>\n<\/div>\n","protected":false},"excerpt":{"rendered":"<p>Les communaut\u00e9s chr\u00e9tiennes du Niger ont entam\u00e9, le mercredi 17 f\u00e9vrier, le car\u00eame \u00e0 travers la messe des cendres. Durant quarante jours, les chr\u00e9tiens du Niger vont \u00e0 travers la &#8230;<\/p>\n","protected":false},"author":1,"featured_media":398,"comment_status":"open","ping_status":"open","sticky":false,"template":"","format":"standard","meta":{"footnotes":""},"categories":[1],"tags":[],"class_list":["post-397","post","type-post","status-publish","format-standard","has-post-thumbnail","category-non-classe"],"_links":{"self":[{"href":"https:\/\/eglisecatholiqueniger.org\/index.php\/wp-json\/wp\/v2\/posts\/397","targetHints":{"allow":["GET"]}}],"collection":[{"href":"https:\/\/eglisecatholiqueniger.org\/index.php\/wp-json\/wp\/v2\/posts"}],"about":[{"href":"https:\/\/eglisecatholiqueniger.org\/index.php\/wp-json\/wp\/v2\/types\/post"}],"author":[{"embeddable":true,"href":"https:\/\/eglisecatholiqueniger.org\/index.php\/wp-json\/wp\/v2\/users\/1"}],"replies":[{"embeddable":true,"href":"https:\/\/eglisecatholiqueniger.org\/index.php\/wp-json\/wp\/v2\/comments?post=397"}],"version-history":[{"count":1,"href":"https:\/\/eglisecatholiqueniger.org\/index.php\/wp-json\/wp\/v2\/posts\/397\/revisions"}],"predecessor-version":[{"id":399,"href":"https:\/\/eglisecatholiqueniger.org\/index.php\/wp-json\/wp\/v2\/posts\/397\/revisions\/399"}],"wp:featuredmedia":[{"embeddable":true,"href":"https:\/\/eglisecatholiqueniger.org\/index.php\/wp-json\/wp\/v2\/media\/398"}],"wp:attachment":[{"href":"https:\/\/eglisecatholiqueniger.org\/index.php\/wp-json\/wp\/v2\/media?parent=397"}],"wp:term":[{"taxonomy":"category","embeddable":true,"href":"https:\/\/eglisecatholiqueniger.org\/index.php\/wp-json\/wp\/v2\/categories?post=397"},{"taxonomy":"post_tag","embeddable":true,"href":"https:\/\/eglisecatholiqueniger.org\/index.php\/wp-json\/wp\/v2\/tags?post=397"}],"curies":[{"name":"wp","href":"https:\/\/api.w.org\/{rel}","templated":true}]}}