{"id":488,"date":"2022-03-27T11:48:42","date_gmt":"2022-03-27T09:48:42","guid":{"rendered":"http:\/\/eglisecatholiqueniger.org\/wp\/?p=488"},"modified":"2022-03-27T11:48:42","modified_gmt":"2022-03-27T09:48:42","slug":"formation-des-animateurs-pastoraux-secteur-ouest","status":"publish","type":"post","link":"https:\/\/eglisecatholiqueniger.org\/index.php\/2022\/03\/27\/formation-des-animateurs-pastoraux-secteur-ouest\/","title":{"rendered":"FORMATION DES ANIMATEURS PASTORAUX SECTEUR OUEST"},"content":{"rendered":"<p>La troisi\u00e8me session de recyclage \u00a0des animateurs pastoraux du secteur Ouest\u00a0 s\u2019est tenue du 06 au 12 mars au Centre de Silo\u00e9 \u00e0 Niamey.<\/p>\n<p>Les Animateurs pastoraux qui ont pris part \u00e0 cette troisi\u00e8me rencontre du cycle des trois sessions de recyclage organis\u00e9es par la Commission Dioc\u00e9saine de la Cat\u00e9ch\u00e8se en collaboration avec les Agents pastoraux de ce secteur, sont des chr\u00e9tiens issus des paroisses de \u00a0Makalondi, Bomoanga, Kankani et Torodi. Ils ont d\u00e9j\u00e0 suivi une formation initi\u00e9e par la Commission nationale de la Cat\u00e9ch\u00e8se pendant trois ans. Ces animateurs depuis ce temps, collaborent avec les Agent pastoraux dans la cat\u00e9ch\u00e8se, dans l\u2019animation des groupes de pri\u00e8re, des mouvements et aussi ils assurent les c\u00e9l\u00e9brations dominicales \u00e0 l\u2019absence du pr\u00eatre. Gr\u00e2ce \u00e0 leur d\u00e9vouement et \u00e0 leur engagement, l\u2019activit\u00e9 missionnaire continue dans cette localit\u00e9 malgr\u00e9 la persistance de l\u2019ins\u00e9curit\u00e9.<\/p>\n<p>L\u2019objectif vis\u00e9 par ces rencontres est de renforcer les capacit\u00e9s de connaissances et de comp\u00e9tences de ces Animateurs mais surtout de les accompagner et les encourager dans l\u2019accomplissement de leur r\u00f4le si important aupr\u00e8s de leurs fr\u00e8res et s\u0153urs chr\u00e9tiens.<\/p>\n<p>Les participants \u00a0\u00e9taient au nombre de 42 r\u00e9partis comme suit\u00a0:<\/p>\n<p>Makalondi\u00a0: 14<\/p>\n<p>Bomoanga\u00a0: 15<\/p>\n<p>Kankani\u00a0: 11<\/p>\n<p>Torodi\u00a0: 2<\/p>\n<p>Les diff\u00e9rents th\u00e8mes qui ont \u00e9t\u00e9 trait\u00e9 pendant ces sept (7) jours de formation sont les suivants\u00a0:<\/p>\n<ul>\n<li><strong>Bible\u00a0:<\/strong> Les Proph\u00e8tes\u00a0: anim\u00e9 par le P\u00e8re Fran\u00e7ois AZOUMA<\/li>\n<li><strong>Bible\u00a0:<\/strong> Introduction aux Evangiles et comment faire un commentaire de la Parole de Dieu\u00a0: anim\u00e9 par le P\u00e8re Eric MEDAGBE<\/li>\n<li><strong>Pastorale\u00a0:<\/strong> La Cat\u00e9ch\u00e8se\u00a0: comment animer une s\u00e9ance de cat\u00e9ch\u00e8se\u00a0: par la S\u0153ur Fid\u00e9lia SOMDA<\/li>\n<li><strong>Pastorale\u00a0:<\/strong> La c\u00e9l\u00e9bration dominicale \u00e0 l\u2019absence du Pr\u00eatre\u00a0: par Le cat\u00e9chiste Jean Baptiste TINDANO qui est venu du Burkina et la S\u0153ur C\u00e8lsia SOMDA.<\/li>\n<\/ul>\n<p>Le camp a \u00e9t\u00e9 conduit par Mme Colette ABALOVI Responsable Dioc\u00e9saine de la Cat\u00e9ch\u00e8se.<\/p>\n<p>&nbsp;<\/p>\n<p>Une tr\u00e8s bonne ambiance fraternelle a r\u00e9gn\u00e9 au sein du groupe pendant ces sept jours.<\/p>\n<p>&nbsp;<\/p>\n<p>Les formateurs ont bien fait passer le message, chacun selon sa m\u00e9thode et en s\u2019appuyant sur des exemples concrets que vivent ces animateurs dans leurs localit\u00e9s. Il y a eu \u00e9galement quelques temps de travail en groupe qui ont suscit\u00e9 l\u2019envie de recherches chez des animateurs pour approfondir quelques aspects de l\u2019enseignement re\u00e7u. Ils sont tous dynamiques et consciencieux avec une bonne participation de tous aux \u00e9changes.<\/p>\n<p>&nbsp;<\/p>\n<p>La participation aux diff\u00e9rentes activit\u00e9s de vaisselle, nettoyage, service de repas et pri\u00e8re s\u2019est faite dans une ambiance fraternelle. Bien que n\u2019\u00e9tant pas trop habitu\u00e9s \u00e0 faire des t\u00e2ches de ce genre, ces hommes se sont livr\u00e9s gracieusement et g\u00e9n\u00e9reusement dans une ambiance bonne enfant \u00e0 l\u2019exercice de ces t\u00e2ches m\u00e9nag\u00e8res\u00a0 qui leur \u00e9taient inhabituelles.<\/p>\n<p>&nbsp;<\/p>\n<p>Les temps de pri\u00e8re \u00e9taient tr\u00e8s bien anim\u00e9s et priants. C\u2019\u00e9tait des moments forts bien v\u00e9cus. Chaque groupe prenait le soin de bien pr\u00e9parer ses pri\u00e8res et l\u2019assurait toute la journ\u00e9e. Cela a \u00e9t\u00e9 aussi un v\u00e9ritable exercice d\u2019\u00e9cole pour ces animateurs.<\/p>\n<p>&nbsp;<\/p>\n<p>Les soir\u00e9es r\u00e9cr\u00e9atives ont \u00e9t\u00e9 meubl\u00e9es par des projections de films en rapport aux th\u00e8mes d\u00e9velopp\u00e9s durant la formation. Le but \u00e9tait d\u2019approfondir de mani\u00e8re d\u00e9tendue les th\u00e8mes et des donn\u00e9es de la formation au moyen des films.<\/p>\n<p>&nbsp;<\/p>\n<p>Aux registres des joies, il est \u00e0 noter la visite surprise de Monseigneur Laurent LOMPO, Archev\u00eaque de Niamey, le vendredi 11 mars dans l\u2019apr\u00e8s-midi. Il a pris un peu de temps avec les animateurs, les \u00e9coutant et \u00e9changeant avec eux. C\u2019est un beau signe d\u2019encouragement qui est l\u2019illustration concr\u00e8te de son attachement personnel \u00e0 ce projet qui lui tient tant \u00e0 c\u0153ur, projet dont il n\u2019a jamais cess\u00e9 d\u2019\u0153uvrer pour sa r\u00e9alisation et pour lequel il n\u2019a jamais l\u00e9sin\u00e9 sur les moyen en vue de sa r\u00e9ussite.<\/p>\n<p>&nbsp;<\/p>\n<p>Je voudrais conclure en disant tout simplement qu\u2019en tant que charg\u00e9e de la cat\u00e9ch\u00e8se au niveau du Dioc\u00e8se et apr\u00e8s ces quelques exp\u00e9riences dans le domaine de la formation, des cat\u00e9chistes et des Animateurs Pastoraux, notre constat est que les la\u00efcs ont besoin d\u2019\u00eatre form\u00e9 sur le plan Biblique, Spirituel, Pastoral et liturgique. L\u2019Eglise doit intensifier les formations des la\u00efcs dans tous les domaines. Leurs donner les outils n\u00e9cessaires surtout en ces moments d\u2019ins\u00e9curit\u00e9 ou les Agents pastoraux ne peuvent plus se rendre dans certaines localit\u00e9s. Les la\u00efcs doivent \u00eatre \u00e0 mesure de continuer l\u2019annonce de la Bonne Nouvelle du Christ partout o\u00f9 ils sont.<\/p>\n<p>&nbsp;<\/p>\n<p>&nbsp;<\/p>\n<p>Mme Colette ABALOVI<\/p>\n<p>Responsable dioc\u00e9saine de la Cat\u00e9ch\u00e8se<\/p>\n<p><img loading=\"lazy\" decoding=\"async\" class=\"alignnone size-medium wp-image-492\" src=\"http:\/\/eglisecatholiqueniger.org\/wp\/wp-content\/uploads\/2022\/03\/WhatsApp-Image-2022-03-21-at-12.04.21-300x225.jpeg\" alt=\"\" width=\"300\" height=\"225\" srcset=\"https:\/\/eglisecatholiqueniger.org\/wp-content\/uploads\/2022\/03\/WhatsApp-Image-2022-03-21-at-12.04.21-300x225.jpeg 300w, https:\/\/eglisecatholiqueniger.org\/wp-content\/uploads\/2022\/03\/WhatsApp-Image-2022-03-21-at-12.04.21-768x576.jpeg 768w, https:\/\/eglisecatholiqueniger.org\/wp-content\/uploads\/2022\/03\/WhatsApp-Image-2022-03-21-at-12.04.21.jpeg 1000w\" sizes=\"auto, (max-width: 300px) 100vw, 300px\" \/> <img loading=\"lazy\" decoding=\"async\" class=\"alignnone size-medium wp-image-491\" src=\"http:\/\/eglisecatholiqueniger.org\/wp\/wp-content\/uploads\/2022\/03\/WhatsApp-Image-2022-03-21-at-12.04.19-300x225.jpeg\" alt=\"\" width=\"300\" height=\"225\" srcset=\"https:\/\/eglisecatholiqueniger.org\/wp-content\/uploads\/2022\/03\/WhatsApp-Image-2022-03-21-at-12.04.19-300x225.jpeg 300w, https:\/\/eglisecatholiqueniger.org\/wp-content\/uploads\/2022\/03\/WhatsApp-Image-2022-03-21-at-12.04.19-768x576.jpeg 768w, https:\/\/eglisecatholiqueniger.org\/wp-content\/uploads\/2022\/03\/WhatsApp-Image-2022-03-21-at-12.04.19.jpeg 1000w\" sizes=\"auto, (max-width: 300px) 100vw, 300px\" \/> <img loading=\"lazy\" decoding=\"async\" class=\"alignnone size-medium wp-image-490\" src=\"http:\/\/eglisecatholiqueniger.org\/wp\/wp-content\/uploads\/2022\/03\/WhatsApp-Image-2022-03-21-at-12.04.17-300x225.jpeg\" alt=\"\" width=\"300\" height=\"225\" srcset=\"https:\/\/eglisecatholiqueniger.org\/wp-content\/uploads\/2022\/03\/WhatsApp-Image-2022-03-21-at-12.04.17-300x225.jpeg 300w, https:\/\/eglisecatholiqueniger.org\/wp-content\/uploads\/2022\/03\/WhatsApp-Image-2022-03-21-at-12.04.17-768x576.jpeg 768w, https:\/\/eglisecatholiqueniger.org\/wp-content\/uploads\/2022\/03\/WhatsApp-Image-2022-03-21-at-12.04.17.jpeg 1000w\" sizes=\"auto, (max-width: 300px) 100vw, 300px\" \/> <img loading=\"lazy\" decoding=\"async\" class=\"alignnone size-medium wp-image-489\" src=\"http:\/\/eglisecatholiqueniger.org\/wp\/wp-content\/uploads\/2022\/03\/WhatsApp-Image-2022-03-21-at-12.04.13-300x225.jpeg\" alt=\"\" width=\"300\" height=\"225\" srcset=\"https:\/\/eglisecatholiqueniger.org\/wp-content\/uploads\/2022\/03\/WhatsApp-Image-2022-03-21-at-12.04.13-300x225.jpeg 300w, https:\/\/eglisecatholiqueniger.org\/wp-content\/uploads\/2022\/03\/WhatsApp-Image-2022-03-21-at-12.04.13-768x576.jpeg 768w, https:\/\/eglisecatholiqueniger.org\/wp-content\/uploads\/2022\/03\/WhatsApp-Image-2022-03-21-at-12.04.13.jpeg 1000w\" sizes=\"auto, (max-width: 300px) 100vw, 300px\" \/><\/p>\n","protected":false},"excerpt":{"rendered":"<p>La troisi\u00e8me session de recyclage \u00a0des animateurs pastoraux du secteur Ouest\u00a0 s\u2019est tenue du 06 au 12 mars au Centre de Silo\u00e9 \u00e0 Niamey. Les Animateurs pastoraux qui ont pris &#8230;<\/p>\n","protected":false},"author":1,"featured_media":490,"comment_status":"open","ping_status":"open","sticky":false,"template":"","format":"standard","meta":{"footnotes":""},"categories":[1],"tags":[],"class_list":["post-488","post","type-post","status-publish","format-standard","has-post-thumbnail","category-non-classe"],"_links":{"self":[{"href":"https:\/\/eglisecatholiqueniger.org\/index.php\/wp-json\/wp\/v2\/posts\/488","targetHints":{"allow":["GET"]}}],"collection":[{"href":"https:\/\/eglisecatholiqueniger.org\/index.php\/wp-json\/wp\/v2\/posts"}],"about":[{"href":"https:\/\/eglisecatholiqueniger.org\/index.php\/wp-json\/wp\/v2\/types\/post"}],"author":[{"embeddable":true,"href":"https:\/\/eglisecatholiqueniger.org\/index.php\/wp-json\/wp\/v2\/users\/1"}],"replies":[{"embeddable":true,"href":"https:\/\/eglisecatholiqueniger.org\/index.php\/wp-json\/wp\/v2\/comments?post=488"}],"version-history":[{"count":1,"href":"https:\/\/eglisecatholiqueniger.org\/index.php\/wp-json\/wp\/v2\/posts\/488\/revisions"}],"predecessor-version":[{"id":493,"href":"https:\/\/eglisecatholiqueniger.org\/index.php\/wp-json\/wp\/v2\/posts\/488\/revisions\/493"}],"wp:featuredmedia":[{"embeddable":true,"href":"https:\/\/eglisecatholiqueniger.org\/index.php\/wp-json\/wp\/v2\/media\/490"}],"wp:attachment":[{"href":"https:\/\/eglisecatholiqueniger.org\/index.php\/wp-json\/wp\/v2\/media?parent=488"}],"wp:term":[{"taxonomy":"category","embeddable":true,"href":"https:\/\/eglisecatholiqueniger.org\/index.php\/wp-json\/wp\/v2\/categories?post=488"},{"taxonomy":"post_tag","embeddable":true,"href":"https:\/\/eglisecatholiqueniger.org\/index.php\/wp-json\/wp\/v2\/tags?post=488"}],"curies":[{"name":"wp","href":"https:\/\/api.w.org\/{rel}","templated":true}]}}