{"id":502,"date":"2022-04-01T20:23:01","date_gmt":"2022-04-01T18:23:01","guid":{"rendered":"http:\/\/eglisecatholiqueniger.org\/?p=502"},"modified":"2022-04-02T11:26:07","modified_gmt":"2022-04-02T09:26:07","slug":"rencontre-du-presbyterium-2022","status":"publish","type":"post","link":"https:\/\/eglisecatholiqueniger.org\/index.php\/2022\/04\/01\/rencontre-du-presbyterium-2022\/","title":{"rendered":"Rencontre du presbyterium 2022"},"content":{"rendered":"<p><img loading=\"lazy\" decoding=\"async\" class=\"alignnone size-medium wp-image-501\" src=\"http:\/\/eglisecatholiqueniger.org\/wp-content\/uploads\/2022\/04\/PRESBYTERIUM-2022-2-300x200.jpg\" alt=\"\" width=\"300\" height=\"200\" srcset=\"https:\/\/eglisecatholiqueniger.org\/wp-content\/uploads\/2022\/04\/PRESBYTERIUM-2022-2-300x200.jpg 300w, https:\/\/eglisecatholiqueniger.org\/wp-content\/uploads\/2022\/04\/PRESBYTERIUM-2022-2-1024x683.jpg 1024w, https:\/\/eglisecatholiqueniger.org\/wp-content\/uploads\/2022\/04\/PRESBYTERIUM-2022-2-768x512.jpg 768w, https:\/\/eglisecatholiqueniger.org\/wp-content\/uploads\/2022\/04\/PRESBYTERIUM-2022-2-1536x1024.jpg 1536w, https:\/\/eglisecatholiqueniger.org\/wp-content\/uploads\/2022\/04\/PRESBYTERIUM-2022-2-2048x1366.jpg 2048w, https:\/\/eglisecatholiqueniger.org\/wp-content\/uploads\/2022\/04\/PRESBYTERIUM-2022-2-274x183.jpg 274w, https:\/\/eglisecatholiqueniger.org\/wp-content\/uploads\/2022\/04\/PRESBYTERIUM-2022-2-80x54.jpg 80w, https:\/\/eglisecatholiqueniger.org\/wp-content\/uploads\/2022\/04\/PRESBYTERIUM-2022-2-130x87.jpg 130w, https:\/\/eglisecatholiqueniger.org\/wp-content\/uploads\/2022\/04\/PRESBYTERIUM-2022-2-359x240.jpg 359w, https:\/\/eglisecatholiqueniger.org\/wp-content\/uploads\/2022\/04\/PRESBYTERIUM-2022-2-85x57.jpg 85w, https:\/\/eglisecatholiqueniger.org\/wp-content\/uploads\/2022\/04\/PRESBYTERIUM-2022-2-546x365.jpg 546w, https:\/\/eglisecatholiqueniger.org\/wp-content\/uploads\/2022\/04\/PRESBYTERIUM-2022-2-165x109.jpg 165w, https:\/\/eglisecatholiqueniger.org\/wp-content\/uploads\/2022\/04\/PRESBYTERIUM-2022-2-347x233.jpg 347w, https:\/\/eglisecatholiqueniger.org\/wp-content\/uploads\/2022\/04\/PRESBYTERIUM-2022-2-112x75.jpg 112w, https:\/\/eglisecatholiqueniger.org\/wp-content\/uploads\/2022\/04\/PRESBYTERIUM-2022-2-179x120.jpg 179w, https:\/\/eglisecatholiqueniger.org\/wp-content\/uploads\/2022\/04\/PRESBYTERIUM-2022-2-170x113.jpg 170w, https:\/\/eglisecatholiqueniger.org\/wp-content\/uploads\/2022\/04\/PRESBYTERIUM-2022-2-81x55.jpg 81w, https:\/\/eglisecatholiqueniger.org\/wp-content\/uploads\/2022\/04\/PRESBYTERIUM-2022-2-765x510.jpg 765w\" sizes=\"auto, (max-width: 300px) 100vw, 300px\" \/><img loading=\"lazy\" decoding=\"async\" class=\"alignnone size-medium wp-image-500\" src=\"http:\/\/eglisecatholiqueniger.org\/wp-content\/uploads\/2022\/04\/PRESBYTERIUM-2022-3-300x200.jpg\" alt=\"\" width=\"300\" height=\"200\" srcset=\"https:\/\/eglisecatholiqueniger.org\/wp-content\/uploads\/2022\/04\/PRESBYTERIUM-2022-3-300x200.jpg 300w, https:\/\/eglisecatholiqueniger.org\/wp-content\/uploads\/2022\/04\/PRESBYTERIUM-2022-3-1024x683.jpg 1024w, https:\/\/eglisecatholiqueniger.org\/wp-content\/uploads\/2022\/04\/PRESBYTERIUM-2022-3-768x512.jpg 768w, https:\/\/eglisecatholiqueniger.org\/wp-content\/uploads\/2022\/04\/PRESBYTERIUM-2022-3-1536x1025.jpg 1536w, https:\/\/eglisecatholiqueniger.org\/wp-content\/uploads\/2022\/04\/PRESBYTERIUM-2022-3-2048x1367.jpg 2048w, https:\/\/eglisecatholiqueniger.org\/wp-content\/uploads\/2022\/04\/PRESBYTERIUM-2022-3-274x183.jpg 274w, https:\/\/eglisecatholiqueniger.org\/wp-content\/uploads\/2022\/04\/PRESBYTERIUM-2022-3-80x54.jpg 80w, https:\/\/eglisecatholiqueniger.org\/wp-content\/uploads\/2022\/04\/PRESBYTERIUM-2022-3-130x87.jpg 130w, https:\/\/eglisecatholiqueniger.org\/wp-content\/uploads\/2022\/04\/PRESBYTERIUM-2022-3-359x240.jpg 359w, https:\/\/eglisecatholiqueniger.org\/wp-content\/uploads\/2022\/04\/PRESBYTERIUM-2022-3-85x57.jpg 85w, https:\/\/eglisecatholiqueniger.org\/wp-content\/uploads\/2022\/04\/PRESBYTERIUM-2022-3-546x365.jpg 546w, https:\/\/eglisecatholiqueniger.org\/wp-content\/uploads\/2022\/04\/PRESBYTERIUM-2022-3-165x109.jpg 165w, https:\/\/eglisecatholiqueniger.org\/wp-content\/uploads\/2022\/04\/PRESBYTERIUM-2022-3-347x233.jpg 347w, https:\/\/eglisecatholiqueniger.org\/wp-content\/uploads\/2022\/04\/PRESBYTERIUM-2022-3-112x75.jpg 112w, https:\/\/eglisecatholiqueniger.org\/wp-content\/uploads\/2022\/04\/PRESBYTERIUM-2022-3-179x120.jpg 179w, https:\/\/eglisecatholiqueniger.org\/wp-content\/uploads\/2022\/04\/PRESBYTERIUM-2022-3-170x113.jpg 170w, https:\/\/eglisecatholiqueniger.org\/wp-content\/uploads\/2022\/04\/PRESBYTERIUM-2022-3-81x55.jpg 81w, https:\/\/eglisecatholiqueniger.org\/wp-content\/uploads\/2022\/04\/PRESBYTERIUM-2022-3-765x510.jpg 765w\" sizes=\"auto, (max-width: 300px) 100vw, 300px\" \/><\/p>\n<p>&nbsp;<\/p>\n<p>R\u00e9unis \u00e0 Silo\u00e9 pour leur traditionnelle rencontre du presbyterium, les pr\u00eatres de l\u2019Archidioc\u00e8se de Niamey ont pri\u00e9, r\u00e9fl\u00e9chi et \u00e9chang\u00e9 autour du th\u00e8me\u00a0: <strong><em>\u00ab\u00a0La pastorale en contexte d\u2019ins\u00e9curit\u00e9\u00a0\u00bb.<\/em><\/strong><\/p>\n<p>Dans son mot d\u2019ouverture, le 30 mars 2022, l\u2019Archev\u00eaque de Niamey a remerci\u00e9 les pr\u00eatres pour les sacrifices consentis pour la mission, avant de rappeler l\u2019importance de la formation des la\u00efcs, et la collaboration entre pr\u00eatres et la\u00efcs pour la suite de la mission au Niger.<\/p>\n<p><img loading=\"lazy\" decoding=\"async\" class=\"size-medium wp-image-499 aligncenter\" src=\"http:\/\/eglisecatholiqueniger.org\/wp-content\/uploads\/2022\/04\/PRESBYTERIUM-2022-1-300x200.jpg\" alt=\"\" width=\"300\" height=\"200\" srcset=\"https:\/\/eglisecatholiqueniger.org\/wp-content\/uploads\/2022\/04\/PRESBYTERIUM-2022-1-300x200.jpg 300w, https:\/\/eglisecatholiqueniger.org\/wp-content\/uploads\/2022\/04\/PRESBYTERIUM-2022-1-1024x683.jpg 1024w, https:\/\/eglisecatholiqueniger.org\/wp-content\/uploads\/2022\/04\/PRESBYTERIUM-2022-1-768x512.jpg 768w, https:\/\/eglisecatholiqueniger.org\/wp-content\/uploads\/2022\/04\/PRESBYTERIUM-2022-1-1536x1025.jpg 1536w, https:\/\/eglisecatholiqueniger.org\/wp-content\/uploads\/2022\/04\/PRESBYTERIUM-2022-1-2048x1367.jpg 2048w, https:\/\/eglisecatholiqueniger.org\/wp-content\/uploads\/2022\/04\/PRESBYTERIUM-2022-1-274x183.jpg 274w, https:\/\/eglisecatholiqueniger.org\/wp-content\/uploads\/2022\/04\/PRESBYTERIUM-2022-1-80x54.jpg 80w, https:\/\/eglisecatholiqueniger.org\/wp-content\/uploads\/2022\/04\/PRESBYTERIUM-2022-1-130x87.jpg 130w, https:\/\/eglisecatholiqueniger.org\/wp-content\/uploads\/2022\/04\/PRESBYTERIUM-2022-1-359x240.jpg 359w, https:\/\/eglisecatholiqueniger.org\/wp-content\/uploads\/2022\/04\/PRESBYTERIUM-2022-1-85x57.jpg 85w, https:\/\/eglisecatholiqueniger.org\/wp-content\/uploads\/2022\/04\/PRESBYTERIUM-2022-1-546x365.jpg 546w, https:\/\/eglisecatholiqueniger.org\/wp-content\/uploads\/2022\/04\/PRESBYTERIUM-2022-1-165x109.jpg 165w, https:\/\/eglisecatholiqueniger.org\/wp-content\/uploads\/2022\/04\/PRESBYTERIUM-2022-1-347x233.jpg 347w, https:\/\/eglisecatholiqueniger.org\/wp-content\/uploads\/2022\/04\/PRESBYTERIUM-2022-1-112x75.jpg 112w, https:\/\/eglisecatholiqueniger.org\/wp-content\/uploads\/2022\/04\/PRESBYTERIUM-2022-1-179x120.jpg 179w, https:\/\/eglisecatholiqueniger.org\/wp-content\/uploads\/2022\/04\/PRESBYTERIUM-2022-1-170x113.jpg 170w, https:\/\/eglisecatholiqueniger.org\/wp-content\/uploads\/2022\/04\/PRESBYTERIUM-2022-1-81x55.jpg 81w, https:\/\/eglisecatholiqueniger.org\/wp-content\/uploads\/2022\/04\/PRESBYTERIUM-2022-1-765x510.jpg 765w\" sizes=\"auto, (max-width: 300px) 100vw, 300px\" \/><\/p>\n<p>Apr\u00e8s cela, les vingt-huit (28) pr\u00eatres r\u00e9unis autour de leur \u00e9v\u00eaque se sont mis au travail. Ils ont \u00e9cout\u00e9 une conf\u00e9rence sur les \u00ab\u00a0causes du terrorisme\u00a0\u00bb\u00a0; puis le compte-rendu du forum tenu \u00e0 Ouagadougou sur \u00ab\u00a0la pastorale en contexte d\u2019ins\u00e9curit\u00e9\u00a0\u00bb. Apr\u00e8s un temps d\u2019\u00e9changes, les pr\u00eatres ont aussi eu droit \u00e0 \u00ab\u00a0un zoom sur l\u2019\u00e9ducation catholique au Niger et les activit\u00e9s de la Caritas-D\u00e9veloppement Niger (CADEV-Niger)\u00a0\u00bb. Afin d\u2019offrir leurs personnes et leurs diverses activit\u00e9s au Seigneur, Ma\u00eetre de la Mission, l\u2019\u00e9v\u00eaque et ses fr\u00e8res pr\u00eatres ont v\u00e9cu une recollection, le jeudi 31 mars, autour du th\u00e8me des \u00ab\u00a0B\u00e9atitudes\u00a0\u00bb.<\/p>\n<p><img loading=\"lazy\" decoding=\"async\" class=\"alignnone size-medium wp-image-497\" src=\"http:\/\/eglisecatholiqueniger.org\/wp-content\/uploads\/2022\/04\/PRESBYTERIUM-2022-5-300x200.jpg\" alt=\"\" width=\"300\" height=\"200\" srcset=\"https:\/\/eglisecatholiqueniger.org\/wp-content\/uploads\/2022\/04\/PRESBYTERIUM-2022-5-300x200.jpg 300w, https:\/\/eglisecatholiqueniger.org\/wp-content\/uploads\/2022\/04\/PRESBYTERIUM-2022-5-1024x683.jpg 1024w, https:\/\/eglisecatholiqueniger.org\/wp-content\/uploads\/2022\/04\/PRESBYTERIUM-2022-5-768x512.jpg 768w, https:\/\/eglisecatholiqueniger.org\/wp-content\/uploads\/2022\/04\/PRESBYTERIUM-2022-5-1536x1025.jpg 1536w, https:\/\/eglisecatholiqueniger.org\/wp-content\/uploads\/2022\/04\/PRESBYTERIUM-2022-5-2048x1367.jpg 2048w, https:\/\/eglisecatholiqueniger.org\/wp-content\/uploads\/2022\/04\/PRESBYTERIUM-2022-5-274x183.jpg 274w, https:\/\/eglisecatholiqueniger.org\/wp-content\/uploads\/2022\/04\/PRESBYTERIUM-2022-5-80x54.jpg 80w, https:\/\/eglisecatholiqueniger.org\/wp-content\/uploads\/2022\/04\/PRESBYTERIUM-2022-5-130x87.jpg 130w, https:\/\/eglisecatholiqueniger.org\/wp-content\/uploads\/2022\/04\/PRESBYTERIUM-2022-5-359x240.jpg 359w, https:\/\/eglisecatholiqueniger.org\/wp-content\/uploads\/2022\/04\/PRESBYTERIUM-2022-5-85x57.jpg 85w, https:\/\/eglisecatholiqueniger.org\/wp-content\/uploads\/2022\/04\/PRESBYTERIUM-2022-5-546x365.jpg 546w, https:\/\/eglisecatholiqueniger.org\/wp-content\/uploads\/2022\/04\/PRESBYTERIUM-2022-5-165x109.jpg 165w, https:\/\/eglisecatholiqueniger.org\/wp-content\/uploads\/2022\/04\/PRESBYTERIUM-2022-5-347x233.jpg 347w, https:\/\/eglisecatholiqueniger.org\/wp-content\/uploads\/2022\/04\/PRESBYTERIUM-2022-5-112x75.jpg 112w, https:\/\/eglisecatholiqueniger.org\/wp-content\/uploads\/2022\/04\/PRESBYTERIUM-2022-5-179x120.jpg 179w, https:\/\/eglisecatholiqueniger.org\/wp-content\/uploads\/2022\/04\/PRESBYTERIUM-2022-5-170x113.jpg 170w, https:\/\/eglisecatholiqueniger.org\/wp-content\/uploads\/2022\/04\/PRESBYTERIUM-2022-5-81x55.jpg 81w, https:\/\/eglisecatholiqueniger.org\/wp-content\/uploads\/2022\/04\/PRESBYTERIUM-2022-5-765x510.jpg 765w\" sizes=\"auto, (max-width: 300px) 100vw, 300px\" \/>La rencontre a \u00e9t\u00e9 cl\u00f4tur\u00e9e le soir du jeudi par la messe chrismale, c\u00e9l\u00e9br\u00e9e \u00e0 la Cath\u00e9drale de Niamey et pr\u00e9sid\u00e9e par Mgr Laurent. Au cours de cette messe, l\u2019Archev\u00eaque a b\u00e9ni les Saintes huiles (huile des malades, huile des cat\u00e9chum\u00e8nes et saint chr\u00eame) qui serviront pour les sacrements jusqu\u2019\u00e0 l\u2019ann\u00e9e prochaine, et les pr\u00eatres ont renouvel\u00e9 leurs promesses sacerdotales. Dans son hom\u00e9lie, Mgr Laurent a de nouveau remerci\u00e9 vivement les pr\u00eatres pour tous les services rendus \u00e0 l\u2019Eglise et au Peuple Nig\u00e9rien. Saisissant l\u2019occasion, il a invit\u00e9 les fid\u00e8les chr\u00e9tiens \u00e0 prier \u00ab\u00a0pour leurs pr\u00eatres et \u00e0 les soutenir\u00a0\u00bb, avant d\u2019exhorter les pr\u00eatres eux-m\u00eames \u00e0 imiter le Christ qui a accompli la mission, \u00e0 lui confi\u00e9e par le P\u00e8re, dans l\u2019amour et le d\u00e9sint\u00e9ressement total.<\/p>\n<p>La messe s\u2019est achev\u00e9e dans une ambiance joyeuse.<\/p>\n<p><img loading=\"lazy\" decoding=\"async\" class=\"alignnone size-medium wp-image-498\" src=\"http:\/\/eglisecatholiqueniger.org\/wp-content\/uploads\/2022\/04\/PRESBYTERIUM-2022-4-300x200.jpg\" alt=\"\" width=\"300\" height=\"200\" srcset=\"https:\/\/eglisecatholiqueniger.org\/wp-content\/uploads\/2022\/04\/PRESBYTERIUM-2022-4-300x200.jpg 300w, https:\/\/eglisecatholiqueniger.org\/wp-content\/uploads\/2022\/04\/PRESBYTERIUM-2022-4-1024x683.jpg 1024w, https:\/\/eglisecatholiqueniger.org\/wp-content\/uploads\/2022\/04\/PRESBYTERIUM-2022-4-768x512.jpg 768w, https:\/\/eglisecatholiqueniger.org\/wp-content\/uploads\/2022\/04\/PRESBYTERIUM-2022-4-1536x1025.jpg 1536w, https:\/\/eglisecatholiqueniger.org\/wp-content\/uploads\/2022\/04\/PRESBYTERIUM-2022-4-2048x1367.jpg 2048w, https:\/\/eglisecatholiqueniger.org\/wp-content\/uploads\/2022\/04\/PRESBYTERIUM-2022-4-274x183.jpg 274w, https:\/\/eglisecatholiqueniger.org\/wp-content\/uploads\/2022\/04\/PRESBYTERIUM-2022-4-80x54.jpg 80w, https:\/\/eglisecatholiqueniger.org\/wp-content\/uploads\/2022\/04\/PRESBYTERIUM-2022-4-130x87.jpg 130w, https:\/\/eglisecatholiqueniger.org\/wp-content\/uploads\/2022\/04\/PRESBYTERIUM-2022-4-359x240.jpg 359w, https:\/\/eglisecatholiqueniger.org\/wp-content\/uploads\/2022\/04\/PRESBYTERIUM-2022-4-85x57.jpg 85w, https:\/\/eglisecatholiqueniger.org\/wp-content\/uploads\/2022\/04\/PRESBYTERIUM-2022-4-546x365.jpg 546w, https:\/\/eglisecatholiqueniger.org\/wp-content\/uploads\/2022\/04\/PRESBYTERIUM-2022-4-165x109.jpg 165w, https:\/\/eglisecatholiqueniger.org\/wp-content\/uploads\/2022\/04\/PRESBYTERIUM-2022-4-347x233.jpg 347w, https:\/\/eglisecatholiqueniger.org\/wp-content\/uploads\/2022\/04\/PRESBYTERIUM-2022-4-112x75.jpg 112w, https:\/\/eglisecatholiqueniger.org\/wp-content\/uploads\/2022\/04\/PRESBYTERIUM-2022-4-179x120.jpg 179w, https:\/\/eglisecatholiqueniger.org\/wp-content\/uploads\/2022\/04\/PRESBYTERIUM-2022-4-170x113.jpg 170w, https:\/\/eglisecatholiqueniger.org\/wp-content\/uploads\/2022\/04\/PRESBYTERIUM-2022-4-81x55.jpg 81w, https:\/\/eglisecatholiqueniger.org\/wp-content\/uploads\/2022\/04\/PRESBYTERIUM-2022-4-765x510.jpg 765w\" sizes=\"auto, (max-width: 300px) 100vw, 300px\" \/><\/p>\n","protected":false},"excerpt":{"rendered":"<p>&nbsp; R\u00e9unis \u00e0 Silo\u00e9 pour leur traditionnelle rencontre du presbyterium, les pr\u00eatres de l\u2019Archidioc\u00e8se de Niamey ont pri\u00e9, r\u00e9fl\u00e9chi et \u00e9chang\u00e9 autour du th\u00e8me\u00a0: \u00ab\u00a0La pastorale en contexte d\u2019ins\u00e9curit\u00e9\u00a0\u00bb. Dans &#8230;<\/p>\n","protected":false},"author":1,"featured_media":501,"comment_status":"open","ping_status":"open","sticky":false,"template":"","format":"standard","meta":{"footnotes":""},"categories":[1],"tags":[],"class_list":["post-502","post","type-post","status-publish","format-standard","has-post-thumbnail","category-non-classe"],"_links":{"self":[{"href":"https:\/\/eglisecatholiqueniger.org\/index.php\/wp-json\/wp\/v2\/posts\/502","targetHints":{"allow":["GET"]}}],"collection":[{"href":"https:\/\/eglisecatholiqueniger.org\/index.php\/wp-json\/wp\/v2\/posts"}],"about":[{"href":"https:\/\/eglisecatholiqueniger.org\/index.php\/wp-json\/wp\/v2\/types\/post"}],"author":[{"embeddable":true,"href":"https:\/\/eglisecatholiqueniger.org\/index.php\/wp-json\/wp\/v2\/users\/1"}],"replies":[{"embeddable":true,"href":"https:\/\/eglisecatholiqueniger.org\/index.php\/wp-json\/wp\/v2\/comments?post=502"}],"version-history":[{"count":3,"href":"https:\/\/eglisecatholiqueniger.org\/index.php\/wp-json\/wp\/v2\/posts\/502\/revisions"}],"predecessor-version":[{"id":505,"href":"https:\/\/eglisecatholiqueniger.org\/index.php\/wp-json\/wp\/v2\/posts\/502\/revisions\/505"}],"wp:featuredmedia":[{"embeddable":true,"href":"https:\/\/eglisecatholiqueniger.org\/index.php\/wp-json\/wp\/v2\/media\/501"}],"wp:attachment":[{"href":"https:\/\/eglisecatholiqueniger.org\/index.php\/wp-json\/wp\/v2\/media?parent=502"}],"wp:term":[{"taxonomy":"category","embeddable":true,"href":"https:\/\/eglisecatholiqueniger.org\/index.php\/wp-json\/wp\/v2\/categories?post=502"},{"taxonomy":"post_tag","embeddable":true,"href":"https:\/\/eglisecatholiqueniger.org\/index.php\/wp-json\/wp\/v2\/tags?post=502"}],"curies":[{"name":"wp","href":"https:\/\/api.w.org\/{rel}","templated":true}]}}