{"id":507,"date":"2022-04-18T08:41:24","date_gmt":"2022-04-18T06:41:24","guid":{"rendered":"https:\/\/eglisecatholiqueniger.org\/?p=507"},"modified":"2022-04-18T08:41:24","modified_gmt":"2022-04-18T06:41:24","slug":"le-dimanche-des-rameaux-a-saint-michel-de-niamey","status":"publish","type":"post","link":"https:\/\/eglisecatholiqueniger.org\/index.php\/2022\/04\/18\/le-dimanche-des-rameaux-a-saint-michel-de-niamey\/","title":{"rendered":"Le Dimanche des Rameaux \u00e0 saint Michel de Niamey"},"content":{"rendered":"<p><img loading=\"lazy\" decoding=\"async\" class=\"alignnone size-medium wp-image-509\" src=\"http:\/\/eglisecatholiqueniger.org\/wp-content\/uploads\/2022\/04\/WhatsApp-Image-2022-04-17-at-08.15.06-300x300.jpeg\" alt=\"\" width=\"300\" height=\"300\" srcset=\"https:\/\/eglisecatholiqueniger.org\/wp-content\/uploads\/2022\/04\/WhatsApp-Image-2022-04-17-at-08.15.06-300x300.jpeg 300w, https:\/\/eglisecatholiqueniger.org\/wp-content\/uploads\/2022\/04\/WhatsApp-Image-2022-04-17-at-08.15.06-1024x1024.jpeg 1024w, https:\/\/eglisecatholiqueniger.org\/wp-content\/uploads\/2022\/04\/WhatsApp-Image-2022-04-17-at-08.15.06-150x150.jpeg 150w, https:\/\/eglisecatholiqueniger.org\/wp-content\/uploads\/2022\/04\/WhatsApp-Image-2022-04-17-at-08.15.06-768x768.jpeg 768w, https:\/\/eglisecatholiqueniger.org\/wp-content\/uploads\/2022\/04\/WhatsApp-Image-2022-04-17-at-08.15.06-36x36.jpeg 36w, https:\/\/eglisecatholiqueniger.org\/wp-content\/uploads\/2022\/04\/WhatsApp-Image-2022-04-17-at-08.15.06.jpeg 1080w\" sizes=\"auto, (max-width: 300px) 100vw, 300px\" \/>Les catholiques du monde entier ont c\u00e9l\u00e9br\u00e9 ce 10 avril 2022, le dimanche des rameaux et de la passion J\u00e9sus-Christ. Ceux de l\u2019archidioc\u00e8se Niamey n\u2019ont pas manqu\u00e9 \u00e0 la tradition. C\u2019est ainsi que les fid\u00e8les de la paroisse Saint Michel de l\u2019A\u00e9roport sont heureux d\u2019accueillir Monseigneur Laurent LOMPO, l\u2019Archev\u00eaque de Niamey, pour la cette solennit\u00e9.<\/p>\n<p>Ce jour sacr\u00e9 pour les chr\u00e9tiens, comm\u00e9more l\u2019arriv\u00e9e de J\u00e9sus \u00e0 J\u00e9rusalem et marque l\u2019entr\u00e9e dans la semaine sainte de P\u00e2ques. C\u2019est aussi la derni\u00e8re partie du car\u00eame.<\/p>\n<p>Apr\u00e8s la messe, chaque chr\u00e9tien emporte les rameaux b\u00e9nis chez soi pour d\u00e9corer sa maison.<\/p>\n","protected":false},"excerpt":{"rendered":"<p>Les catholiques du monde entier ont c\u00e9l\u00e9br\u00e9 ce 10 avril 2022, le dimanche des rameaux et de la passion J\u00e9sus-Christ. Ceux de l\u2019archidioc\u00e8se Niamey n\u2019ont pas manqu\u00e9 \u00e0 la tradition. &#8230;<\/p>\n","protected":false},"author":1,"featured_media":510,"comment_status":"open","ping_status":"open","sticky":false,"template":"","format":"standard","meta":{"footnotes":""},"categories":[1],"tags":[],"class_list":["post-507","post","type-post","status-publish","format-standard","has-post-thumbnail","category-non-classe"],"_links":{"self":[{"href":"https:\/\/eglisecatholiqueniger.org\/index.php\/wp-json\/wp\/v2\/posts\/507","targetHints":{"allow":["GET"]}}],"collection":[{"href":"https:\/\/eglisecatholiqueniger.org\/index.php\/wp-json\/wp\/v2\/posts"}],"about":[{"href":"https:\/\/eglisecatholiqueniger.org\/index.php\/wp-json\/wp\/v2\/types\/post"}],"author":[{"embeddable":true,"href":"https:\/\/eglisecatholiqueniger.org\/index.php\/wp-json\/wp\/v2\/users\/1"}],"replies":[{"embeddable":true,"href":"https:\/\/eglisecatholiqueniger.org\/index.php\/wp-json\/wp\/v2\/comments?post=507"}],"version-history":[{"count":1,"href":"https:\/\/eglisecatholiqueniger.org\/index.php\/wp-json\/wp\/v2\/posts\/507\/revisions"}],"predecessor-version":[{"id":511,"href":"https:\/\/eglisecatholiqueniger.org\/index.php\/wp-json\/wp\/v2\/posts\/507\/revisions\/511"}],"wp:featuredmedia":[{"embeddable":true,"href":"https:\/\/eglisecatholiqueniger.org\/index.php\/wp-json\/wp\/v2\/media\/510"}],"wp:attachment":[{"href":"https:\/\/eglisecatholiqueniger.org\/index.php\/wp-json\/wp\/v2\/media?parent=507"}],"wp:term":[{"taxonomy":"category","embeddable":true,"href":"https:\/\/eglisecatholiqueniger.org\/index.php\/wp-json\/wp\/v2\/categories?post=507"},{"taxonomy":"post_tag","embeddable":true,"href":"https:\/\/eglisecatholiqueniger.org\/index.php\/wp-json\/wp\/v2\/tags?post=507"}],"curies":[{"name":"wp","href":"https:\/\/api.w.org\/{rel}","templated":true}]}}