{"id":513,"date":"2022-05-02T11:50:21","date_gmt":"2022-05-02T09:50:21","guid":{"rendered":"https:\/\/eglisecatholiqueniger.org\/?p=513"},"modified":"2022-05-02T11:55:51","modified_gmt":"2022-05-02T09:55:51","slug":"paques-a-niamey","status":"publish","type":"post","link":"https:\/\/eglisecatholiqueniger.org\/index.php\/2022\/05\/02\/paques-a-niamey\/","title":{"rendered":"P\u00e2ques \u00e0 Niamey"},"content":{"rendered":"<p>A l\u2019instar des chr\u00e9tiens du monde entier, la Communaut\u00e9 Catholique du Niger a c\u00e9l\u00e9br\u00e9 la f\u00eate de P\u00e2ques 2022 dans la liesse et la joie.<\/p>\n<p><img loading=\"lazy\" decoding=\"async\" class=\"size-medium wp-image-520 aligncenter\" src=\"http:\/\/eglisecatholiqueniger.org\/wp-content\/uploads\/2022\/05\/PAQUES-Avril-2022-3-300x200.jpg\" alt=\"\" width=\"300\" height=\"200\" srcset=\"https:\/\/eglisecatholiqueniger.org\/wp-content\/uploads\/2022\/05\/PAQUES-Avril-2022-3-300x200.jpg 300w, https:\/\/eglisecatholiqueniger.org\/wp-content\/uploads\/2022\/05\/PAQUES-Avril-2022-3-274x183.jpg 274w, https:\/\/eglisecatholiqueniger.org\/wp-content\/uploads\/2022\/05\/PAQUES-Avril-2022-3-80x54.jpg 80w, https:\/\/eglisecatholiqueniger.org\/wp-content\/uploads\/2022\/05\/PAQUES-Avril-2022-3-130x87.jpg 130w, https:\/\/eglisecatholiqueniger.org\/wp-content\/uploads\/2022\/05\/PAQUES-Avril-2022-3-359x240.jpg 359w, https:\/\/eglisecatholiqueniger.org\/wp-content\/uploads\/2022\/05\/PAQUES-Avril-2022-3-85x57.jpg 85w, https:\/\/eglisecatholiqueniger.org\/wp-content\/uploads\/2022\/05\/PAQUES-Avril-2022-3-546x365.jpg 546w, https:\/\/eglisecatholiqueniger.org\/wp-content\/uploads\/2022\/05\/PAQUES-Avril-2022-3-165x109.jpg 165w, https:\/\/eglisecatholiqueniger.org\/wp-content\/uploads\/2022\/05\/PAQUES-Avril-2022-3-347x233.jpg 347w, https:\/\/eglisecatholiqueniger.org\/wp-content\/uploads\/2022\/05\/PAQUES-Avril-2022-3-112x75.jpg 112w, https:\/\/eglisecatholiqueniger.org\/wp-content\/uploads\/2022\/05\/PAQUES-Avril-2022-3-179x120.jpg 179w, https:\/\/eglisecatholiqueniger.org\/wp-content\/uploads\/2022\/05\/PAQUES-Avril-2022-3-170x113.jpg 170w, https:\/\/eglisecatholiqueniger.org\/wp-content\/uploads\/2022\/05\/PAQUES-Avril-2022-3-81x55.jpg 81w, https:\/\/eglisecatholiqueniger.org\/wp-content\/uploads\/2022\/05\/PAQUES-Avril-2022-3-765x510.jpg 765w, https:\/\/eglisecatholiqueniger.org\/wp-content\/uploads\/2022\/05\/PAQUES-Avril-2022-3.jpg 449w\" sizes=\"auto, (max-width: 300px) 100vw, 300px\" \/><\/p>\n<p>A Niamey, la messe de la Veill\u00e9e pascale, \u00e0 la Cath\u00e9drale, a \u00e9t\u00e9 pr\u00e9sid\u00e9e par l\u2019\u00e9v\u00eaque du lieu, Mgr Laurent LOMPO. Dans son hom\u00e9lie, l\u2019Archev\u00eaque a rappel\u00e9 qu\u2019 \u00ab\u00a0en cette nuit, nous c\u00e9l\u00e9brons toute l\u2019histoire du salut.\u00a0\u00bb Car, malgr\u00e9 le drame du p\u00e9ch\u00e9 qui a rompu notre relation avec Dieu au d\u00e9but de la cr\u00e9ation, Dieu n\u2019a cess\u00e9 de rechercher l\u2019Homme et a fait d\u00e9finitivement alliance avec lui en J\u00e9sus-Christ, mort et ressuscit\u00e9. La quatri\u00e8me pri\u00e8re eucharistique le souligne bien en ces termes\u00a0: <em>\u00ab\u2026\u00a0P\u00e8re tr\u00e8s Saint\u2026 tu as multipli\u00e9 les alliances avec eux (les hommes), tu as tellement aim\u00e9 le monde\u2026 que tu nous as envoy\u00e9 ton propre Fils. Il s\u2019est livr\u00e9 lui-m\u00eame \u00e0 la mort, et par sa r\u00e9surrection, il a d\u00e9truit la mort et renouvel\u00e9 la vie.\u00a0\u00bb<\/em> Ainsi, selon Mgr Laurent, \u00ab\u00a0Dieu nous a cr\u00e9\u00e9s pour le bonheur. Il ne s\u2019est pas arr\u00eat\u00e9 \u00e0 notre d\u00e9sob\u00e9issance. Il ne nous a pas abandonn\u00e9s.\u00a0\u00bb Aussi, sommes-nous \u00ab\u00a0invit\u00e9s \u00e0 accueillir la lumi\u00e8re du Christ, et \u00e0 rejeter les \u0153uvres des t\u00e9n\u00e8bres pour marcher dans la clart\u00e9 du Ressuscit\u00e9\u00a0\u00bb, en renon\u00e7ant \u00ab\u00a0aux \u0153uvres qui viennent des t\u00e9n\u00e8bres, au mal, au p\u00e9ch\u00e9 et \u00e0 tout ce qui y conduit.\u00a0\u00bb L\u2019Ordinaire de Niamey a conclu en formulant le v\u0153u que\u00a0: \u00ab\u00a0la r\u00e9surrection du Christ apporte la paix et la s\u00e9curit\u00e9 dont nous avons tant besoin au Niger en ce moment, et que la r\u00e9surrection du Christ donne aux chr\u00e9tiens isol\u00e9s de notre dioc\u00e8se, \u00e0 cause de l\u2019ins\u00e9curit\u00e9, l\u2019esp\u00e9rance et la ferme conviction de la proximit\u00e9 de Dieu \u00e0 leurs c\u00f4t\u00e9s.\u00a0\u00bb<img loading=\"lazy\" decoding=\"async\" class=\"size-medium wp-image-518 aligncenter\" src=\"http:\/\/eglisecatholiqueniger.org\/wp-content\/uploads\/2022\/05\/PAQUES-Avril-2022-1-300x200.jpg\" alt=\"\" width=\"300\" height=\"200\" srcset=\"https:\/\/eglisecatholiqueniger.org\/wp-content\/uploads\/2022\/05\/PAQUES-Avril-2022-1-300x200.jpg 300w, https:\/\/eglisecatholiqueniger.org\/wp-content\/uploads\/2022\/05\/PAQUES-Avril-2022-1-274x183.jpg 274w, https:\/\/eglisecatholiqueniger.org\/wp-content\/uploads\/2022\/05\/PAQUES-Avril-2022-1-80x54.jpg 80w, https:\/\/eglisecatholiqueniger.org\/wp-content\/uploads\/2022\/05\/PAQUES-Avril-2022-1-130x87.jpg 130w, https:\/\/eglisecatholiqueniger.org\/wp-content\/uploads\/2022\/05\/PAQUES-Avril-2022-1-359x240.jpg 359w, https:\/\/eglisecatholiqueniger.org\/wp-content\/uploads\/2022\/05\/PAQUES-Avril-2022-1-85x57.jpg 85w, https:\/\/eglisecatholiqueniger.org\/wp-content\/uploads\/2022\/05\/PAQUES-Avril-2022-1-546x365.jpg 546w, https:\/\/eglisecatholiqueniger.org\/wp-content\/uploads\/2022\/05\/PAQUES-Avril-2022-1-165x109.jpg 165w, https:\/\/eglisecatholiqueniger.org\/wp-content\/uploads\/2022\/05\/PAQUES-Avril-2022-1-347x233.jpg 347w, https:\/\/eglisecatholiqueniger.org\/wp-content\/uploads\/2022\/05\/PAQUES-Avril-2022-1-112x75.jpg 112w, https:\/\/eglisecatholiqueniger.org\/wp-content\/uploads\/2022\/05\/PAQUES-Avril-2022-1-179x120.jpg 179w, https:\/\/eglisecatholiqueniger.org\/wp-content\/uploads\/2022\/05\/PAQUES-Avril-2022-1-170x113.jpg 170w, https:\/\/eglisecatholiqueniger.org\/wp-content\/uploads\/2022\/05\/PAQUES-Avril-2022-1-81x55.jpg 81w, https:\/\/eglisecatholiqueniger.org\/wp-content\/uploads\/2022\/05\/PAQUES-Avril-2022-1-765x510.jpg 765w, https:\/\/eglisecatholiqueniger.org\/wp-content\/uploads\/2022\/05\/PAQUES-Avril-2022-1.jpg 449w\" sizes=\"auto, (max-width: 300px) 100vw, 300px\" \/><\/p>\n<p>Notons que le dimanche de P\u00e2ques, 17 avril 2022, l\u2019Archev\u00eaque de Niamey s\u2019est rendu \u00e0 la prison civile de Niamey pour apporter le m\u00eame message d\u2019esp\u00e9rance aux d\u00e9tenus.<img loading=\"lazy\" decoding=\"async\" class=\"size-medium wp-image-520 aligncenter\" src=\"http:\/\/eglisecatholiqueniger.org\/wp-content\/uploads\/2022\/05\/PAQUES-Avril-2022-3-300x200.jpg\" alt=\"\" width=\"300\" height=\"200\" srcset=\"https:\/\/eglisecatholiqueniger.org\/wp-content\/uploads\/2022\/05\/PAQUES-Avril-2022-3-300x200.jpg 300w, https:\/\/eglisecatholiqueniger.org\/wp-content\/uploads\/2022\/05\/PAQUES-Avril-2022-3-274x183.jpg 274w, https:\/\/eglisecatholiqueniger.org\/wp-content\/uploads\/2022\/05\/PAQUES-Avril-2022-3-80x54.jpg 80w, https:\/\/eglisecatholiqueniger.org\/wp-content\/uploads\/2022\/05\/PAQUES-Avril-2022-3-130x87.jpg 130w, https:\/\/eglisecatholiqueniger.org\/wp-content\/uploads\/2022\/05\/PAQUES-Avril-2022-3-359x240.jpg 359w, https:\/\/eglisecatholiqueniger.org\/wp-content\/uploads\/2022\/05\/PAQUES-Avril-2022-3-85x57.jpg 85w, https:\/\/eglisecatholiqueniger.org\/wp-content\/uploads\/2022\/05\/PAQUES-Avril-2022-3-546x365.jpg 546w, https:\/\/eglisecatholiqueniger.org\/wp-content\/uploads\/2022\/05\/PAQUES-Avril-2022-3-165x109.jpg 165w, https:\/\/eglisecatholiqueniger.org\/wp-content\/uploads\/2022\/05\/PAQUES-Avril-2022-3-347x233.jpg 347w, https:\/\/eglisecatholiqueniger.org\/wp-content\/uploads\/2022\/05\/PAQUES-Avril-2022-3-112x75.jpg 112w, https:\/\/eglisecatholiqueniger.org\/wp-content\/uploads\/2022\/05\/PAQUES-Avril-2022-3-179x120.jpg 179w, https:\/\/eglisecatholiqueniger.org\/wp-content\/uploads\/2022\/05\/PAQUES-Avril-2022-3-170x113.jpg 170w, https:\/\/eglisecatholiqueniger.org\/wp-content\/uploads\/2022\/05\/PAQUES-Avril-2022-3-81x55.jpg 81w, https:\/\/eglisecatholiqueniger.org\/wp-content\/uploads\/2022\/05\/PAQUES-Avril-2022-3-765x510.jpg 765w, https:\/\/eglisecatholiqueniger.org\/wp-content\/uploads\/2022\/05\/PAQUES-Avril-2022-3.jpg 449w\" sizes=\"auto, (max-width: 300px) 100vw, 300px\" \/><\/p>\n","protected":false},"excerpt":{"rendered":"<p>A l\u2019instar des chr\u00e9tiens du monde entier, la Communaut\u00e9 Catholique du Niger a c\u00e9l\u00e9br\u00e9 la f\u00eate de P\u00e2ques 2022 dans la liesse et la joie. A Niamey, la messe de &#8230;<\/p>\n","protected":false},"author":1,"featured_media":519,"comment_status":"open","ping_status":"open","sticky":false,"template":"","format":"standard","meta":{"footnotes":""},"categories":[1],"tags":[],"class_list":["post-513","post","type-post","status-publish","format-standard","has-post-thumbnail","category-non-classe"],"_links":{"self":[{"href":"https:\/\/eglisecatholiqueniger.org\/index.php\/wp-json\/wp\/v2\/posts\/513","targetHints":{"allow":["GET"]}}],"collection":[{"href":"https:\/\/eglisecatholiqueniger.org\/index.php\/wp-json\/wp\/v2\/posts"}],"about":[{"href":"https:\/\/eglisecatholiqueniger.org\/index.php\/wp-json\/wp\/v2\/types\/post"}],"author":[{"embeddable":true,"href":"https:\/\/eglisecatholiqueniger.org\/index.php\/wp-json\/wp\/v2\/users\/1"}],"replies":[{"embeddable":true,"href":"https:\/\/eglisecatholiqueniger.org\/index.php\/wp-json\/wp\/v2\/comments?post=513"}],"version-history":[{"count":3,"href":"https:\/\/eglisecatholiqueniger.org\/index.php\/wp-json\/wp\/v2\/posts\/513\/revisions"}],"predecessor-version":[{"id":525,"href":"https:\/\/eglisecatholiqueniger.org\/index.php\/wp-json\/wp\/v2\/posts\/513\/revisions\/525"}],"wp:featuredmedia":[{"embeddable":true,"href":"https:\/\/eglisecatholiqueniger.org\/index.php\/wp-json\/wp\/v2\/media\/519"}],"wp:attachment":[{"href":"https:\/\/eglisecatholiqueniger.org\/index.php\/wp-json\/wp\/v2\/media?parent=513"}],"wp:term":[{"taxonomy":"category","embeddable":true,"href":"https:\/\/eglisecatholiqueniger.org\/index.php\/wp-json\/wp\/v2\/categories?post=513"},{"taxonomy":"post_tag","embeddable":true,"href":"https:\/\/eglisecatholiqueniger.org\/index.php\/wp-json\/wp\/v2\/tags?post=513"}],"curies":[{"name":"wp","href":"https:\/\/api.w.org\/{rel}","templated":true}]}}