{"id":522,"date":"2022-05-02T11:53:42","date_gmt":"2022-05-02T09:53:42","guid":{"rendered":"https:\/\/eglisecatholiqueniger.org\/?p=522"},"modified":"2022-05-02T11:53:42","modified_gmt":"2022-05-02T09:53:42","slug":"jubile-dalbatre-de-la-paroisse-saint-gerard-de-dogondoutchi","status":"publish","type":"post","link":"https:\/\/eglisecatholiqueniger.org\/index.php\/2022\/05\/02\/jubile-dalbatre-de-la-paroisse-saint-gerard-de-dogondoutchi\/","title":{"rendered":"Jubil\u00e9 d\u2019Alb\u00e2tre de la paroisse Saint G\u00e9rard de Dogondoutchi"},"content":{"rendered":"<p>La Communaut\u00e9 chr\u00e9tienne de la paroisse Saint G\u00e9rard de Dogondoutchi, \u00e0 environ 300 km de Niamey, a c\u00e9l\u00e9br\u00e9 ses 75 ans d\u2019existence, le dimanche 24 avril 2022. De nombreux fid\u00e8les chr\u00e9tiens, pr\u00eatres, religieux et religieuses de la paroisse, mais aussi des paroisses du Secteur Centre (Niamey), du Secteur Ouest (Makalondi, Torodi, Bomoanga, Kankani), et des fr\u00e8res musulmans, ont pris part \u00e0 ce Jubil\u00e9 d\u2019Alb\u00e2tre.<\/p>\n<p><img loading=\"lazy\" decoding=\"async\" class=\"size-medium wp-image-517 aligncenter\" src=\"http:\/\/eglisecatholiqueniger.org\/wp-content\/uploads\/2022\/05\/DOUTCHI-24-04-2022-01-1-300x200.jpg\" alt=\"\" width=\"300\" height=\"200\" srcset=\"https:\/\/eglisecatholiqueniger.org\/wp-content\/uploads\/2022\/05\/DOUTCHI-24-04-2022-01-1-300x200.jpg 300w, https:\/\/eglisecatholiqueniger.org\/wp-content\/uploads\/2022\/05\/DOUTCHI-24-04-2022-01-1-274x183.jpg 274w, https:\/\/eglisecatholiqueniger.org\/wp-content\/uploads\/2022\/05\/DOUTCHI-24-04-2022-01-1-80x54.jpg 80w, https:\/\/eglisecatholiqueniger.org\/wp-content\/uploads\/2022\/05\/DOUTCHI-24-04-2022-01-1-130x87.jpg 130w, https:\/\/eglisecatholiqueniger.org\/wp-content\/uploads\/2022\/05\/DOUTCHI-24-04-2022-01-1-359x240.jpg 359w, https:\/\/eglisecatholiqueniger.org\/wp-content\/uploads\/2022\/05\/DOUTCHI-24-04-2022-01-1-85x57.jpg 85w, https:\/\/eglisecatholiqueniger.org\/wp-content\/uploads\/2022\/05\/DOUTCHI-24-04-2022-01-1-546x365.jpg 546w, https:\/\/eglisecatholiqueniger.org\/wp-content\/uploads\/2022\/05\/DOUTCHI-24-04-2022-01-1-165x109.jpg 165w, https:\/\/eglisecatholiqueniger.org\/wp-content\/uploads\/2022\/05\/DOUTCHI-24-04-2022-01-1-347x233.jpg 347w, https:\/\/eglisecatholiqueniger.org\/wp-content\/uploads\/2022\/05\/DOUTCHI-24-04-2022-01-1-112x75.jpg 112w, https:\/\/eglisecatholiqueniger.org\/wp-content\/uploads\/2022\/05\/DOUTCHI-24-04-2022-01-1-179x120.jpg 179w, https:\/\/eglisecatholiqueniger.org\/wp-content\/uploads\/2022\/05\/DOUTCHI-24-04-2022-01-1-170x113.jpg 170w, https:\/\/eglisecatholiqueniger.org\/wp-content\/uploads\/2022\/05\/DOUTCHI-24-04-2022-01-1-81x55.jpg 81w, https:\/\/eglisecatholiqueniger.org\/wp-content\/uploads\/2022\/05\/DOUTCHI-24-04-2022-01-1-765x510.jpg 765w, https:\/\/eglisecatholiqueniger.org\/wp-content\/uploads\/2022\/05\/DOUTCHI-24-04-2022-01-1.jpg 449w\" sizes=\"auto, (max-width: 300px) 100vw, 300px\" \/><\/p>\n<p>La messe a \u00e9t\u00e9 pr\u00e9sid\u00e9e par Mgr Laurent Lompo, entour\u00e9 de nombreux pr\u00eatres. Dans son hom\u00e9lie, l\u2019Archev\u00eaque de Niamey a salu\u00e9 et f\u00e9licit\u00e9 les Missionnaires qui sont pass\u00e9s par cette paroisse et qui ont port\u00e9 la Parole de Dieu \u00e0 la Cit\u00e9 de l\u2019Arewa. Il s\u2019agit des P\u00e8res R\u00e9demptoristes, Missionnaires d\u2019Afrique, Dioc\u00e9sains et SMA (Soci\u00e9t\u00e9 des Missions Africaines), ainsi que des S\u0153urs NDPS (Notre Dame du Perp\u00e9tuel Secours) et NDA (Notre Dame des Ap\u00f4tres).<\/p>\n<p style=\"text-align: center;\"><img loading=\"lazy\" decoding=\"async\" class=\"alignnone size-medium wp-image-514\" src=\"http:\/\/eglisecatholiqueniger.org\/wp-content\/uploads\/2022\/05\/DOUTCHI-24-04-2022-01-4-300x200.jpg\" alt=\"\" width=\"300\" height=\"200\" srcset=\"https:\/\/eglisecatholiqueniger.org\/wp-content\/uploads\/2022\/05\/DOUTCHI-24-04-2022-01-4-300x200.jpg 300w, https:\/\/eglisecatholiqueniger.org\/wp-content\/uploads\/2022\/05\/DOUTCHI-24-04-2022-01-4-274x183.jpg 274w, https:\/\/eglisecatholiqueniger.org\/wp-content\/uploads\/2022\/05\/DOUTCHI-24-04-2022-01-4-80x54.jpg 80w, https:\/\/eglisecatholiqueniger.org\/wp-content\/uploads\/2022\/05\/DOUTCHI-24-04-2022-01-4-130x87.jpg 130w, https:\/\/eglisecatholiqueniger.org\/wp-content\/uploads\/2022\/05\/DOUTCHI-24-04-2022-01-4-359x240.jpg 359w, https:\/\/eglisecatholiqueniger.org\/wp-content\/uploads\/2022\/05\/DOUTCHI-24-04-2022-01-4-85x57.jpg 85w, https:\/\/eglisecatholiqueniger.org\/wp-content\/uploads\/2022\/05\/DOUTCHI-24-04-2022-01-4-546x365.jpg 546w, https:\/\/eglisecatholiqueniger.org\/wp-content\/uploads\/2022\/05\/DOUTCHI-24-04-2022-01-4-165x109.jpg 165w, https:\/\/eglisecatholiqueniger.org\/wp-content\/uploads\/2022\/05\/DOUTCHI-24-04-2022-01-4-347x233.jpg 347w, https:\/\/eglisecatholiqueniger.org\/wp-content\/uploads\/2022\/05\/DOUTCHI-24-04-2022-01-4-112x75.jpg 112w, https:\/\/eglisecatholiqueniger.org\/wp-content\/uploads\/2022\/05\/DOUTCHI-24-04-2022-01-4-179x120.jpg 179w, https:\/\/eglisecatholiqueniger.org\/wp-content\/uploads\/2022\/05\/DOUTCHI-24-04-2022-01-4-170x113.jpg 170w, https:\/\/eglisecatholiqueniger.org\/wp-content\/uploads\/2022\/05\/DOUTCHI-24-04-2022-01-4-81x55.jpg 81w, https:\/\/eglisecatholiqueniger.org\/wp-content\/uploads\/2022\/05\/DOUTCHI-24-04-2022-01-4-765x510.jpg 765w, https:\/\/eglisecatholiqueniger.org\/wp-content\/uploads\/2022\/05\/DOUTCHI-24-04-2022-01-4.jpg 438w\" sizes=\"auto, (max-width: 300px) 100vw, 300px\" \/><\/p>\n<p>\u00ab\u00a0Cette Parole, a indiqu\u00e9 Mgr Laurent, a fait son chemin depuis 75 ans, et ce matin, nous voulons rendre gr\u00e2ce \u00e0 Dieu pour ses merveilles dans la cit\u00e9 de l\u2019Arewa.\u00a0\u00bb S\u2019adressant \u00e0 la Communaut\u00e9 de l\u2019Arewa, l\u2019Archev\u00eaque a dit que \u00ab\u00a0cette Parole de Dieu fait de vous des fid\u00e8les form\u00e9s, engag\u00e9s et maintenant responsables dans la soci\u00e9t\u00e9 nig\u00e9rienne. Au niveau de la foi, vous \u00eates devenus adultes, capables de transporter les montagnes qui sont une caract\u00e9ristique de la r\u00e9gion\u00a0: \u030eDogon Duci.\u030e\u00a0\u00bb L\u2019Ordinaire de Niamey s\u2019est \u00e9galement f\u00e9licit\u00e9 de toutes les structures cr\u00e9\u00e9es par les missionnaires dans la r\u00e9gion, et qui ont permis de former de nombreux cadres. Parmi les nombreux fruits du travail des missionnaires soulign\u00e9s, Mgr Laurent a relev\u00e9 \u00ab\u00a0les quatre ouvriers qui sont sortis de cette paroisse Saint G\u00e9rard de Dogondoutchi\u00a0: P\u00e8re G\u00e9rard Seydou en 1972\u00a0; P\u00e8re Sama\u00efla Sani en 1997\u00a0; P\u00e8re Ibrahim G\u00e9rard en 2010, et P\u00e8re Flavien Lawali Idi Tondi en 2014. Dressant un petit bilan des 75 ans d\u2019\u00e9vang\u00e9lisation de la Cit\u00e9 de l\u2019Arewa, l\u2019Archev\u00eaque de Niamey a pos\u00e9 deux questions \u00e0 la Communaut\u00e9\u00a0: Sommes-nous aujourd\u2019hui convaincus qu\u2019apr\u00e8s 75 ans, l\u2019unit\u00e9 et la fraternit\u00e9 caract\u00e9risent notre communaut\u00e9 de l\u2019Arewa, tant \u00e0 la paroisse m\u00e8re que dans les communaut\u00e9s villageoises\u00a0? Cherchons-nous \u00e0 quitter la foi qui n\u2019est qu\u2019apparence quand tout va bien pour tendre vers la foi r\u00e9elle qui engage toute notre vie \u00e0 la suite du Christ, avec toutes ses \u00a0cons\u00e9quences\u00a0? En conclusion, Mgr Laurent a invit\u00e9 \u00e0 prier pour que \u00ab les gr\u00e2ces des\u00a0 75 ans soient, pour \u00a0la communaut\u00e9 chr\u00e9tienne issue de cette paroisse, source d\u2019un \u00e9lan nouveau dans l\u2019engagement, la responsabilisation et la transformation du monde, \u00e0 travers le t\u00e9moignage de vie.\u00a0\u00bb<\/p>\n<p>A la suite ce riche enseignement, la communaut\u00e9 a laiss\u00e9 d\u00e9border sa joie \u00e0 travers les chants d\u2019action de gr\u00e2ce.<\/p>\n<p style=\"text-align: center;\"><img loading=\"lazy\" decoding=\"async\" class=\"alignnone size-medium wp-image-515\" src=\"http:\/\/eglisecatholiqueniger.org\/wp-content\/uploads\/2022\/05\/DOUTCHI-24-04-2022-01-3-300x200.jpg\" alt=\"\" width=\"300\" height=\"200\" srcset=\"https:\/\/eglisecatholiqueniger.org\/wp-content\/uploads\/2022\/05\/DOUTCHI-24-04-2022-01-3-300x200.jpg 300w, https:\/\/eglisecatholiqueniger.org\/wp-content\/uploads\/2022\/05\/DOUTCHI-24-04-2022-01-3-274x183.jpg 274w, https:\/\/eglisecatholiqueniger.org\/wp-content\/uploads\/2022\/05\/DOUTCHI-24-04-2022-01-3-80x54.jpg 80w, https:\/\/eglisecatholiqueniger.org\/wp-content\/uploads\/2022\/05\/DOUTCHI-24-04-2022-01-3-130x87.jpg 130w, https:\/\/eglisecatholiqueniger.org\/wp-content\/uploads\/2022\/05\/DOUTCHI-24-04-2022-01-3-359x240.jpg 359w, https:\/\/eglisecatholiqueniger.org\/wp-content\/uploads\/2022\/05\/DOUTCHI-24-04-2022-01-3-85x57.jpg 85w, https:\/\/eglisecatholiqueniger.org\/wp-content\/uploads\/2022\/05\/DOUTCHI-24-04-2022-01-3-546x365.jpg 546w, https:\/\/eglisecatholiqueniger.org\/wp-content\/uploads\/2022\/05\/DOUTCHI-24-04-2022-01-3-165x109.jpg 165w, https:\/\/eglisecatholiqueniger.org\/wp-content\/uploads\/2022\/05\/DOUTCHI-24-04-2022-01-3-347x233.jpg 347w, https:\/\/eglisecatholiqueniger.org\/wp-content\/uploads\/2022\/05\/DOUTCHI-24-04-2022-01-3-112x75.jpg 112w, https:\/\/eglisecatholiqueniger.org\/wp-content\/uploads\/2022\/05\/DOUTCHI-24-04-2022-01-3-179x120.jpg 179w, https:\/\/eglisecatholiqueniger.org\/wp-content\/uploads\/2022\/05\/DOUTCHI-24-04-2022-01-3-170x113.jpg 170w, https:\/\/eglisecatholiqueniger.org\/wp-content\/uploads\/2022\/05\/DOUTCHI-24-04-2022-01-3-81x55.jpg 81w, https:\/\/eglisecatholiqueniger.org\/wp-content\/uploads\/2022\/05\/DOUTCHI-24-04-2022-01-3-765x510.jpg 765w, https:\/\/eglisecatholiqueniger.org\/wp-content\/uploads\/2022\/05\/DOUTCHI-24-04-2022-01-3.jpg 449w\" sizes=\"auto, (max-width: 300px) 100vw, 300px\" \/><\/p>\n<p>Notons que le samedi 23 avril 2022, les fid\u00e8les de la paroisse se sont retrouv\u00e9s pour se former \u00e0 travers des conf\u00e9rences et \u00e9changer autour de plusieurs th\u00e9matiques\u00a0: travail des missionnaires, structures cr\u00e9\u00e9es et leurs effets, vie et perspectives de la paroisse, etc. Le soir, les participants \u00e0 l\u2019\u00e9v\u00e9nement ont eu droit \u00e0 une soir\u00e9e culturelle, riche en enseignements.<\/p>\n","protected":false},"excerpt":{"rendered":"<p>La Communaut\u00e9 chr\u00e9tienne de la paroisse Saint G\u00e9rard de Dogondoutchi, \u00e0 environ 300 km de Niamey, a c\u00e9l\u00e9br\u00e9 ses 75 ans d\u2019existence, le dimanche 24 avril 2022. De nombreux fid\u00e8les &#8230;<\/p>\n","protected":false},"author":1,"featured_media":517,"comment_status":"open","ping_status":"open","sticky":false,"template":"","format":"standard","meta":{"footnotes":""},"categories":[1],"tags":[],"class_list":["post-522","post","type-post","status-publish","format-standard","has-post-thumbnail","category-non-classe"],"_links":{"self":[{"href":"https:\/\/eglisecatholiqueniger.org\/index.php\/wp-json\/wp\/v2\/posts\/522","targetHints":{"allow":["GET"]}}],"collection":[{"href":"https:\/\/eglisecatholiqueniger.org\/index.php\/wp-json\/wp\/v2\/posts"}],"about":[{"href":"https:\/\/eglisecatholiqueniger.org\/index.php\/wp-json\/wp\/v2\/types\/post"}],"author":[{"embeddable":true,"href":"https:\/\/eglisecatholiqueniger.org\/index.php\/wp-json\/wp\/v2\/users\/1"}],"replies":[{"embeddable":true,"href":"https:\/\/eglisecatholiqueniger.org\/index.php\/wp-json\/wp\/v2\/comments?post=522"}],"version-history":[{"count":1,"href":"https:\/\/eglisecatholiqueniger.org\/index.php\/wp-json\/wp\/v2\/posts\/522\/revisions"}],"predecessor-version":[{"id":523,"href":"https:\/\/eglisecatholiqueniger.org\/index.php\/wp-json\/wp\/v2\/posts\/522\/revisions\/523"}],"wp:featuredmedia":[{"embeddable":true,"href":"https:\/\/eglisecatholiqueniger.org\/index.php\/wp-json\/wp\/v2\/media\/517"}],"wp:attachment":[{"href":"https:\/\/eglisecatholiqueniger.org\/index.php\/wp-json\/wp\/v2\/media?parent=522"}],"wp:term":[{"taxonomy":"category","embeddable":true,"href":"https:\/\/eglisecatholiqueniger.org\/index.php\/wp-json\/wp\/v2\/categories?post=522"},{"taxonomy":"post_tag","embeddable":true,"href":"https:\/\/eglisecatholiqueniger.org\/index.php\/wp-json\/wp\/v2\/tags?post=522"}],"curies":[{"name":"wp","href":"https:\/\/api.w.org\/{rel}","templated":true}]}}