{"id":547,"date":"2022-09-15T12:20:34","date_gmt":"2022-09-15T10:20:34","guid":{"rendered":"https:\/\/eglisecatholiqueniger.org\/?p=547"},"modified":"2022-09-15T12:21:42","modified_gmt":"2022-09-15T10:21:42","slug":"assemblee-generale-des-accompagnateurs-cv-av","status":"publish","type":"post","link":"https:\/\/eglisecatholiqueniger.org\/index.php\/2022\/09\/15\/assemblee-generale-des-accompagnateurs-cv-av\/","title":{"rendered":"Assembl\u00e9e g\u00e9n\u00e9rale des Accompagnateurs CV AV"},"content":{"rendered":"<p><img loading=\"lazy\" decoding=\"async\" class=\"size-medium wp-image-548 alignleft\" src=\"http:\/\/eglisecatholiqueniger.org\/wp-content\/uploads\/2022\/09\/ACCOMPAGNATEURS-CVAV-4-300x200.jpg\" alt=\"\" width=\"300\" height=\"200\" srcset=\"https:\/\/eglisecatholiqueniger.org\/wp-content\/uploads\/2022\/09\/ACCOMPAGNATEURS-CVAV-4-300x200.jpg 300w, https:\/\/eglisecatholiqueniger.org\/wp-content\/uploads\/2022\/09\/ACCOMPAGNATEURS-CVAV-4-1024x683.jpg 1024w, https:\/\/eglisecatholiqueniger.org\/wp-content\/uploads\/2022\/09\/ACCOMPAGNATEURS-CVAV-4-768x512.jpg 768w, https:\/\/eglisecatholiqueniger.org\/wp-content\/uploads\/2022\/09\/ACCOMPAGNATEURS-CVAV-4-1536x1025.jpg 1536w, https:\/\/eglisecatholiqueniger.org\/wp-content\/uploads\/2022\/09\/ACCOMPAGNATEURS-CVAV-4-2048x1367.jpg 2048w, https:\/\/eglisecatholiqueniger.org\/wp-content\/uploads\/2022\/09\/ACCOMPAGNATEURS-CVAV-4-274x183.jpg 274w, https:\/\/eglisecatholiqueniger.org\/wp-content\/uploads\/2022\/09\/ACCOMPAGNATEURS-CVAV-4-80x54.jpg 80w, https:\/\/eglisecatholiqueniger.org\/wp-content\/uploads\/2022\/09\/ACCOMPAGNATEURS-CVAV-4-130x87.jpg 130w, https:\/\/eglisecatholiqueniger.org\/wp-content\/uploads\/2022\/09\/ACCOMPAGNATEURS-CVAV-4-359x240.jpg 359w, https:\/\/eglisecatholiqueniger.org\/wp-content\/uploads\/2022\/09\/ACCOMPAGNATEURS-CVAV-4-85x57.jpg 85w, https:\/\/eglisecatholiqueniger.org\/wp-content\/uploads\/2022\/09\/ACCOMPAGNATEURS-CVAV-4-546x365.jpg 546w, https:\/\/eglisecatholiqueniger.org\/wp-content\/uploads\/2022\/09\/ACCOMPAGNATEURS-CVAV-4-165x109.jpg 165w, https:\/\/eglisecatholiqueniger.org\/wp-content\/uploads\/2022\/09\/ACCOMPAGNATEURS-CVAV-4-347x233.jpg 347w, https:\/\/eglisecatholiqueniger.org\/wp-content\/uploads\/2022\/09\/ACCOMPAGNATEURS-CVAV-4-112x75.jpg 112w, https:\/\/eglisecatholiqueniger.org\/wp-content\/uploads\/2022\/09\/ACCOMPAGNATEURS-CVAV-4-179x120.jpg 179w, https:\/\/eglisecatholiqueniger.org\/wp-content\/uploads\/2022\/09\/ACCOMPAGNATEURS-CVAV-4-170x113.jpg 170w, https:\/\/eglisecatholiqueniger.org\/wp-content\/uploads\/2022\/09\/ACCOMPAGNATEURS-CVAV-4-81x55.jpg 81w, https:\/\/eglisecatholiqueniger.org\/wp-content\/uploads\/2022\/09\/ACCOMPAGNATEURS-CVAV-4-765x510.jpg 765w\" sizes=\"auto, (max-width: 300px) 100vw, 300px\" \/> L\u2019Assembl\u00e9e G\u00e9n\u00e9rale des accompagnateurs CVAV (C\u0153urs Vaillants- Ames Vaillantes) du Niger a eu lieu \u00e0 Niamey du 31 ao\u00fbt au 04 septembre 2022, au Coll\u00e8ge Mariama, dans la salle polyvalente DIORI HAMANI. Ils \u00e9taient trente-huit (38) participants au total dont cinq s\u0153urs conseill\u00e8res et quatre ain\u00e9s, ainsi que le P\u00e8re Aum\u00f4nier \u00e0 y prendre part. Venus des paroisses du dioc\u00e8se de Maradi et de l\u2019archidioc\u00e8se de Niamey, les accompagnateurs et pr\u00e9-accompagnateurs ont trait\u00e9 des th\u00e8mes tels que : la foi, la sexualit\u00e9, la vie du mouvement. Ils ont proc\u00e9d\u00e9, en outre, au jumelage des entit\u00e9s de l\u2019Enfance Missionnaire : CVAV, Servants de Messe et Chorale des enfants.<\/p>\n<p>Cette Assembl\u00e9e G\u00e9n\u00e9rale des accompagnateurs et pr\u00e9-accompagnateurs a eu son point culminant le dernier jour, lors de la messe de cl\u00f4ture pr\u00e9sid\u00e9e par l\u2019Archev\u00eaque Monseigneur Laurent Djalwana LOMPO, sur la paroisse Saint Gabriel de Garbado. A la fin de cette messe riche en couleurs et bien amin\u00e9e, le p\u00e8re Aum\u00f4nier a proc\u00e9d\u00e9 \u00e0 la pr\u00e9sentation de tous les nouveaux membres du Bureau Dioc\u00e9sain de Maradi, du Bureau Dioc\u00e9sain de Niamey et du Bureau National. Apr\u00e8s quoi, Monseigneur LOMPO les a envoy\u00e9s en mission dans toutes les paroisses du Niger.<\/p>\n<p><img loading=\"lazy\" decoding=\"async\" class=\"size-medium wp-image-554 aligncenter\" src=\"http:\/\/eglisecatholiqueniger.org\/wp-content\/uploads\/2022\/09\/ACCOMPAGNATEURS-CVAV-1-300x200.jpg\" alt=\"\" width=\"300\" height=\"200\" srcset=\"https:\/\/eglisecatholiqueniger.org\/wp-content\/uploads\/2022\/09\/ACCOMPAGNATEURS-CVAV-1-300x200.jpg 300w, https:\/\/eglisecatholiqueniger.org\/wp-content\/uploads\/2022\/09\/ACCOMPAGNATEURS-CVAV-1-1024x683.jpg 1024w, https:\/\/eglisecatholiqueniger.org\/wp-content\/uploads\/2022\/09\/ACCOMPAGNATEURS-CVAV-1-768x512.jpg 768w, https:\/\/eglisecatholiqueniger.org\/wp-content\/uploads\/2022\/09\/ACCOMPAGNATEURS-CVAV-1-1536x1025.jpg 1536w, https:\/\/eglisecatholiqueniger.org\/wp-content\/uploads\/2022\/09\/ACCOMPAGNATEURS-CVAV-1-2048x1367.jpg 2048w, https:\/\/eglisecatholiqueniger.org\/wp-content\/uploads\/2022\/09\/ACCOMPAGNATEURS-CVAV-1-274x183.jpg 274w, https:\/\/eglisecatholiqueniger.org\/wp-content\/uploads\/2022\/09\/ACCOMPAGNATEURS-CVAV-1-80x54.jpg 80w, https:\/\/eglisecatholiqueniger.org\/wp-content\/uploads\/2022\/09\/ACCOMPAGNATEURS-CVAV-1-130x87.jpg 130w, https:\/\/eglisecatholiqueniger.org\/wp-content\/uploads\/2022\/09\/ACCOMPAGNATEURS-CVAV-1-359x240.jpg 359w, https:\/\/eglisecatholiqueniger.org\/wp-content\/uploads\/2022\/09\/ACCOMPAGNATEURS-CVAV-1-85x57.jpg 85w, https:\/\/eglisecatholiqueniger.org\/wp-content\/uploads\/2022\/09\/ACCOMPAGNATEURS-CVAV-1-546x365.jpg 546w, https:\/\/eglisecatholiqueniger.org\/wp-content\/uploads\/2022\/09\/ACCOMPAGNATEURS-CVAV-1-165x109.jpg 165w, https:\/\/eglisecatholiqueniger.org\/wp-content\/uploads\/2022\/09\/ACCOMPAGNATEURS-CVAV-1-347x233.jpg 347w, https:\/\/eglisecatholiqueniger.org\/wp-content\/uploads\/2022\/09\/ACCOMPAGNATEURS-CVAV-1-112x75.jpg 112w, https:\/\/eglisecatholiqueniger.org\/wp-content\/uploads\/2022\/09\/ACCOMPAGNATEURS-CVAV-1-179x120.jpg 179w, https:\/\/eglisecatholiqueniger.org\/wp-content\/uploads\/2022\/09\/ACCOMPAGNATEURS-CVAV-1-170x113.jpg 170w, https:\/\/eglisecatholiqueniger.org\/wp-content\/uploads\/2022\/09\/ACCOMPAGNATEURS-CVAV-1-81x55.jpg 81w, https:\/\/eglisecatholiqueniger.org\/wp-content\/uploads\/2022\/09\/ACCOMPAGNATEURS-CVAV-1-765x510.jpg 765w\" sizes=\"auto, (max-width: 300px) 100vw, 300px\" \/><\/p>\n","protected":false},"excerpt":{"rendered":"<p>L\u2019Assembl\u00e9e G\u00e9n\u00e9rale des accompagnateurs CVAV (C\u0153urs Vaillants- Ames Vaillantes) du Niger a eu lieu \u00e0 Niamey du 31 ao\u00fbt au 04 septembre 2022, au Coll\u00e8ge Mariama, dans la salle polyvalente &#8230;<\/p>\n","protected":false},"author":1,"featured_media":0,"comment_status":"open","ping_status":"open","sticky":false,"template":"","format":"standard","meta":{"footnotes":""},"categories":[1],"tags":[],"class_list":["post-547","post","type-post","status-publish","format-standard","category-non-classe"],"_links":{"self":[{"href":"https:\/\/eglisecatholiqueniger.org\/index.php\/wp-json\/wp\/v2\/posts\/547","targetHints":{"allow":["GET"]}}],"collection":[{"href":"https:\/\/eglisecatholiqueniger.org\/index.php\/wp-json\/wp\/v2\/posts"}],"about":[{"href":"https:\/\/eglisecatholiqueniger.org\/index.php\/wp-json\/wp\/v2\/types\/post"}],"author":[{"embeddable":true,"href":"https:\/\/eglisecatholiqueniger.org\/index.php\/wp-json\/wp\/v2\/users\/1"}],"replies":[{"embeddable":true,"href":"https:\/\/eglisecatholiqueniger.org\/index.php\/wp-json\/wp\/v2\/comments?post=547"}],"version-history":[{"count":8,"href":"https:\/\/eglisecatholiqueniger.org\/index.php\/wp-json\/wp\/v2\/posts\/547\/revisions"}],"predecessor-version":[{"id":559,"href":"https:\/\/eglisecatholiqueniger.org\/index.php\/wp-json\/wp\/v2\/posts\/547\/revisions\/559"}],"wp:attachment":[{"href":"https:\/\/eglisecatholiqueniger.org\/index.php\/wp-json\/wp\/v2\/media?parent=547"}],"wp:term":[{"taxonomy":"category","embeddable":true,"href":"https:\/\/eglisecatholiqueniger.org\/index.php\/wp-json\/wp\/v2\/categories?post=547"},{"taxonomy":"post_tag","embeddable":true,"href":"https:\/\/eglisecatholiqueniger.org\/index.php\/wp-json\/wp\/v2\/tags?post=547"}],"curies":[{"name":"wp","href":"https:\/\/api.w.org\/{rel}","templated":true}]}}