{"id":561,"date":"2022-09-15T12:46:11","date_gmt":"2022-09-15T10:46:11","guid":{"rendered":"https:\/\/eglisecatholiqueniger.org\/?p=561"},"modified":"2022-09-15T12:46:22","modified_gmt":"2022-09-15T10:46:22","slug":"camp-des-vocations-2022","status":"publish","type":"post","link":"https:\/\/eglisecatholiqueniger.org\/index.php\/2022\/09\/15\/camp-des-vocations-2022\/","title":{"rendered":"Camp des Vocations 2022"},"content":{"rendered":"<p><img loading=\"lazy\" decoding=\"async\" class=\"size-medium wp-image-562 alignleft\" src=\"http:\/\/eglisecatholiqueniger.org\/wp-content\/uploads\/2022\/09\/CAMP-VOCATION-2022-1-300x200.jpg\" alt=\"\" width=\"300\" height=\"200\" srcset=\"https:\/\/eglisecatholiqueniger.org\/wp-content\/uploads\/2022\/09\/CAMP-VOCATION-2022-1-300x200.jpg 300w, https:\/\/eglisecatholiqueniger.org\/wp-content\/uploads\/2022\/09\/CAMP-VOCATION-2022-1-1024x683.jpg 1024w, https:\/\/eglisecatholiqueniger.org\/wp-content\/uploads\/2022\/09\/CAMP-VOCATION-2022-1-768x513.jpg 768w, https:\/\/eglisecatholiqueniger.org\/wp-content\/uploads\/2022\/09\/CAMP-VOCATION-2022-1-1536x1025.jpg 1536w, https:\/\/eglisecatholiqueniger.org\/wp-content\/uploads\/2022\/09\/CAMP-VOCATION-2022-1-2048x1367.jpg 2048w, https:\/\/eglisecatholiqueniger.org\/wp-content\/uploads\/2022\/09\/CAMP-VOCATION-2022-1-274x183.jpg 274w, https:\/\/eglisecatholiqueniger.org\/wp-content\/uploads\/2022\/09\/CAMP-VOCATION-2022-1-80x54.jpg 80w, https:\/\/eglisecatholiqueniger.org\/wp-content\/uploads\/2022\/09\/CAMP-VOCATION-2022-1-130x87.jpg 130w, https:\/\/eglisecatholiqueniger.org\/wp-content\/uploads\/2022\/09\/CAMP-VOCATION-2022-1-359x240.jpg 359w, https:\/\/eglisecatholiqueniger.org\/wp-content\/uploads\/2022\/09\/CAMP-VOCATION-2022-1-85x57.jpg 85w, https:\/\/eglisecatholiqueniger.org\/wp-content\/uploads\/2022\/09\/CAMP-VOCATION-2022-1-546x365.jpg 546w, https:\/\/eglisecatholiqueniger.org\/wp-content\/uploads\/2022\/09\/CAMP-VOCATION-2022-1-165x109.jpg 165w, https:\/\/eglisecatholiqueniger.org\/wp-content\/uploads\/2022\/09\/CAMP-VOCATION-2022-1-347x233.jpg 347w, https:\/\/eglisecatholiqueniger.org\/wp-content\/uploads\/2022\/09\/CAMP-VOCATION-2022-1-112x75.jpg 112w, https:\/\/eglisecatholiqueniger.org\/wp-content\/uploads\/2022\/09\/CAMP-VOCATION-2022-1-179x120.jpg 179w, https:\/\/eglisecatholiqueniger.org\/wp-content\/uploads\/2022\/09\/CAMP-VOCATION-2022-1-170x113.jpg 170w, https:\/\/eglisecatholiqueniger.org\/wp-content\/uploads\/2022\/09\/CAMP-VOCATION-2022-1-81x55.jpg 81w, https:\/\/eglisecatholiqueniger.org\/wp-content\/uploads\/2022\/09\/CAMP-VOCATION-2022-1-765x510.jpg 765w\" sizes=\"auto, (max-width: 300px) 100vw, 300px\" \/> Ils \u00e9taient cent trente (130) accompagnateurs et jeunes venus de toutes les paroisses de l\u2019Archidioc\u00e8se de Niamey et du dioc\u00e8se de Maradi \u00e0 participer au camp vocationnel 2022, \u00e0 Silo\u00e9. Le th\u00e8me de cette \u00e9dition qui a eu lieu du 5 au 11 septembre 2022, \u00e9tait : \u00ab Rien ne me s\u00e9parera de l\u2019Amour de Dieu ! \u00bb.<\/p>\n<p>Une semaine durant, les jeunes ont donc appris \u00e0 discerner leurs vocations et \u00e0 d\u00e9couvrir l\u2019amiti\u00e9 avec le Christ qui veut \u00ab\u00a0nous envoyer en mission\u00a0\u00bb, malgr\u00e9 les difficult\u00e9s rencontr\u00e9es sur le chemin.<\/p>\n<p>Selon le p\u00e8re ALBARKA Souley Dominique, responsable des vocations, les enseignements donn\u00e9s ont \u00e9t\u00e9 d\u2019une bonne qualit\u00e9 et les jeunes les ont bien appr\u00e9ci\u00e9s. Lui-m\u00eame s\u2019est dit satisfait du d\u00e9roulement du camp.<\/p>\n<p>&nbsp;<\/p>\n<p><img loading=\"lazy\" decoding=\"async\" class=\"size-medium wp-image-567 alignright\" src=\"http:\/\/eglisecatholiqueniger.org\/wp-content\/uploads\/2022\/09\/CAMP-VOCATION-2022-4-1-300x200.jpg\" alt=\"\" width=\"300\" height=\"200\" srcset=\"https:\/\/eglisecatholiqueniger.org\/wp-content\/uploads\/2022\/09\/CAMP-VOCATION-2022-4-1-300x200.jpg 300w, https:\/\/eglisecatholiqueniger.org\/wp-content\/uploads\/2022\/09\/CAMP-VOCATION-2022-4-1-1024x683.jpg 1024w, https:\/\/eglisecatholiqueniger.org\/wp-content\/uploads\/2022\/09\/CAMP-VOCATION-2022-4-1-768x512.jpg 768w, https:\/\/eglisecatholiqueniger.org\/wp-content\/uploads\/2022\/09\/CAMP-VOCATION-2022-4-1-1536x1025.jpg 1536w, https:\/\/eglisecatholiqueniger.org\/wp-content\/uploads\/2022\/09\/CAMP-VOCATION-2022-4-1-2048x1367.jpg 2048w, https:\/\/eglisecatholiqueniger.org\/wp-content\/uploads\/2022\/09\/CAMP-VOCATION-2022-4-1-274x183.jpg 274w, https:\/\/eglisecatholiqueniger.org\/wp-content\/uploads\/2022\/09\/CAMP-VOCATION-2022-4-1-80x54.jpg 80w, https:\/\/eglisecatholiqueniger.org\/wp-content\/uploads\/2022\/09\/CAMP-VOCATION-2022-4-1-130x87.jpg 130w, https:\/\/eglisecatholiqueniger.org\/wp-content\/uploads\/2022\/09\/CAMP-VOCATION-2022-4-1-359x240.jpg 359w, https:\/\/eglisecatholiqueniger.org\/wp-content\/uploads\/2022\/09\/CAMP-VOCATION-2022-4-1-85x57.jpg 85w, https:\/\/eglisecatholiqueniger.org\/wp-content\/uploads\/2022\/09\/CAMP-VOCATION-2022-4-1-546x365.jpg 546w, https:\/\/eglisecatholiqueniger.org\/wp-content\/uploads\/2022\/09\/CAMP-VOCATION-2022-4-1-165x109.jpg 165w, https:\/\/eglisecatholiqueniger.org\/wp-content\/uploads\/2022\/09\/CAMP-VOCATION-2022-4-1-347x233.jpg 347w, https:\/\/eglisecatholiqueniger.org\/wp-content\/uploads\/2022\/09\/CAMP-VOCATION-2022-4-1-112x75.jpg 112w, https:\/\/eglisecatholiqueniger.org\/wp-content\/uploads\/2022\/09\/CAMP-VOCATION-2022-4-1-179x120.jpg 179w, https:\/\/eglisecatholiqueniger.org\/wp-content\/uploads\/2022\/09\/CAMP-VOCATION-2022-4-1-170x113.jpg 170w, https:\/\/eglisecatholiqueniger.org\/wp-content\/uploads\/2022\/09\/CAMP-VOCATION-2022-4-1-81x55.jpg 81w, https:\/\/eglisecatholiqueniger.org\/wp-content\/uploads\/2022\/09\/CAMP-VOCATION-2022-4-1-765x510.jpg 765w\" sizes=\"auto, (max-width: 300px) 100vw, 300px\" \/> A la fin, les jeunes ont eu un temps de rencontre avec les pr\u00eatres, religieux et religieuses pr\u00e9sents au camp, pour un partage sur la vie sacerdotale et les congr\u00e9gations religieuses.<\/p>\n<p>&nbsp;<\/p>\n<p>&nbsp;<\/p>\n<p>&nbsp;<\/p>\n<p>&nbsp;<\/p>\n<p>&nbsp;<\/p>\n<p>Notons que durant leur s\u00e9jour \u00e0 Silo\u00e9, les vocandis ont re\u00e7u plusieurs visites dont celle de Monseigneur Laurent LOMPO. L\u2019Ordinaire de Niamey est all\u00e9 les encourager et c\u00e9l\u00e9brer la messe de cl\u00f4ture du camp avec eux.<\/p>\n<p><img loading=\"lazy\" decoding=\"async\" class=\" wp-image-564 alignleft\" src=\"http:\/\/eglisecatholiqueniger.org\/wp-content\/uploads\/2022\/09\/CAMP-VOCATION-2022-7-300x200.jpg\" alt=\"\" width=\"261\" height=\"174\" srcset=\"https:\/\/eglisecatholiqueniger.org\/wp-content\/uploads\/2022\/09\/CAMP-VOCATION-2022-7-300x200.jpg 300w, https:\/\/eglisecatholiqueniger.org\/wp-content\/uploads\/2022\/09\/CAMP-VOCATION-2022-7-1024x683.jpg 1024w, https:\/\/eglisecatholiqueniger.org\/wp-content\/uploads\/2022\/09\/CAMP-VOCATION-2022-7-768x512.jpg 768w, https:\/\/eglisecatholiqueniger.org\/wp-content\/uploads\/2022\/09\/CAMP-VOCATION-2022-7-1536x1025.jpg 1536w, https:\/\/eglisecatholiqueniger.org\/wp-content\/uploads\/2022\/09\/CAMP-VOCATION-2022-7-2048x1367.jpg 2048w, https:\/\/eglisecatholiqueniger.org\/wp-content\/uploads\/2022\/09\/CAMP-VOCATION-2022-7-274x183.jpg 274w, https:\/\/eglisecatholiqueniger.org\/wp-content\/uploads\/2022\/09\/CAMP-VOCATION-2022-7-80x54.jpg 80w, https:\/\/eglisecatholiqueniger.org\/wp-content\/uploads\/2022\/09\/CAMP-VOCATION-2022-7-130x87.jpg 130w, https:\/\/eglisecatholiqueniger.org\/wp-content\/uploads\/2022\/09\/CAMP-VOCATION-2022-7-359x240.jpg 359w, https:\/\/eglisecatholiqueniger.org\/wp-content\/uploads\/2022\/09\/CAMP-VOCATION-2022-7-85x57.jpg 85w, https:\/\/eglisecatholiqueniger.org\/wp-content\/uploads\/2022\/09\/CAMP-VOCATION-2022-7-546x365.jpg 546w, https:\/\/eglisecatholiqueniger.org\/wp-content\/uploads\/2022\/09\/CAMP-VOCATION-2022-7-165x109.jpg 165w, https:\/\/eglisecatholiqueniger.org\/wp-content\/uploads\/2022\/09\/CAMP-VOCATION-2022-7-347x233.jpg 347w, https:\/\/eglisecatholiqueniger.org\/wp-content\/uploads\/2022\/09\/CAMP-VOCATION-2022-7-112x75.jpg 112w, https:\/\/eglisecatholiqueniger.org\/wp-content\/uploads\/2022\/09\/CAMP-VOCATION-2022-7-179x120.jpg 179w, https:\/\/eglisecatholiqueniger.org\/wp-content\/uploads\/2022\/09\/CAMP-VOCATION-2022-7-170x113.jpg 170w, https:\/\/eglisecatholiqueniger.org\/wp-content\/uploads\/2022\/09\/CAMP-VOCATION-2022-7-81x55.jpg 81w, https:\/\/eglisecatholiqueniger.org\/wp-content\/uploads\/2022\/09\/CAMP-VOCATION-2022-7-765x510.jpg 765w\" sizes=\"auto, (max-width: 261px) 100vw, 261px\" \/>\u00a0 \u00a0 \u00a0 \u00a0 \u00a0 \u00a0 \u00a0 \u00a0 \u00a0 \u00a0 \u00a0 \u00a0 <img loading=\"lazy\" decoding=\"async\" class=\" wp-image-565 alignright\" src=\"http:\/\/eglisecatholiqueniger.org\/wp-content\/uploads\/2022\/09\/CAMP-VOCATION-2022-12-300x200.jpg\" alt=\"\" width=\"263\" height=\"175\" srcset=\"https:\/\/eglisecatholiqueniger.org\/wp-content\/uploads\/2022\/09\/CAMP-VOCATION-2022-12-300x200.jpg 300w, https:\/\/eglisecatholiqueniger.org\/wp-content\/uploads\/2022\/09\/CAMP-VOCATION-2022-12-1024x683.jpg 1024w, https:\/\/eglisecatholiqueniger.org\/wp-content\/uploads\/2022\/09\/CAMP-VOCATION-2022-12-768x512.jpg 768w, https:\/\/eglisecatholiqueniger.org\/wp-content\/uploads\/2022\/09\/CAMP-VOCATION-2022-12-1536x1025.jpg 1536w, https:\/\/eglisecatholiqueniger.org\/wp-content\/uploads\/2022\/09\/CAMP-VOCATION-2022-12-2048x1367.jpg 2048w, https:\/\/eglisecatholiqueniger.org\/wp-content\/uploads\/2022\/09\/CAMP-VOCATION-2022-12-274x183.jpg 274w, https:\/\/eglisecatholiqueniger.org\/wp-content\/uploads\/2022\/09\/CAMP-VOCATION-2022-12-80x54.jpg 80w, https:\/\/eglisecatholiqueniger.org\/wp-content\/uploads\/2022\/09\/CAMP-VOCATION-2022-12-130x87.jpg 130w, https:\/\/eglisecatholiqueniger.org\/wp-content\/uploads\/2022\/09\/CAMP-VOCATION-2022-12-359x240.jpg 359w, https:\/\/eglisecatholiqueniger.org\/wp-content\/uploads\/2022\/09\/CAMP-VOCATION-2022-12-85x57.jpg 85w, https:\/\/eglisecatholiqueniger.org\/wp-content\/uploads\/2022\/09\/CAMP-VOCATION-2022-12-546x365.jpg 546w, https:\/\/eglisecatholiqueniger.org\/wp-content\/uploads\/2022\/09\/CAMP-VOCATION-2022-12-165x109.jpg 165w, https:\/\/eglisecatholiqueniger.org\/wp-content\/uploads\/2022\/09\/CAMP-VOCATION-2022-12-112x75.jpg 112w, https:\/\/eglisecatholiqueniger.org\/wp-content\/uploads\/2022\/09\/CAMP-VOCATION-2022-12-179x120.jpg 179w, https:\/\/eglisecatholiqueniger.org\/wp-content\/uploads\/2022\/09\/CAMP-VOCATION-2022-12-170x113.jpg 170w, https:\/\/eglisecatholiqueniger.org\/wp-content\/uploads\/2022\/09\/CAMP-VOCATION-2022-12-81x55.jpg 81w, https:\/\/eglisecatholiqueniger.org\/wp-content\/uploads\/2022\/09\/CAMP-VOCATION-2022-12-765x510.jpg 765w\" sizes=\"auto, (max-width: 263px) 100vw, 263px\" \/><\/p>\n","protected":false},"excerpt":{"rendered":"<p>Ils \u00e9taient cent trente (130) accompagnateurs et jeunes venus de toutes les paroisses de l\u2019Archidioc\u00e8se de Niamey et du dioc\u00e8se de Maradi \u00e0 participer au camp vocationnel 2022, \u00e0 Silo\u00e9. &#8230;<\/p>\n","protected":false},"author":1,"featured_media":0,"comment_status":"open","ping_status":"open","sticky":false,"template":"","format":"standard","meta":{"footnotes":""},"categories":[1],"tags":[],"class_list":["post-561","post","type-post","status-publish","format-standard","category-non-classe"],"_links":{"self":[{"href":"https:\/\/eglisecatholiqueniger.org\/index.php\/wp-json\/wp\/v2\/posts\/561","targetHints":{"allow":["GET"]}}],"collection":[{"href":"https:\/\/eglisecatholiqueniger.org\/index.php\/wp-json\/wp\/v2\/posts"}],"about":[{"href":"https:\/\/eglisecatholiqueniger.org\/index.php\/wp-json\/wp\/v2\/types\/post"}],"author":[{"embeddable":true,"href":"https:\/\/eglisecatholiqueniger.org\/index.php\/wp-json\/wp\/v2\/users\/1"}],"replies":[{"embeddable":true,"href":"https:\/\/eglisecatholiqueniger.org\/index.php\/wp-json\/wp\/v2\/comments?post=561"}],"version-history":[{"count":9,"href":"https:\/\/eglisecatholiqueniger.org\/index.php\/wp-json\/wp\/v2\/posts\/561\/revisions"}],"predecessor-version":[{"id":575,"href":"https:\/\/eglisecatholiqueniger.org\/index.php\/wp-json\/wp\/v2\/posts\/561\/revisions\/575"}],"wp:attachment":[{"href":"https:\/\/eglisecatholiqueniger.org\/index.php\/wp-json\/wp\/v2\/media?parent=561"}],"wp:term":[{"taxonomy":"category","embeddable":true,"href":"https:\/\/eglisecatholiqueniger.org\/index.php\/wp-json\/wp\/v2\/categories?post=561"},{"taxonomy":"post_tag","embeddable":true,"href":"https:\/\/eglisecatholiqueniger.org\/index.php\/wp-json\/wp\/v2\/tags?post=561"}],"curies":[{"name":"wp","href":"https:\/\/api.w.org\/{rel}","templated":true}]}}