{"id":578,"date":"2022-10-04T14:29:10","date_gmt":"2022-10-04T12:29:10","guid":{"rendered":"https:\/\/eglisecatholiqueniger.org\/?p=578"},"modified":"2022-10-04T14:29:10","modified_gmt":"2022-10-04T12:29:10","slug":"voeux-definitifs-de-soeur-marie-augustine","status":"publish","type":"post","link":"https:\/\/eglisecatholiqueniger.org\/index.php\/2022\/10\/04\/voeux-definitifs-de-soeur-marie-augustine\/","title":{"rendered":"V\u0153ux d\u00e9finitifs de S\u0153ur Marie-Augustine"},"content":{"rendered":"<p><img loading=\"lazy\" decoding=\"async\" class=\"size-medium wp-image-579 alignleft\" src=\"http:\/\/eglisecatholiqueniger.org\/wp-content\/uploads\/2022\/10\/APN2072-2-300x200.jpg\" alt=\"\" width=\"300\" height=\"200\" srcset=\"https:\/\/eglisecatholiqueniger.org\/wp-content\/uploads\/2022\/10\/APN2072-2-300x200.jpg 300w, https:\/\/eglisecatholiqueniger.org\/wp-content\/uploads\/2022\/10\/APN2072-2-1024x683.jpg 1024w, https:\/\/eglisecatholiqueniger.org\/wp-content\/uploads\/2022\/10\/APN2072-2-768x512.jpg 768w, https:\/\/eglisecatholiqueniger.org\/wp-content\/uploads\/2022\/10\/APN2072-2-1536x1025.jpg 1536w, https:\/\/eglisecatholiqueniger.org\/wp-content\/uploads\/2022\/10\/APN2072-2-2048x1367.jpg 2048w, https:\/\/eglisecatholiqueniger.org\/wp-content\/uploads\/2022\/10\/APN2072-2-274x183.jpg 274w, https:\/\/eglisecatholiqueniger.org\/wp-content\/uploads\/2022\/10\/APN2072-2-80x54.jpg 80w, https:\/\/eglisecatholiqueniger.org\/wp-content\/uploads\/2022\/10\/APN2072-2-130x87.jpg 130w, https:\/\/eglisecatholiqueniger.org\/wp-content\/uploads\/2022\/10\/APN2072-2-359x240.jpg 359w, https:\/\/eglisecatholiqueniger.org\/wp-content\/uploads\/2022\/10\/APN2072-2-85x57.jpg 85w, https:\/\/eglisecatholiqueniger.org\/wp-content\/uploads\/2022\/10\/APN2072-2-546x365.jpg 546w, https:\/\/eglisecatholiqueniger.org\/wp-content\/uploads\/2022\/10\/APN2072-2-165x109.jpg 165w, https:\/\/eglisecatholiqueniger.org\/wp-content\/uploads\/2022\/10\/APN2072-2-347x233.jpg 347w, https:\/\/eglisecatholiqueniger.org\/wp-content\/uploads\/2022\/10\/APN2072-2-112x75.jpg 112w, https:\/\/eglisecatholiqueniger.org\/wp-content\/uploads\/2022\/10\/APN2072-2-179x120.jpg 179w, https:\/\/eglisecatholiqueniger.org\/wp-content\/uploads\/2022\/10\/APN2072-2-170x113.jpg 170w, https:\/\/eglisecatholiqueniger.org\/wp-content\/uploads\/2022\/10\/APN2072-2-81x55.jpg 81w, https:\/\/eglisecatholiqueniger.org\/wp-content\/uploads\/2022\/10\/APN2072-2-765x510.jpg 765w\" sizes=\"auto, (max-width: 300px) 100vw, 300px\" \/> La paroisse Saint Paul de Niamey a refus\u00e9 du monde le dimanche 25 septembre 2022. Pour cause, la s\u0153ur Marie-Augustine ISSIFI, de la Fraternit\u00e9 des Servantes du Christ, de Tibiri, dans le Dioc\u00e8se de Maradi, a prononc\u00e9 ses v\u0153ux d\u00e9finitifs comme religieuse, \u00e0 la messe de 9 heures. C\u2019\u00e9tait en pr\u00e9sence de Mgr Laurent LOMPO, Archev\u00eaque de Niamey et c\u00e9l\u00e9brant principal, Mgr\u00a0 Ambroise OUEDRAOGO, Ev\u00eaque de Maradi, Sr Claire, Sup\u00e9rieure G\u00e9n\u00e9rale de la Fraternit\u00e9 des Servantes du Christ, et de nombreux pr\u00eatres, religieux, religieuses, fid\u00e8les la\u00efcs, parents et amis musulmans de Sr Augustine.<\/p>\n<p>Dans son hom\u00e9lie, Mgr Laurent a exhort\u00e9 l\u2019\u00e9lue du jour \u00e0 continuer \u00e0 vivre ce charisme de l\u2019humilit\u00e9, qui \u00a0est l\u2019un des charismes de la Fraternit\u00e9 et pour lequel le symbolisme du lavement des pieds a \u00e9t\u00e9 pos\u00e9 au cours de la c\u00e9l\u00e9bration. Il a aussi invit\u00e9 l\u2019assembl\u00e9e \u00e0 penser et \u00e0 prier pour les personnes d\u00e9plac\u00e9es au Niger et dans les autres pays, \u00e0 cause de l\u2019ins\u00e9curit\u00e9 grandissante. A sa suite, Mgr Ambroise, lui aussi, a invit\u00e9 \u00e0 la solidarit\u00e9.<\/p>\n<p><img loading=\"lazy\" decoding=\"async\" class=\"size-medium wp-image-580 aligncenter\" src=\"http:\/\/eglisecatholiqueniger.org\/wp-content\/uploads\/2022\/10\/APN2175-2-300x200.jpg\" alt=\"\" width=\"300\" height=\"200\" srcset=\"https:\/\/eglisecatholiqueniger.org\/wp-content\/uploads\/2022\/10\/APN2175-2-300x200.jpg 300w, https:\/\/eglisecatholiqueniger.org\/wp-content\/uploads\/2022\/10\/APN2175-2-1024x683.jpg 1024w, https:\/\/eglisecatholiqueniger.org\/wp-content\/uploads\/2022\/10\/APN2175-2-768x512.jpg 768w, https:\/\/eglisecatholiqueniger.org\/wp-content\/uploads\/2022\/10\/APN2175-2-1536x1025.jpg 1536w, https:\/\/eglisecatholiqueniger.org\/wp-content\/uploads\/2022\/10\/APN2175-2-2048x1367.jpg 2048w, https:\/\/eglisecatholiqueniger.org\/wp-content\/uploads\/2022\/10\/APN2175-2-274x183.jpg 274w, https:\/\/eglisecatholiqueniger.org\/wp-content\/uploads\/2022\/10\/APN2175-2-80x54.jpg 80w, https:\/\/eglisecatholiqueniger.org\/wp-content\/uploads\/2022\/10\/APN2175-2-130x87.jpg 130w, https:\/\/eglisecatholiqueniger.org\/wp-content\/uploads\/2022\/10\/APN2175-2-359x240.jpg 359w, https:\/\/eglisecatholiqueniger.org\/wp-content\/uploads\/2022\/10\/APN2175-2-85x57.jpg 85w, https:\/\/eglisecatholiqueniger.org\/wp-content\/uploads\/2022\/10\/APN2175-2-546x365.jpg 546w, https:\/\/eglisecatholiqueniger.org\/wp-content\/uploads\/2022\/10\/APN2175-2-165x109.jpg 165w, https:\/\/eglisecatholiqueniger.org\/wp-content\/uploads\/2022\/10\/APN2175-2-347x233.jpg 347w, https:\/\/eglisecatholiqueniger.org\/wp-content\/uploads\/2022\/10\/APN2175-2-112x75.jpg 112w, https:\/\/eglisecatholiqueniger.org\/wp-content\/uploads\/2022\/10\/APN2175-2-179x120.jpg 179w, https:\/\/eglisecatholiqueniger.org\/wp-content\/uploads\/2022\/10\/APN2175-2-170x113.jpg 170w, https:\/\/eglisecatholiqueniger.org\/wp-content\/uploads\/2022\/10\/APN2175-2-81x55.jpg 81w, https:\/\/eglisecatholiqueniger.org\/wp-content\/uploads\/2022\/10\/APN2175-2-765x510.jpg 765w\" sizes=\"auto, (max-width: 300px) 100vw, 300px\" \/><\/p>\n<p>S\u0153ur Marie-Augustine est originaire de la r\u00e9gion du Gorouol, \u00e0 l\u2019ouest du Niger. Elle est donc de la paroisse de Dolbel-Fantio, ferm\u00e9e temporairement depuis quelques ann\u00e9es pour cause d\u2019ins\u00e9curit\u00e9. S\u0153ur Augustine a fait une partie de ses \u00e9tudes dans cette localit\u00e9, avant de venir les poursuivre \u00e0 Niamey. Elle a \u00e9galement suivi une formation au S\u00e9n\u00e9gal. Actuellement, elle exerce dans le domaine de l\u2019enseignement, dans le Dioc\u00e8se de Maradi. Aujourd&rsquo;hui, elle prononce ses v\u0153ux d\u00e9finitifs devant toute la communaut\u00e9 pr\u00e9sente \u00e0 Saint Paul pour l&rsquo;occasion.<\/p>\n<p><img loading=\"lazy\" decoding=\"async\" class=\"alignnone  wp-image-581\" src=\"http:\/\/eglisecatholiqueniger.org\/wp-content\/uploads\/2022\/10\/APN2248-2-300x200.jpg\" alt=\"\" width=\"260\" height=\"173\" srcset=\"https:\/\/eglisecatholiqueniger.org\/wp-content\/uploads\/2022\/10\/APN2248-2-300x200.jpg 300w, https:\/\/eglisecatholiqueniger.org\/wp-content\/uploads\/2022\/10\/APN2248-2-1024x683.jpg 1024w, https:\/\/eglisecatholiqueniger.org\/wp-content\/uploads\/2022\/10\/APN2248-2-768x512.jpg 768w, https:\/\/eglisecatholiqueniger.org\/wp-content\/uploads\/2022\/10\/APN2248-2-1536x1025.jpg 1536w, https:\/\/eglisecatholiqueniger.org\/wp-content\/uploads\/2022\/10\/APN2248-2-2048x1367.jpg 2048w, https:\/\/eglisecatholiqueniger.org\/wp-content\/uploads\/2022\/10\/APN2248-2-274x183.jpg 274w, https:\/\/eglisecatholiqueniger.org\/wp-content\/uploads\/2022\/10\/APN2248-2-80x54.jpg 80w, https:\/\/eglisecatholiqueniger.org\/wp-content\/uploads\/2022\/10\/APN2248-2-130x87.jpg 130w, https:\/\/eglisecatholiqueniger.org\/wp-content\/uploads\/2022\/10\/APN2248-2-359x240.jpg 359w, https:\/\/eglisecatholiqueniger.org\/wp-content\/uploads\/2022\/10\/APN2248-2-85x57.jpg 85w, https:\/\/eglisecatholiqueniger.org\/wp-content\/uploads\/2022\/10\/APN2248-2-546x365.jpg 546w, https:\/\/eglisecatholiqueniger.org\/wp-content\/uploads\/2022\/10\/APN2248-2-165x109.jpg 165w, https:\/\/eglisecatholiqueniger.org\/wp-content\/uploads\/2022\/10\/APN2248-2-112x75.jpg 112w, https:\/\/eglisecatholiqueniger.org\/wp-content\/uploads\/2022\/10\/APN2248-2-179x120.jpg 179w, https:\/\/eglisecatholiqueniger.org\/wp-content\/uploads\/2022\/10\/APN2248-2-170x113.jpg 170w, https:\/\/eglisecatholiqueniger.org\/wp-content\/uploads\/2022\/10\/APN2248-2-81x55.jpg 81w, https:\/\/eglisecatholiqueniger.org\/wp-content\/uploads\/2022\/10\/APN2248-2-765x510.jpg 765w\" sizes=\"auto, (max-width: 260px) 100vw, 260px\" \/>\u00a0 \u00a0 \u00a0 <img loading=\"lazy\" decoding=\"async\" class=\" wp-image-582 alignright\" src=\"http:\/\/eglisecatholiqueniger.org\/wp-content\/uploads\/2022\/10\/APN2291-2-300x200.jpg\" alt=\"\" width=\"252\" height=\"168\" srcset=\"https:\/\/eglisecatholiqueniger.org\/wp-content\/uploads\/2022\/10\/APN2291-2-300x200.jpg 300w, https:\/\/eglisecatholiqueniger.org\/wp-content\/uploads\/2022\/10\/APN2291-2-1024x683.jpg 1024w, https:\/\/eglisecatholiqueniger.org\/wp-content\/uploads\/2022\/10\/APN2291-2-768x512.jpg 768w, https:\/\/eglisecatholiqueniger.org\/wp-content\/uploads\/2022\/10\/APN2291-2-1536x1025.jpg 1536w, https:\/\/eglisecatholiqueniger.org\/wp-content\/uploads\/2022\/10\/APN2291-2-2048x1367.jpg 2048w, https:\/\/eglisecatholiqueniger.org\/wp-content\/uploads\/2022\/10\/APN2291-2-274x183.jpg 274w, https:\/\/eglisecatholiqueniger.org\/wp-content\/uploads\/2022\/10\/APN2291-2-80x54.jpg 80w, https:\/\/eglisecatholiqueniger.org\/wp-content\/uploads\/2022\/10\/APN2291-2-130x87.jpg 130w, https:\/\/eglisecatholiqueniger.org\/wp-content\/uploads\/2022\/10\/APN2291-2-359x240.jpg 359w, https:\/\/eglisecatholiqueniger.org\/wp-content\/uploads\/2022\/10\/APN2291-2-85x57.jpg 85w, https:\/\/eglisecatholiqueniger.org\/wp-content\/uploads\/2022\/10\/APN2291-2-546x365.jpg 546w, https:\/\/eglisecatholiqueniger.org\/wp-content\/uploads\/2022\/10\/APN2291-2-165x109.jpg 165w, https:\/\/eglisecatholiqueniger.org\/wp-content\/uploads\/2022\/10\/APN2291-2-347x233.jpg 347w, https:\/\/eglisecatholiqueniger.org\/wp-content\/uploads\/2022\/10\/APN2291-2-112x75.jpg 112w, https:\/\/eglisecatholiqueniger.org\/wp-content\/uploads\/2022\/10\/APN2291-2-179x120.jpg 179w, https:\/\/eglisecatholiqueniger.org\/wp-content\/uploads\/2022\/10\/APN2291-2-170x113.jpg 170w, https:\/\/eglisecatholiqueniger.org\/wp-content\/uploads\/2022\/10\/APN2291-2-81x55.jpg 81w, https:\/\/eglisecatholiqueniger.org\/wp-content\/uploads\/2022\/10\/APN2291-2-765x510.jpg 765w\" sizes=\"auto, (max-width: 252px) 100vw, 252px\" \/><\/p>\n<p>Compte-tenu de la situation qui pr\u00e9vaut dans sa r\u00e9gion, elle a souhait\u00e9 c\u00e9l\u00e9brer ses v\u0153ux d\u00e9finitifs dans la sobri\u00e9t\u00e9. Et ce fut ainsi. Apr\u00e8s la messe, les participants sont rentr\u00e9s chez eux pour manifester leur solidarit\u00e9 avec tous les d\u00e9plac\u00e9s internes de la r\u00e9gion et du pays.<\/p>\n","protected":false},"excerpt":{"rendered":"<p>La paroisse Saint Paul de Niamey a refus\u00e9 du monde le dimanche 25 septembre 2022. Pour cause, la s\u0153ur Marie-Augustine ISSIFI, de la Fraternit\u00e9 des Servantes du Christ, de Tibiri, &#8230;<\/p>\n","protected":false},"author":1,"featured_media":0,"comment_status":"open","ping_status":"open","sticky":false,"template":"","format":"standard","meta":{"footnotes":""},"categories":[1],"tags":[],"class_list":["post-578","post","type-post","status-publish","format-standard","category-non-classe"],"_links":{"self":[{"href":"https:\/\/eglisecatholiqueniger.org\/index.php\/wp-json\/wp\/v2\/posts\/578","targetHints":{"allow":["GET"]}}],"collection":[{"href":"https:\/\/eglisecatholiqueniger.org\/index.php\/wp-json\/wp\/v2\/posts"}],"about":[{"href":"https:\/\/eglisecatholiqueniger.org\/index.php\/wp-json\/wp\/v2\/types\/post"}],"author":[{"embeddable":true,"href":"https:\/\/eglisecatholiqueniger.org\/index.php\/wp-json\/wp\/v2\/users\/1"}],"replies":[{"embeddable":true,"href":"https:\/\/eglisecatholiqueniger.org\/index.php\/wp-json\/wp\/v2\/comments?post=578"}],"version-history":[{"count":4,"href":"https:\/\/eglisecatholiqueniger.org\/index.php\/wp-json\/wp\/v2\/posts\/578\/revisions"}],"predecessor-version":[{"id":586,"href":"https:\/\/eglisecatholiqueniger.org\/index.php\/wp-json\/wp\/v2\/posts\/578\/revisions\/586"}],"wp:attachment":[{"href":"https:\/\/eglisecatholiqueniger.org\/index.php\/wp-json\/wp\/v2\/media?parent=578"}],"wp:term":[{"taxonomy":"category","embeddable":true,"href":"https:\/\/eglisecatholiqueniger.org\/index.php\/wp-json\/wp\/v2\/categories?post=578"},{"taxonomy":"post_tag","embeddable":true,"href":"https:\/\/eglisecatholiqueniger.org\/index.php\/wp-json\/wp\/v2\/tags?post=578"}],"curies":[{"name":"wp","href":"https:\/\/api.w.org\/{rel}","templated":true}]}}