{"id":588,"date":"2022-10-05T20:00:14","date_gmt":"2022-10-05T18:00:14","guid":{"rendered":"https:\/\/eglisecatholiqueniger.org\/?p=588"},"modified":"2022-10-05T20:00:14","modified_gmt":"2022-10-05T18:00:14","slug":"mgr-laurent-en-tournee-dans-les-ecoles-pour-la-rentree-scolaire-2022-2023","status":"publish","type":"post","link":"https:\/\/eglisecatholiqueniger.org\/index.php\/2022\/10\/05\/mgr-laurent-en-tournee-dans-les-ecoles-pour-la-rentree-scolaire-2022-2023\/","title":{"rendered":"Mgr Laurent en tourn\u00e9e dans les \u00e9coles pour la rentr\u00e9e scolaire  2022-2023"},"content":{"rendered":"<p><img loading=\"lazy\" decoding=\"async\" class=\" wp-image-589 alignleft\" src=\"http:\/\/eglisecatholiqueniger.org\/wp-content\/uploads\/2022\/10\/MARIAMA-03-10-2022-2-300x200.jpg\" alt=\"\" width=\"275\" height=\"183\" srcset=\"https:\/\/eglisecatholiqueniger.org\/wp-content\/uploads\/2022\/10\/MARIAMA-03-10-2022-2-300x200.jpg 300w, https:\/\/eglisecatholiqueniger.org\/wp-content\/uploads\/2022\/10\/MARIAMA-03-10-2022-2-1024x683.jpg 1024w, https:\/\/eglisecatholiqueniger.org\/wp-content\/uploads\/2022\/10\/MARIAMA-03-10-2022-2-768x512.jpg 768w, https:\/\/eglisecatholiqueniger.org\/wp-content\/uploads\/2022\/10\/MARIAMA-03-10-2022-2-1536x1024.jpg 1536w, https:\/\/eglisecatholiqueniger.org\/wp-content\/uploads\/2022\/10\/MARIAMA-03-10-2022-2-2048x1365.jpg 2048w, https:\/\/eglisecatholiqueniger.org\/wp-content\/uploads\/2022\/10\/MARIAMA-03-10-2022-2-274x183.jpg 274w, https:\/\/eglisecatholiqueniger.org\/wp-content\/uploads\/2022\/10\/MARIAMA-03-10-2022-2-80x54.jpg 80w, https:\/\/eglisecatholiqueniger.org\/wp-content\/uploads\/2022\/10\/MARIAMA-03-10-2022-2-130x87.jpg 130w, https:\/\/eglisecatholiqueniger.org\/wp-content\/uploads\/2022\/10\/MARIAMA-03-10-2022-2-359x240.jpg 359w, https:\/\/eglisecatholiqueniger.org\/wp-content\/uploads\/2022\/10\/MARIAMA-03-10-2022-2-85x57.jpg 85w, https:\/\/eglisecatholiqueniger.org\/wp-content\/uploads\/2022\/10\/MARIAMA-03-10-2022-2-546x365.jpg 546w, https:\/\/eglisecatholiqueniger.org\/wp-content\/uploads\/2022\/10\/MARIAMA-03-10-2022-2-165x109.jpg 165w, https:\/\/eglisecatholiqueniger.org\/wp-content\/uploads\/2022\/10\/MARIAMA-03-10-2022-2-112x75.jpg 112w, https:\/\/eglisecatholiqueniger.org\/wp-content\/uploads\/2022\/10\/MARIAMA-03-10-2022-2-179x120.jpg 179w, https:\/\/eglisecatholiqueniger.org\/wp-content\/uploads\/2022\/10\/MARIAMA-03-10-2022-2-170x113.jpg 170w, https:\/\/eglisecatholiqueniger.org\/wp-content\/uploads\/2022\/10\/MARIAMA-03-10-2022-2-81x55.jpg 81w, https:\/\/eglisecatholiqueniger.org\/wp-content\/uploads\/2022\/10\/MARIAMA-03-10-2022-2-765x510.jpg 765w\" sizes=\"auto, (max-width: 275px) 100vw, 275px\" \/>Lundi 3 octobre 2022. Jour de la rentr\u00e9e scolaire au Niger. L\u2019Archev\u00eaque de Niamey, Mgr Laurent LOMPO, s\u2019est rendu dans plusieurs \u00e9tablissements de l\u2019Archidioc\u00e8se de Niamey, afin de saluer et encourager enseignants et \u00e9l\u00e8ves pour la nouvelle ann\u00e9e scolaire qui commence.<\/p>\n<p>C\u2019est ainsi qu\u2019il s\u2019est rendu, tour \u00e0 tour, au Coll\u00e8ge d\u2019enseignement professionnel et technique, Issa B\u00e9ri, au CLAB, au CEPS et au Coll\u00e8ge Mariama de Niamey. Apr\u00e8s avoir constat\u00e9 l\u2019effectivit\u00e9 de la rentr\u00e9e dans ces \u00e9coles, il a adress\u00e9 des paroles d\u2019encouragement \u00e0 tous, afin que cette ann\u00e9e, comme les ann\u00e9es ant\u00e9rieures, soit une ann\u00e9e de r\u00e9ussite pour tous et chacun.<\/p>\n<p>Notons que les \u00e9coles Mission, comme on les appelle couramment, comptent parmi les meilleures \u00e9coles au Niger, avec une bonne formation donn\u00e9e et de bons r\u00e9sultats aux examens de fin d\u2019ann\u00e9e.\u00a0 <img loading=\"lazy\" decoding=\"async\" class=\"size-medium wp-image-596 aligncenter\" src=\"http:\/\/eglisecatholiqueniger.org\/wp-content\/uploads\/2022\/10\/ISSA-BERI-03-10-2022-3-300x200.jpg\" alt=\"\" width=\"300\" height=\"200\" srcset=\"https:\/\/eglisecatholiqueniger.org\/wp-content\/uploads\/2022\/10\/ISSA-BERI-03-10-2022-3-300x200.jpg 300w, https:\/\/eglisecatholiqueniger.org\/wp-content\/uploads\/2022\/10\/ISSA-BERI-03-10-2022-3-1024x683.jpg 1024w, https:\/\/eglisecatholiqueniger.org\/wp-content\/uploads\/2022\/10\/ISSA-BERI-03-10-2022-3-768x512.jpg 768w, https:\/\/eglisecatholiqueniger.org\/wp-content\/uploads\/2022\/10\/ISSA-BERI-03-10-2022-3-1536x1024.jpg 1536w, https:\/\/eglisecatholiqueniger.org\/wp-content\/uploads\/2022\/10\/ISSA-BERI-03-10-2022-3-2048x1365.jpg 2048w, https:\/\/eglisecatholiqueniger.org\/wp-content\/uploads\/2022\/10\/ISSA-BERI-03-10-2022-3-274x183.jpg 274w, https:\/\/eglisecatholiqueniger.org\/wp-content\/uploads\/2022\/10\/ISSA-BERI-03-10-2022-3-80x54.jpg 80w, https:\/\/eglisecatholiqueniger.org\/wp-content\/uploads\/2022\/10\/ISSA-BERI-03-10-2022-3-130x87.jpg 130w, https:\/\/eglisecatholiqueniger.org\/wp-content\/uploads\/2022\/10\/ISSA-BERI-03-10-2022-3-359x240.jpg 359w, https:\/\/eglisecatholiqueniger.org\/wp-content\/uploads\/2022\/10\/ISSA-BERI-03-10-2022-3-85x57.jpg 85w, https:\/\/eglisecatholiqueniger.org\/wp-content\/uploads\/2022\/10\/ISSA-BERI-03-10-2022-3-546x365.jpg 546w, https:\/\/eglisecatholiqueniger.org\/wp-content\/uploads\/2022\/10\/ISSA-BERI-03-10-2022-3-165x109.jpg 165w, https:\/\/eglisecatholiqueniger.org\/wp-content\/uploads\/2022\/10\/ISSA-BERI-03-10-2022-3-347x233.jpg 347w, https:\/\/eglisecatholiqueniger.org\/wp-content\/uploads\/2022\/10\/ISSA-BERI-03-10-2022-3-112x75.jpg 112w, https:\/\/eglisecatholiqueniger.org\/wp-content\/uploads\/2022\/10\/ISSA-BERI-03-10-2022-3-179x120.jpg 179w, https:\/\/eglisecatholiqueniger.org\/wp-content\/uploads\/2022\/10\/ISSA-BERI-03-10-2022-3-170x113.jpg 170w, https:\/\/eglisecatholiqueniger.org\/wp-content\/uploads\/2022\/10\/ISSA-BERI-03-10-2022-3-81x55.jpg 81w, https:\/\/eglisecatholiqueniger.org\/wp-content\/uploads\/2022\/10\/ISSA-BERI-03-10-2022-3-765x510.jpg 765w\" sizes=\"auto, (max-width: 300px) 100vw, 300px\" \/><\/p>\n<p>&nbsp;<\/p>\n<p>&nbsp;<\/p>\n<p><img loading=\"lazy\" decoding=\"async\" class=\"alignnone  wp-image-592\" src=\"http:\/\/eglisecatholiqueniger.org\/wp-content\/uploads\/2022\/10\/CLAB-03-10-2022-1-300x200.jpg\" alt=\"\" width=\"264\" height=\"176\" srcset=\"https:\/\/eglisecatholiqueniger.org\/wp-content\/uploads\/2022\/10\/CLAB-03-10-2022-1-300x200.jpg 300w, https:\/\/eglisecatholiqueniger.org\/wp-content\/uploads\/2022\/10\/CLAB-03-10-2022-1-1024x683.jpg 1024w, https:\/\/eglisecatholiqueniger.org\/wp-content\/uploads\/2022\/10\/CLAB-03-10-2022-1-768x512.jpg 768w, https:\/\/eglisecatholiqueniger.org\/wp-content\/uploads\/2022\/10\/CLAB-03-10-2022-1-1536x1024.jpg 1536w, https:\/\/eglisecatholiqueniger.org\/wp-content\/uploads\/2022\/10\/CLAB-03-10-2022-1-2048x1365.jpg 2048w, https:\/\/eglisecatholiqueniger.org\/wp-content\/uploads\/2022\/10\/CLAB-03-10-2022-1-274x183.jpg 274w, https:\/\/eglisecatholiqueniger.org\/wp-content\/uploads\/2022\/10\/CLAB-03-10-2022-1-80x54.jpg 80w, https:\/\/eglisecatholiqueniger.org\/wp-content\/uploads\/2022\/10\/CLAB-03-10-2022-1-130x87.jpg 130w, https:\/\/eglisecatholiqueniger.org\/wp-content\/uploads\/2022\/10\/CLAB-03-10-2022-1-359x240.jpg 359w, https:\/\/eglisecatholiqueniger.org\/wp-content\/uploads\/2022\/10\/CLAB-03-10-2022-1-85x57.jpg 85w, https:\/\/eglisecatholiqueniger.org\/wp-content\/uploads\/2022\/10\/CLAB-03-10-2022-1-546x365.jpg 546w, https:\/\/eglisecatholiqueniger.org\/wp-content\/uploads\/2022\/10\/CLAB-03-10-2022-1-165x109.jpg 165w, https:\/\/eglisecatholiqueniger.org\/wp-content\/uploads\/2022\/10\/CLAB-03-10-2022-1-347x233.jpg 347w, https:\/\/eglisecatholiqueniger.org\/wp-content\/uploads\/2022\/10\/CLAB-03-10-2022-1-112x75.jpg 112w, https:\/\/eglisecatholiqueniger.org\/wp-content\/uploads\/2022\/10\/CLAB-03-10-2022-1-179x120.jpg 179w, https:\/\/eglisecatholiqueniger.org\/wp-content\/uploads\/2022\/10\/CLAB-03-10-2022-1-170x113.jpg 170w, https:\/\/eglisecatholiqueniger.org\/wp-content\/uploads\/2022\/10\/CLAB-03-10-2022-1-81x55.jpg 81w, https:\/\/eglisecatholiqueniger.org\/wp-content\/uploads\/2022\/10\/CLAB-03-10-2022-1-765x510.jpg 765w\" sizes=\"auto, (max-width: 264px) 100vw, 264px\" \/>\u00a0 \u00a0 \u00a0 \u00a0 \u00a0 \u00a0 \u00a0 <img loading=\"lazy\" decoding=\"async\" class=\" wp-image-593 alignright\" src=\"http:\/\/eglisecatholiqueniger.org\/wp-content\/uploads\/2022\/10\/CEPS-03-10-2022-1-300x200.jpg\" alt=\"\" width=\"261\" height=\"174\" srcset=\"https:\/\/eglisecatholiqueniger.org\/wp-content\/uploads\/2022\/10\/CEPS-03-10-2022-1-300x200.jpg 300w, https:\/\/eglisecatholiqueniger.org\/wp-content\/uploads\/2022\/10\/CEPS-03-10-2022-1-1024x683.jpg 1024w, https:\/\/eglisecatholiqueniger.org\/wp-content\/uploads\/2022\/10\/CEPS-03-10-2022-1-768x512.jpg 768w, https:\/\/eglisecatholiqueniger.org\/wp-content\/uploads\/2022\/10\/CEPS-03-10-2022-1-1536x1024.jpg 1536w, https:\/\/eglisecatholiqueniger.org\/wp-content\/uploads\/2022\/10\/CEPS-03-10-2022-1-2048x1365.jpg 2048w, https:\/\/eglisecatholiqueniger.org\/wp-content\/uploads\/2022\/10\/CEPS-03-10-2022-1-274x183.jpg 274w, https:\/\/eglisecatholiqueniger.org\/wp-content\/uploads\/2022\/10\/CEPS-03-10-2022-1-80x54.jpg 80w, https:\/\/eglisecatholiqueniger.org\/wp-content\/uploads\/2022\/10\/CEPS-03-10-2022-1-130x87.jpg 130w, https:\/\/eglisecatholiqueniger.org\/wp-content\/uploads\/2022\/10\/CEPS-03-10-2022-1-359x240.jpg 359w, https:\/\/eglisecatholiqueniger.org\/wp-content\/uploads\/2022\/10\/CEPS-03-10-2022-1-85x57.jpg 85w, https:\/\/eglisecatholiqueniger.org\/wp-content\/uploads\/2022\/10\/CEPS-03-10-2022-1-546x365.jpg 546w, https:\/\/eglisecatholiqueniger.org\/wp-content\/uploads\/2022\/10\/CEPS-03-10-2022-1-165x109.jpg 165w, https:\/\/eglisecatholiqueniger.org\/wp-content\/uploads\/2022\/10\/CEPS-03-10-2022-1-347x233.jpg 347w, https:\/\/eglisecatholiqueniger.org\/wp-content\/uploads\/2022\/10\/CEPS-03-10-2022-1-112x75.jpg 112w, https:\/\/eglisecatholiqueniger.org\/wp-content\/uploads\/2022\/10\/CEPS-03-10-2022-1-179x120.jpg 179w, https:\/\/eglisecatholiqueniger.org\/wp-content\/uploads\/2022\/10\/CEPS-03-10-2022-1-170x113.jpg 170w, https:\/\/eglisecatholiqueniger.org\/wp-content\/uploads\/2022\/10\/CEPS-03-10-2022-1-81x55.jpg 81w, https:\/\/eglisecatholiqueniger.org\/wp-content\/uploads\/2022\/10\/CEPS-03-10-2022-1-765x510.jpg 765w\" sizes=\"auto, (max-width: 261px) 100vw, 261px\" \/><\/p>\n","protected":false},"excerpt":{"rendered":"<p>Lundi 3 octobre 2022. Jour de la rentr\u00e9e scolaire au Niger. L\u2019Archev\u00eaque de Niamey, Mgr Laurent LOMPO, s\u2019est rendu dans plusieurs \u00e9tablissements de l\u2019Archidioc\u00e8se de Niamey, afin de saluer et &#8230;<\/p>\n","protected":false},"author":1,"featured_media":0,"comment_status":"open","ping_status":"open","sticky":false,"template":"","format":"standard","meta":{"footnotes":""},"categories":[1],"tags":[],"class_list":["post-588","post","type-post","status-publish","format-standard","category-non-classe"],"_links":{"self":[{"href":"https:\/\/eglisecatholiqueniger.org\/index.php\/wp-json\/wp\/v2\/posts\/588","targetHints":{"allow":["GET"]}}],"collection":[{"href":"https:\/\/eglisecatholiqueniger.org\/index.php\/wp-json\/wp\/v2\/posts"}],"about":[{"href":"https:\/\/eglisecatholiqueniger.org\/index.php\/wp-json\/wp\/v2\/types\/post"}],"author":[{"embeddable":true,"href":"https:\/\/eglisecatholiqueniger.org\/index.php\/wp-json\/wp\/v2\/users\/1"}],"replies":[{"embeddable":true,"href":"https:\/\/eglisecatholiqueniger.org\/index.php\/wp-json\/wp\/v2\/comments?post=588"}],"version-history":[{"count":3,"href":"https:\/\/eglisecatholiqueniger.org\/index.php\/wp-json\/wp\/v2\/posts\/588\/revisions"}],"predecessor-version":[{"id":599,"href":"https:\/\/eglisecatholiqueniger.org\/index.php\/wp-json\/wp\/v2\/posts\/588\/revisions\/599"}],"wp:attachment":[{"href":"https:\/\/eglisecatholiqueniger.org\/index.php\/wp-json\/wp\/v2\/media?parent=588"}],"wp:term":[{"taxonomy":"category","embeddable":true,"href":"https:\/\/eglisecatholiqueniger.org\/index.php\/wp-json\/wp\/v2\/categories?post=588"},{"taxonomy":"post_tag","embeddable":true,"href":"https:\/\/eglisecatholiqueniger.org\/index.php\/wp-json\/wp\/v2\/tags?post=588"}],"curies":[{"name":"wp","href":"https:\/\/api.w.org\/{rel}","templated":true}]}}