{"id":603,"date":"2022-10-14T19:26:14","date_gmt":"2022-10-14T17:26:14","guid":{"rendered":"https:\/\/eglisecatholiqueniger.org\/?p=603"},"modified":"2022-10-14T19:26:14","modified_gmt":"2022-10-14T17:26:14","slug":"assemblee-diocesaine-2022","status":"publish","type":"post","link":"https:\/\/eglisecatholiqueniger.org\/index.php\/2022\/10\/14\/assemblee-diocesaine-2022\/","title":{"rendered":"Assembl\u00e9e dioc\u00e9saine 2022"},"content":{"rendered":"<p><strong><em>Pour une Eglise qui se forme pour mieux contribuer \u00e0 la transformation de la soci\u00e9t\u00e9, \u00e0 la suite du Christ<\/em><\/strong><\/p>\n<p>&nbsp;<\/p>\n<p><img loading=\"lazy\" decoding=\"async\" class=\"size-medium wp-image-605 alignleft\" src=\"http:\/\/eglisecatholiqueniger.org\/wp-content\/uploads\/2022\/10\/APN3846-2-300x200.jpg\" alt=\"\" width=\"300\" height=\"200\" srcset=\"https:\/\/eglisecatholiqueniger.org\/wp-content\/uploads\/2022\/10\/APN3846-2-300x200.jpg 300w, https:\/\/eglisecatholiqueniger.org\/wp-content\/uploads\/2022\/10\/APN3846-2-1024x683.jpg 1024w, https:\/\/eglisecatholiqueniger.org\/wp-content\/uploads\/2022\/10\/APN3846-2-768x512.jpg 768w, https:\/\/eglisecatholiqueniger.org\/wp-content\/uploads\/2022\/10\/APN3846-2-1536x1025.jpg 1536w, https:\/\/eglisecatholiqueniger.org\/wp-content\/uploads\/2022\/10\/APN3846-2-2048x1367.jpg 2048w, https:\/\/eglisecatholiqueniger.org\/wp-content\/uploads\/2022\/10\/APN3846-2-274x183.jpg 274w, https:\/\/eglisecatholiqueniger.org\/wp-content\/uploads\/2022\/10\/APN3846-2-80x54.jpg 80w, https:\/\/eglisecatholiqueniger.org\/wp-content\/uploads\/2022\/10\/APN3846-2-130x87.jpg 130w, https:\/\/eglisecatholiqueniger.org\/wp-content\/uploads\/2022\/10\/APN3846-2-359x240.jpg 359w, https:\/\/eglisecatholiqueniger.org\/wp-content\/uploads\/2022\/10\/APN3846-2-85x57.jpg 85w, https:\/\/eglisecatholiqueniger.org\/wp-content\/uploads\/2022\/10\/APN3846-2-546x365.jpg 546w, https:\/\/eglisecatholiqueniger.org\/wp-content\/uploads\/2022\/10\/APN3846-2-165x109.jpg 165w, https:\/\/eglisecatholiqueniger.org\/wp-content\/uploads\/2022\/10\/APN3846-2-347x233.jpg 347w, https:\/\/eglisecatholiqueniger.org\/wp-content\/uploads\/2022\/10\/APN3846-2-112x75.jpg 112w, https:\/\/eglisecatholiqueniger.org\/wp-content\/uploads\/2022\/10\/APN3846-2-179x120.jpg 179w, https:\/\/eglisecatholiqueniger.org\/wp-content\/uploads\/2022\/10\/APN3846-2-170x113.jpg 170w, https:\/\/eglisecatholiqueniger.org\/wp-content\/uploads\/2022\/10\/APN3846-2-81x55.jpg 81w, https:\/\/eglisecatholiqueniger.org\/wp-content\/uploads\/2022\/10\/APN3846-2-765x510.jpg 765w\" sizes=\"auto, (max-width: 300px) 100vw, 300px\" \/>Mgr Laurent LOMPO a ouvert les travaux de l\u2019Assembl\u00e9e dioc\u00e9saine 2022, \u00e0 la Cath\u00e9drale de Niamey, le jeudi 13 octobre 2022. Pour l\u2019occasion, une messe a \u00e9t\u00e9 c\u00e9l\u00e9br\u00e9e avec tous les participants, mais aussi, des fid\u00e8les chr\u00e9tiens venus de plusieurs paroisses, afin d\u2019introduire et de confier au Seigneur cette importante rencontre dioc\u00e9saine qui a lieu chaque ann\u00e9e, au mois d\u2019octobre.<\/p>\n<p>Apr\u00e8s la c\u00e9l\u00e9bration, les pr\u00eatres, religieux, religieuses, la\u00efques consacr\u00e9es et fid\u00e8les d\u00e9l\u00e9gu\u00e9s des paroisses de l\u2019Archidioc\u00e8se de Niamey se sont rendus dans\u00a0 la salle dioc\u00e9saine de la Cath\u00e9drale. Pour lancer les travaux, l\u2019Archev\u00eaque de Niamey a prononc\u00e9 un mot d\u2019ouverture. Apr\u00e8s avoir souhait\u00e9 la bienvenue \u00e0 tous, agents pastoraux et amis de l\u2019Eglise Catholique au Niger, il \u00a0a soulign\u00e9 l\u2019objectif de l\u2019assembl\u00e9e de cette ann\u00e9e\u00a0: \u00ab\u00a0Nous voulons continuer nos actions pastorales, caritatives et de d\u00e9veloppement dans un contexte d\u2019ins\u00e9curit\u00e9 g\u00e9n\u00e9ralis\u00e9e, o\u00f9 des milliers de familles n\u2019ont plus leur terre, ni \u00e0 manger. Des centaines d\u2019\u00e9coles sont ferm\u00e9es, provoquant une situation de milliers d\u2019enfants non scolaris\u00e9s.\u00a0\u00bb Pour rassurer, l\u2019Ordinaire de Niamey a exhort\u00e9 \u00e0 ne pas c\u00e9der \u00e0 la peur et au d\u00e9couragement, \u00ab\u00a0car Dieu est avec nous\u00a0\u00bb. Informant les participants du th\u00e8me de l\u2019ann\u00e9e\u00a0: <strong><em>\u00ab\u00a0Eglise-Famille de Dieu, \u00e0 travers un la\u00efcat form\u00e9, engage-toi pour la transformation de ton milieu\u00a0\u00bb,<\/em><\/strong> Mgr Laurent a expliqu\u00e9 que \u00ab\u00a0la mission de transformation du monde est une mission que nous tenons du Christ.\u00a0\u00bb Et d\u2019ajouter, en citant le Saint Pape Jean-Paul II\u00a0: \u00ab\u00a0 C\u2019est une mission de lib\u00e9ration et de salut qui atteint la personne humaine dans ses aspects physiques et spirituels\u00a0\u00bb (cf <em>Redemptoris missio,<\/em> n\u00b014).<\/p>\n<p><img loading=\"lazy\" decoding=\"async\" class=\"alignnone  wp-image-606\" src=\"http:\/\/eglisecatholiqueniger.org\/wp-content\/uploads\/2022\/10\/APN3825-300x200.jpg\" alt=\"\" width=\"234\" height=\"156\" srcset=\"https:\/\/eglisecatholiqueniger.org\/wp-content\/uploads\/2022\/10\/APN3825-300x200.jpg 300w, https:\/\/eglisecatholiqueniger.org\/wp-content\/uploads\/2022\/10\/APN3825-1024x683.jpg 1024w, https:\/\/eglisecatholiqueniger.org\/wp-content\/uploads\/2022\/10\/APN3825-768x512.jpg 768w, https:\/\/eglisecatholiqueniger.org\/wp-content\/uploads\/2022\/10\/APN3825-1536x1025.jpg 1536w, https:\/\/eglisecatholiqueniger.org\/wp-content\/uploads\/2022\/10\/APN3825-2048x1367.jpg 2048w, https:\/\/eglisecatholiqueniger.org\/wp-content\/uploads\/2022\/10\/APN3825-274x183.jpg 274w, https:\/\/eglisecatholiqueniger.org\/wp-content\/uploads\/2022\/10\/APN3825-80x54.jpg 80w, https:\/\/eglisecatholiqueniger.org\/wp-content\/uploads\/2022\/10\/APN3825-130x87.jpg 130w, https:\/\/eglisecatholiqueniger.org\/wp-content\/uploads\/2022\/10\/APN3825-359x240.jpg 359w, https:\/\/eglisecatholiqueniger.org\/wp-content\/uploads\/2022\/10\/APN3825-85x57.jpg 85w, https:\/\/eglisecatholiqueniger.org\/wp-content\/uploads\/2022\/10\/APN3825-546x365.jpg 546w, https:\/\/eglisecatholiqueniger.org\/wp-content\/uploads\/2022\/10\/APN3825-266x179.jpg 266w, https:\/\/eglisecatholiqueniger.org\/wp-content\/uploads\/2022\/10\/APN3825-165x109.jpg 165w, https:\/\/eglisecatholiqueniger.org\/wp-content\/uploads\/2022\/10\/APN3825-347x233.jpg 347w, https:\/\/eglisecatholiqueniger.org\/wp-content\/uploads\/2022\/10\/APN3825-112x75.jpg 112w, https:\/\/eglisecatholiqueniger.org\/wp-content\/uploads\/2022\/10\/APN3825-179x120.jpg 179w, https:\/\/eglisecatholiqueniger.org\/wp-content\/uploads\/2022\/10\/APN3825-170x113.jpg 170w, https:\/\/eglisecatholiqueniger.org\/wp-content\/uploads\/2022\/10\/APN3825-81x55.jpg 81w, https:\/\/eglisecatholiqueniger.org\/wp-content\/uploads\/2022\/10\/APN3825-765x510.jpg 765w\" sizes=\"auto, (max-width: 234px) 100vw, 234px\" \/>\u00a0 \u00a0 \u00a0 \u00a0 \u00a0 \u00a0 <img loading=\"lazy\" decoding=\"async\" class=\" wp-image-607 alignright\" src=\"http:\/\/eglisecatholiqueniger.org\/wp-content\/uploads\/2022\/10\/APN3945-2-300x200.jpg\" alt=\"\" width=\"257\" height=\"171\" srcset=\"https:\/\/eglisecatholiqueniger.org\/wp-content\/uploads\/2022\/10\/APN3945-2-300x200.jpg 300w, https:\/\/eglisecatholiqueniger.org\/wp-content\/uploads\/2022\/10\/APN3945-2-1024x683.jpg 1024w, https:\/\/eglisecatholiqueniger.org\/wp-content\/uploads\/2022\/10\/APN3945-2-768x512.jpg 768w, https:\/\/eglisecatholiqueniger.org\/wp-content\/uploads\/2022\/10\/APN3945-2-1536x1025.jpg 1536w, https:\/\/eglisecatholiqueniger.org\/wp-content\/uploads\/2022\/10\/APN3945-2-2048x1367.jpg 2048w, https:\/\/eglisecatholiqueniger.org\/wp-content\/uploads\/2022\/10\/APN3945-2-274x183.jpg 274w, https:\/\/eglisecatholiqueniger.org\/wp-content\/uploads\/2022\/10\/APN3945-2-80x54.jpg 80w, https:\/\/eglisecatholiqueniger.org\/wp-content\/uploads\/2022\/10\/APN3945-2-130x87.jpg 130w, https:\/\/eglisecatholiqueniger.org\/wp-content\/uploads\/2022\/10\/APN3945-2-359x240.jpg 359w, https:\/\/eglisecatholiqueniger.org\/wp-content\/uploads\/2022\/10\/APN3945-2-85x57.jpg 85w, https:\/\/eglisecatholiqueniger.org\/wp-content\/uploads\/2022\/10\/APN3945-2-546x365.jpg 546w, https:\/\/eglisecatholiqueniger.org\/wp-content\/uploads\/2022\/10\/APN3945-2-165x109.jpg 165w, https:\/\/eglisecatholiqueniger.org\/wp-content\/uploads\/2022\/10\/APN3945-2-112x75.jpg 112w, https:\/\/eglisecatholiqueniger.org\/wp-content\/uploads\/2022\/10\/APN3945-2-179x120.jpg 179w, https:\/\/eglisecatholiqueniger.org\/wp-content\/uploads\/2022\/10\/APN3945-2-170x113.jpg 170w, https:\/\/eglisecatholiqueniger.org\/wp-content\/uploads\/2022\/10\/APN3945-2-81x55.jpg 81w, https:\/\/eglisecatholiqueniger.org\/wp-content\/uploads\/2022\/10\/APN3945-2-765x510.jpg 765w\" sizes=\"auto, (max-width: 257px) 100vw, 257px\" \/><\/p>\n<p>Deux jours durant, les participants ont\u00a0\u00e9chang\u00e9, par secteur, autour des d\u00e9fis auxquels font face les fid\u00e8les et communaut\u00e9s chr\u00e9tiens. Ils ont aussi \u00e9cout\u00e9 l\u2019analyse des donn\u00e9es sorties de cet \u00e9change, par un socio-anthropologue, Joseph Aboubacar, ainsi qu\u2019un enseignement biblico-spirituel sur le th\u00e8me <em>\u00ab\u00a0l\u2018Evangile qui transforme\u00a0\u00bb.<\/em><\/p>\n<p>Notons que l\u2019assembl\u00e9e sera cl\u00f4tur\u00e9e le samedi 15 octobre, \u00e0 la Cath\u00e9drale, par la c\u00e9l\u00e9bration de l\u2019ordination presbyt\u00e9rale de l\u2019Abb\u00e9 Aim\u00e9 COMBARY et du Jubil\u00e9 d\u2019argent sacerdotal du p\u00e8re Sama\u00efla SANI et de Mgr Laurent LOMPO.<\/p>\n","protected":false},"excerpt":{"rendered":"<p>Pour une Eglise qui se forme pour mieux contribuer \u00e0 la transformation de la soci\u00e9t\u00e9, \u00e0 la suite du Christ &nbsp; Mgr Laurent LOMPO a ouvert les travaux de l\u2019Assembl\u00e9e &#8230;<\/p>\n","protected":false},"author":1,"featured_media":0,"comment_status":"open","ping_status":"open","sticky":false,"template":"","format":"standard","meta":{"footnotes":""},"categories":[1],"tags":[],"class_list":["post-603","post","type-post","status-publish","format-standard","category-non-classe"],"_links":{"self":[{"href":"https:\/\/eglisecatholiqueniger.org\/index.php\/wp-json\/wp\/v2\/posts\/603","targetHints":{"allow":["GET"]}}],"collection":[{"href":"https:\/\/eglisecatholiqueniger.org\/index.php\/wp-json\/wp\/v2\/posts"}],"about":[{"href":"https:\/\/eglisecatholiqueniger.org\/index.php\/wp-json\/wp\/v2\/types\/post"}],"author":[{"embeddable":true,"href":"https:\/\/eglisecatholiqueniger.org\/index.php\/wp-json\/wp\/v2\/users\/1"}],"replies":[{"embeddable":true,"href":"https:\/\/eglisecatholiqueniger.org\/index.php\/wp-json\/wp\/v2\/comments?post=603"}],"version-history":[{"count":3,"href":"https:\/\/eglisecatholiqueniger.org\/index.php\/wp-json\/wp\/v2\/posts\/603\/revisions"}],"predecessor-version":[{"id":609,"href":"https:\/\/eglisecatholiqueniger.org\/index.php\/wp-json\/wp\/v2\/posts\/603\/revisions\/609"}],"wp:attachment":[{"href":"https:\/\/eglisecatholiqueniger.org\/index.php\/wp-json\/wp\/v2\/media?parent=603"}],"wp:term":[{"taxonomy":"category","embeddable":true,"href":"https:\/\/eglisecatholiqueniger.org\/index.php\/wp-json\/wp\/v2\/categories?post=603"},{"taxonomy":"post_tag","embeddable":true,"href":"https:\/\/eglisecatholiqueniger.org\/index.php\/wp-json\/wp\/v2\/tags?post=603"}],"curies":[{"name":"wp","href":"https:\/\/api.w.org\/{rel}","templated":true}]}}