{"id":611,"date":"2022-10-19T20:06:28","date_gmt":"2022-10-19T18:06:28","guid":{"rendered":"https:\/\/eglisecatholiqueniger.org\/?p=611"},"modified":"2022-10-19T20:06:28","modified_gmt":"2022-10-19T18:06:28","slug":"ordination-presbyterale-de-labbe-aime","status":"publish","type":"post","link":"https:\/\/eglisecatholiqueniger.org\/index.php\/2022\/10\/19\/ordination-presbyterale-de-labbe-aime\/","title":{"rendered":"Ordination presbyt\u00e9rale de l\u2019Abb\u00e9 Aim\u00e9"},"content":{"rendered":"<p><img loading=\"lazy\" decoding=\"async\" class=\"wp-image-612 alignleft\" src=\"http:\/\/eglisecatholiqueniger.org\/wp-content\/uploads\/2022\/10\/APN4522-02-300x200.jpg\" alt=\"\" width=\"278\" height=\"185\" srcset=\"https:\/\/eglisecatholiqueniger.org\/wp-content\/uploads\/2022\/10\/APN4522-02-300x200.jpg 300w, https:\/\/eglisecatholiqueniger.org\/wp-content\/uploads\/2022\/10\/APN4522-02-1024x683.jpg 1024w, https:\/\/eglisecatholiqueniger.org\/wp-content\/uploads\/2022\/10\/APN4522-02-768x512.jpg 768w, https:\/\/eglisecatholiqueniger.org\/wp-content\/uploads\/2022\/10\/APN4522-02-1536x1025.jpg 1536w, https:\/\/eglisecatholiqueniger.org\/wp-content\/uploads\/2022\/10\/APN4522-02-2048x1367.jpg 2048w, https:\/\/eglisecatholiqueniger.org\/wp-content\/uploads\/2022\/10\/APN4522-02-274x183.jpg 274w, https:\/\/eglisecatholiqueniger.org\/wp-content\/uploads\/2022\/10\/APN4522-02-80x54.jpg 80w, https:\/\/eglisecatholiqueniger.org\/wp-content\/uploads\/2022\/10\/APN4522-02-130x87.jpg 130w, https:\/\/eglisecatholiqueniger.org\/wp-content\/uploads\/2022\/10\/APN4522-02-359x240.jpg 359w, https:\/\/eglisecatholiqueniger.org\/wp-content\/uploads\/2022\/10\/APN4522-02-85x57.jpg 85w, https:\/\/eglisecatholiqueniger.org\/wp-content\/uploads\/2022\/10\/APN4522-02-546x365.jpg 546w, https:\/\/eglisecatholiqueniger.org\/wp-content\/uploads\/2022\/10\/APN4522-02-165x109.jpg 165w, https:\/\/eglisecatholiqueniger.org\/wp-content\/uploads\/2022\/10\/APN4522-02-112x75.jpg 112w, https:\/\/eglisecatholiqueniger.org\/wp-content\/uploads\/2022\/10\/APN4522-02-179x120.jpg 179w, https:\/\/eglisecatholiqueniger.org\/wp-content\/uploads\/2022\/10\/APN4522-02-170x113.jpg 170w, https:\/\/eglisecatholiqueniger.org\/wp-content\/uploads\/2022\/10\/APN4522-02-81x55.jpg 81w, https:\/\/eglisecatholiqueniger.org\/wp-content\/uploads\/2022\/10\/APN4522-02-765x510.jpg 765w\" sizes=\"auto, (max-width: 278px) 100vw, 278px\" \/>Alors qu\u2019il c\u00e9l\u00e9brait son Jubil\u00e9 d\u2019argent sacerdotal avec son fr\u00e8re, le p\u00e8re Sama\u00efla Sani, Mgr Laurent Lompo a ordonn\u00e9 pr\u00eatre l\u2019Abb\u00e9 Aim\u00e9 COMBARY, de la paroisse saint Marc de Torodi, le samedi 15 octobre 2022, \u00e0 la Cath\u00e9drale de Niamey. C\u2019\u00e9tait en pr\u00e9sence d\u2019autorit\u00e9s religieuses et coutumi\u00e8res, ainsi que de nombreux fid\u00e8les chr\u00e9tiens venus des paroisses de l\u2019Archidioc\u00e8se de Niamey.<\/p>\n<p>Apr\u00e8s la longue et solennelle procession des servants de messe, pr\u00eatres et \u00e9v\u00eaque, rythm\u00e9e par un beau chant en haoussa (langue locale), l\u2019Ordinaire de Niamey a pris la parole pour rendre gr\u00e2ce \u00e0 Dieu qui l\u2019a choisi comme pr\u00eatre et lui a donn\u00e9 un petit fr\u00e8re gurmance 25 ans plus tard. Il a aussi indiqu\u00e9 que son \u00ab\u00a0fr\u00e8re jumeau\u00a0\u00bb, p\u00e8re Sama\u00efla et lui, ont d\u00e9cid\u00e9 de c\u00e9l\u00e9brer leur jubil\u00e9 dans la plus grande simplicit\u00e9, en solidarit\u00e9 avec les d\u00e9plac\u00e9s internes fuyant l\u2019ins\u00e9curit\u00e9 dans leurs localit\u00e9s.<\/p>\n<p>Imm\u00e9diatement apr\u00e8s, le Vicaire G\u00e9n\u00e9ral, p\u00e8re Anthony Coudjofio, a pr\u00e9sent\u00e9 le candidat \u00e0 l\u2019Archev\u00eaque, qui l\u2019\u00e9lit comme pr\u00eatre pour l\u2019Eglise-Famille de Niamey. Dans un esprit d\u2019inculturation, cette bonne nouvelle a \u00e9t\u00e9 relay\u00e9e par un griot au son du tam-tam.<\/p>\n<p><img loading=\"lazy\" decoding=\"async\" class=\"size-medium wp-image-613 aligncenter\" src=\"http:\/\/eglisecatholiqueniger.org\/wp-content\/uploads\/2022\/10\/APN4571-300x200.jpg\" alt=\"\" width=\"300\" height=\"200\" srcset=\"https:\/\/eglisecatholiqueniger.org\/wp-content\/uploads\/2022\/10\/APN4571-300x200.jpg 300w, https:\/\/eglisecatholiqueniger.org\/wp-content\/uploads\/2022\/10\/APN4571-1024x683.jpg 1024w, https:\/\/eglisecatholiqueniger.org\/wp-content\/uploads\/2022\/10\/APN4571-768x512.jpg 768w, https:\/\/eglisecatholiqueniger.org\/wp-content\/uploads\/2022\/10\/APN4571-1536x1025.jpg 1536w, https:\/\/eglisecatholiqueniger.org\/wp-content\/uploads\/2022\/10\/APN4571-2048x1367.jpg 2048w, https:\/\/eglisecatholiqueniger.org\/wp-content\/uploads\/2022\/10\/APN4571-274x183.jpg 274w, https:\/\/eglisecatholiqueniger.org\/wp-content\/uploads\/2022\/10\/APN4571-80x54.jpg 80w, https:\/\/eglisecatholiqueniger.org\/wp-content\/uploads\/2022\/10\/APN4571-130x87.jpg 130w, https:\/\/eglisecatholiqueniger.org\/wp-content\/uploads\/2022\/10\/APN4571-359x240.jpg 359w, https:\/\/eglisecatholiqueniger.org\/wp-content\/uploads\/2022\/10\/APN4571-85x57.jpg 85w, https:\/\/eglisecatholiqueniger.org\/wp-content\/uploads\/2022\/10\/APN4571-546x365.jpg 546w, https:\/\/eglisecatholiqueniger.org\/wp-content\/uploads\/2022\/10\/APN4571-165x109.jpg 165w, https:\/\/eglisecatholiqueniger.org\/wp-content\/uploads\/2022\/10\/APN4571-347x233.jpg 347w, https:\/\/eglisecatholiqueniger.org\/wp-content\/uploads\/2022\/10\/APN4571-112x75.jpg 112w, https:\/\/eglisecatholiqueniger.org\/wp-content\/uploads\/2022\/10\/APN4571-179x120.jpg 179w, https:\/\/eglisecatholiqueniger.org\/wp-content\/uploads\/2022\/10\/APN4571-170x113.jpg 170w, https:\/\/eglisecatholiqueniger.org\/wp-content\/uploads\/2022\/10\/APN4571-81x55.jpg 81w, https:\/\/eglisecatholiqueniger.org\/wp-content\/uploads\/2022\/10\/APN4571-765x510.jpg 765w\" sizes=\"auto, (max-width: 300px) 100vw, 300px\" \/><\/p>\n<p>Apr\u00e8s la lecture des textes liturgiques, Mgr Laurent, dans son hom\u00e9lie, a rappel\u00e9 que cette \u00ab\u00a0messe marque la fin de l\u2019Assembl\u00e9e dioc\u00e9saine\u00a0\u2026 et si nous avons voulu mettre ces trois \u00e9v\u00e9nements ensemble (assembl\u00e9e dioc\u00e9saine, ordination presbyt\u00e9rale et jubil\u00e9 des 25 ans), c\u2019est pour faire communion en tant qu\u2019Eglise en marche et manifester notre joie d\u2019avoir eu un petit fr\u00e8re gurmance apr\u00e8s 25 ans de vie sacerdotale \u00bb. Expliquant les textes liturgiques \u00ab\u00a0choisis par l\u2019ordinand\u00a0\u00bb, il a dit qu\u2019 \u00ab\u00a0ils nous invitent \u00e0 la confiance en tant que serviteurs et servantes \u00e0 sa suite.\u00a0\u00bb Soulignant la \u00ab\u00a0p\u00e9riode trouble de l\u2019histoire d\u2019Isra\u00ebl \u00e0 laquelle J\u00e9r\u00e9mie a \u00e9t\u00e9 appel\u00e9 \u00e0 r\u00e9pondre au projet de Dieu\u00a0\u00bb, l\u2019Archev\u00eaque, s\u2019adressant \u00e0 l\u2019ordinand, lui a dit\u00a0: \u00ab\u00a0tu re\u00e7ois l\u2019ordination presbyt\u00e9rale \u00e0 un moment difficile de l\u2019histoire de notre sous-r\u00e9gion marqu\u00e9e par une ins\u00e9curit\u00e9 g\u00e9n\u00e9ralis\u00e9e, entra\u00eenant un d\u00e9placement massif de milliers de familles sans maisons, sans nourriture, ni de quoi se soigner. Depuis que tu es revenu du s\u00e9minaire, tu n\u2019as pu rendre visite \u00e0 ta propre famille \u00e0 Torodi. Tes parents au Burkina-Faso n\u2019ont pas pu venir t\u2019entourer pour ces raisons d\u2019ins\u00e9curit\u00e9. Tout cela fait peur, mais ne crains rien, Dieu est avec toi et il est avec nous tous pour continuer la mission de transformation de notre milieu de vie.\u00a0\u00bb \u00a0A la fin, il l\u2019a invit\u00e9 au courage et \u00e0 l\u2019objectivit\u00e9 dans son minist\u00e8re sacerdotal.<\/p>\n<p><img loading=\"lazy\" decoding=\"async\" class=\"wp-image-614 alignleft\" src=\"http:\/\/eglisecatholiqueniger.org\/wp-content\/uploads\/2022\/10\/APN4695-02-300x200.jpg\" alt=\"\" width=\"257\" height=\"171\" srcset=\"https:\/\/eglisecatholiqueniger.org\/wp-content\/uploads\/2022\/10\/APN4695-02-300x200.jpg 300w, https:\/\/eglisecatholiqueniger.org\/wp-content\/uploads\/2022\/10\/APN4695-02-1024x683.jpg 1024w, https:\/\/eglisecatholiqueniger.org\/wp-content\/uploads\/2022\/10\/APN4695-02-768x512.jpg 768w, https:\/\/eglisecatholiqueniger.org\/wp-content\/uploads\/2022\/10\/APN4695-02-1536x1025.jpg 1536w, https:\/\/eglisecatholiqueniger.org\/wp-content\/uploads\/2022\/10\/APN4695-02-2048x1367.jpg 2048w, https:\/\/eglisecatholiqueniger.org\/wp-content\/uploads\/2022\/10\/APN4695-02-274x183.jpg 274w, https:\/\/eglisecatholiqueniger.org\/wp-content\/uploads\/2022\/10\/APN4695-02-80x54.jpg 80w, https:\/\/eglisecatholiqueniger.org\/wp-content\/uploads\/2022\/10\/APN4695-02-130x87.jpg 130w, https:\/\/eglisecatholiqueniger.org\/wp-content\/uploads\/2022\/10\/APN4695-02-359x240.jpg 359w, https:\/\/eglisecatholiqueniger.org\/wp-content\/uploads\/2022\/10\/APN4695-02-85x57.jpg 85w, https:\/\/eglisecatholiqueniger.org\/wp-content\/uploads\/2022\/10\/APN4695-02-546x365.jpg 546w, https:\/\/eglisecatholiqueniger.org\/wp-content\/uploads\/2022\/10\/APN4695-02-165x109.jpg 165w, https:\/\/eglisecatholiqueniger.org\/wp-content\/uploads\/2022\/10\/APN4695-02-112x75.jpg 112w, https:\/\/eglisecatholiqueniger.org\/wp-content\/uploads\/2022\/10\/APN4695-02-179x120.jpg 179w, https:\/\/eglisecatholiqueniger.org\/wp-content\/uploads\/2022\/10\/APN4695-02-170x113.jpg 170w, https:\/\/eglisecatholiqueniger.org\/wp-content\/uploads\/2022\/10\/APN4695-02-81x55.jpg 81w, https:\/\/eglisecatholiqueniger.org\/wp-content\/uploads\/2022\/10\/APN4695-02-765x510.jpg 765w\" sizes=\"auto, (max-width: 257px) 100vw, 257px\" \/>Dans les rites sacramentels qui ont suivi, l\u2019Archev\u00eaque a eu un dialogue avec l\u2019ordinand, avant d\u2019inviter l\u2019assembl\u00e9e \u00e0 prier les saints pour confier \u00e0 la mis\u00e9ricorde de Dieu celui qu\u2019il a choisi\u00a0 comme pr\u00eatre. Puis, l\u2019\u00e9v\u00eaque et, \u00e0 sa suite les pr\u00eatres, ont impos\u00e9 les mains \u00e0 l\u2019Abb\u00e9 Aim\u00e9, avant que l\u2019\u00e9v\u00eaque ne prononce la pri\u00e8re d\u2019ordination sur l\u2019ordinand, toujours \u00e0 genoux. \u00a0Apr\u00e8s ces rites qui conf\u00e8rent le sacrement de l\u2019ordre, notre fr\u00e8re, Abb\u00e9 Aim\u00e9, est d\u00e9sormais pr\u00eatre de J\u00e9sus pour l\u2019\u00e9ternit\u00e9. Pour marquer son identit\u00e9 de pr\u00eatre et d\u2019intercesseur du Peuple de Dieu au milieu des hommes, il s\u2019est vu rev\u00eatir les ornements sacerdotaux, avant l\u2019onction des mains et la r\u00e9ception de la pat\u00e8ne et du calice pour pr\u00e9senter \u00e0 Dieu l\u2019offrande du peuple saint. A ce moment pr\u00e9cis, il a commenc\u00e9 \u00e0 pleuvoir. \u00ab C\u2019est un signe de Dieu. Il est vraiment un aim\u00e9 de Dieu \u00bb, disait une femme. <img loading=\"lazy\" decoding=\"async\" class=\"wp-image-615 alignright\" src=\"http:\/\/eglisecatholiqueniger.org\/wp-content\/uploads\/2022\/10\/APN4714-02-300x200.jpg\" alt=\"\" width=\"267\" height=\"178\" srcset=\"https:\/\/eglisecatholiqueniger.org\/wp-content\/uploads\/2022\/10\/APN4714-02-300x200.jpg 300w, https:\/\/eglisecatholiqueniger.org\/wp-content\/uploads\/2022\/10\/APN4714-02-1024x683.jpg 1024w, https:\/\/eglisecatholiqueniger.org\/wp-content\/uploads\/2022\/10\/APN4714-02-768x512.jpg 768w, https:\/\/eglisecatholiqueniger.org\/wp-content\/uploads\/2022\/10\/APN4714-02-1536x1025.jpg 1536w, https:\/\/eglisecatholiqueniger.org\/wp-content\/uploads\/2022\/10\/APN4714-02-2048x1367.jpg 2048w, https:\/\/eglisecatholiqueniger.org\/wp-content\/uploads\/2022\/10\/APN4714-02-274x183.jpg 274w, https:\/\/eglisecatholiqueniger.org\/wp-content\/uploads\/2022\/10\/APN4714-02-80x54.jpg 80w, https:\/\/eglisecatholiqueniger.org\/wp-content\/uploads\/2022\/10\/APN4714-02-130x87.jpg 130w, https:\/\/eglisecatholiqueniger.org\/wp-content\/uploads\/2022\/10\/APN4714-02-359x240.jpg 359w, https:\/\/eglisecatholiqueniger.org\/wp-content\/uploads\/2022\/10\/APN4714-02-85x57.jpg 85w, https:\/\/eglisecatholiqueniger.org\/wp-content\/uploads\/2022\/10\/APN4714-02-546x365.jpg 546w, https:\/\/eglisecatholiqueniger.org\/wp-content\/uploads\/2022\/10\/APN4714-02-165x109.jpg 165w, https:\/\/eglisecatholiqueniger.org\/wp-content\/uploads\/2022\/10\/APN4714-02-347x233.jpg 347w, https:\/\/eglisecatholiqueniger.org\/wp-content\/uploads\/2022\/10\/APN4714-02-112x75.jpg 112w, https:\/\/eglisecatholiqueniger.org\/wp-content\/uploads\/2022\/10\/APN4714-02-179x120.jpg 179w, https:\/\/eglisecatholiqueniger.org\/wp-content\/uploads\/2022\/10\/APN4714-02-170x113.jpg 170w, https:\/\/eglisecatholiqueniger.org\/wp-content\/uploads\/2022\/10\/APN4714-02-81x55.jpg 81w, https:\/\/eglisecatholiqueniger.org\/wp-content\/uploads\/2022\/10\/APN4714-02-765x510.jpg 765w\" sizes=\"auto, (max-width: 267px) 100vw, 267px\" \/><\/p>\n<p>Notons que l\u2019Abb\u00e9 Aim\u00e9 est n\u00e9 \u00e0 Fada N\u2019Gourma, au Burkina-Faso, de Combary Mathieu et de Thiombiano Honorine. Il a eu la vocation au contact des p\u00e8res qui desservaient la paroisse de Torodi, \u00e0 une soixantaine de kilom\u00e8tres o\u00f9 sa famille est venue s\u2019\u00e9tablir. Apr\u00e8s le bac, il a fait la philosophie au Grand S\u00e9minaire Saint Pierre-Saint Paul de Ouagadougou, au Burkina-Faso. Confront\u00e9 \u00e0 des \u00e9preuves, il a d\u00e9cid\u00e9 de quitter le s\u00e9minaire avant m\u00eame de passer la licence. Mais il sera rattrap\u00e9 par le Seigneur peu de temps apr\u00e8s. Il revint alors au s\u00e9minaire o\u00f9 il obtiendra la licence, avant de continuer la th\u00e9ologie au Grand S\u00e9minaire Saint Jean-Baptiste de Ouagadougou. Il est ordonn\u00e9 diacre le 24 juin 2021, puis pr\u00eatre ce jour, 15 octobre 2022.<\/p>\n<p>Apr\u00e8s les rites d\u2019ordination, la messe s\u2019est poursuivie comme d\u2019habitude avec la liturgie eucharistique. A la fin de la messe, qui marquait aussi la cl\u00f4ture de l\u2019assembl\u00e9e dioc\u00e9saine, les participants ainsi que les invit\u00e9s se sont retrouv\u00e9s dans la cour de l\u2019Archev\u00each\u00e9 pour des agapes fraternelles.<\/p>\n<p><img loading=\"lazy\" decoding=\"async\" class=\"alignnone  wp-image-616\" src=\"http:\/\/eglisecatholiqueniger.org\/wp-content\/uploads\/2022\/10\/APN4823-02-300x200.jpg\" alt=\"\" width=\"272\" height=\"181\" srcset=\"https:\/\/eglisecatholiqueniger.org\/wp-content\/uploads\/2022\/10\/APN4823-02-300x200.jpg 300w, https:\/\/eglisecatholiqueniger.org\/wp-content\/uploads\/2022\/10\/APN4823-02-1024x683.jpg 1024w, https:\/\/eglisecatholiqueniger.org\/wp-content\/uploads\/2022\/10\/APN4823-02-768x512.jpg 768w, https:\/\/eglisecatholiqueniger.org\/wp-content\/uploads\/2022\/10\/APN4823-02-1536x1025.jpg 1536w, https:\/\/eglisecatholiqueniger.org\/wp-content\/uploads\/2022\/10\/APN4823-02-2048x1367.jpg 2048w, https:\/\/eglisecatholiqueniger.org\/wp-content\/uploads\/2022\/10\/APN4823-02-274x183.jpg 274w, https:\/\/eglisecatholiqueniger.org\/wp-content\/uploads\/2022\/10\/APN4823-02-80x54.jpg 80w, https:\/\/eglisecatholiqueniger.org\/wp-content\/uploads\/2022\/10\/APN4823-02-130x87.jpg 130w, https:\/\/eglisecatholiqueniger.org\/wp-content\/uploads\/2022\/10\/APN4823-02-359x240.jpg 359w, https:\/\/eglisecatholiqueniger.org\/wp-content\/uploads\/2022\/10\/APN4823-02-85x57.jpg 85w, https:\/\/eglisecatholiqueniger.org\/wp-content\/uploads\/2022\/10\/APN4823-02-546x365.jpg 546w, https:\/\/eglisecatholiqueniger.org\/wp-content\/uploads\/2022\/10\/APN4823-02-165x109.jpg 165w, https:\/\/eglisecatholiqueniger.org\/wp-content\/uploads\/2022\/10\/APN4823-02-112x75.jpg 112w, https:\/\/eglisecatholiqueniger.org\/wp-content\/uploads\/2022\/10\/APN4823-02-179x120.jpg 179w, https:\/\/eglisecatholiqueniger.org\/wp-content\/uploads\/2022\/10\/APN4823-02-170x113.jpg 170w, https:\/\/eglisecatholiqueniger.org\/wp-content\/uploads\/2022\/10\/APN4823-02-81x55.jpg 81w, https:\/\/eglisecatholiqueniger.org\/wp-content\/uploads\/2022\/10\/APN4823-02-765x510.jpg 765w\" sizes=\"auto, (max-width: 272px) 100vw, 272px\" \/>\u00a0 \u00a0 <img loading=\"lazy\" decoding=\"async\" class=\" wp-image-617 alignright\" src=\"http:\/\/eglisecatholiqueniger.org\/wp-content\/uploads\/2022\/10\/APN4972-02-300x200.jpg\" alt=\"\" width=\"272\" height=\"181\" srcset=\"https:\/\/eglisecatholiqueniger.org\/wp-content\/uploads\/2022\/10\/APN4972-02-300x200.jpg 300w, https:\/\/eglisecatholiqueniger.org\/wp-content\/uploads\/2022\/10\/APN4972-02-1024x683.jpg 1024w, https:\/\/eglisecatholiqueniger.org\/wp-content\/uploads\/2022\/10\/APN4972-02-768x512.jpg 768w, https:\/\/eglisecatholiqueniger.org\/wp-content\/uploads\/2022\/10\/APN4972-02-1536x1025.jpg 1536w, https:\/\/eglisecatholiqueniger.org\/wp-content\/uploads\/2022\/10\/APN4972-02-2048x1367.jpg 2048w, https:\/\/eglisecatholiqueniger.org\/wp-content\/uploads\/2022\/10\/APN4972-02-274x183.jpg 274w, https:\/\/eglisecatholiqueniger.org\/wp-content\/uploads\/2022\/10\/APN4972-02-80x54.jpg 80w, https:\/\/eglisecatholiqueniger.org\/wp-content\/uploads\/2022\/10\/APN4972-02-130x87.jpg 130w, https:\/\/eglisecatholiqueniger.org\/wp-content\/uploads\/2022\/10\/APN4972-02-359x240.jpg 359w, https:\/\/eglisecatholiqueniger.org\/wp-content\/uploads\/2022\/10\/APN4972-02-85x57.jpg 85w, https:\/\/eglisecatholiqueniger.org\/wp-content\/uploads\/2022\/10\/APN4972-02-546x365.jpg 546w, https:\/\/eglisecatholiqueniger.org\/wp-content\/uploads\/2022\/10\/APN4972-02-165x109.jpg 165w, https:\/\/eglisecatholiqueniger.org\/wp-content\/uploads\/2022\/10\/APN4972-02-112x75.jpg 112w, https:\/\/eglisecatholiqueniger.org\/wp-content\/uploads\/2022\/10\/APN4972-02-179x120.jpg 179w, https:\/\/eglisecatholiqueniger.org\/wp-content\/uploads\/2022\/10\/APN4972-02-170x113.jpg 170w, https:\/\/eglisecatholiqueniger.org\/wp-content\/uploads\/2022\/10\/APN4972-02-81x55.jpg 81w, https:\/\/eglisecatholiqueniger.org\/wp-content\/uploads\/2022\/10\/APN4972-02-765x510.jpg 765w\" sizes=\"auto, (max-width: 272px) 100vw, 272px\" \/><\/p>\n<p>&nbsp;<\/p>\n","protected":false},"excerpt":{"rendered":"<p>Alors qu\u2019il c\u00e9l\u00e9brait son Jubil\u00e9 d\u2019argent sacerdotal avec son fr\u00e8re, le p\u00e8re Sama\u00efla Sani, Mgr Laurent Lompo a ordonn\u00e9 pr\u00eatre l\u2019Abb\u00e9 Aim\u00e9 COMBARY, de la paroisse saint Marc de Torodi, &#8230;<\/p>\n","protected":false},"author":1,"featured_media":0,"comment_status":"open","ping_status":"open","sticky":false,"template":"","format":"standard","meta":{"footnotes":""},"categories":[1],"tags":[],"class_list":["post-611","post","type-post","status-publish","format-standard","category-non-classe"],"_links":{"self":[{"href":"https:\/\/eglisecatholiqueniger.org\/index.php\/wp-json\/wp\/v2\/posts\/611","targetHints":{"allow":["GET"]}}],"collection":[{"href":"https:\/\/eglisecatholiqueniger.org\/index.php\/wp-json\/wp\/v2\/posts"}],"about":[{"href":"https:\/\/eglisecatholiqueniger.org\/index.php\/wp-json\/wp\/v2\/types\/post"}],"author":[{"embeddable":true,"href":"https:\/\/eglisecatholiqueniger.org\/index.php\/wp-json\/wp\/v2\/users\/1"}],"replies":[{"embeddable":true,"href":"https:\/\/eglisecatholiqueniger.org\/index.php\/wp-json\/wp\/v2\/comments?post=611"}],"version-history":[{"count":2,"href":"https:\/\/eglisecatholiqueniger.org\/index.php\/wp-json\/wp\/v2\/posts\/611\/revisions"}],"predecessor-version":[{"id":619,"href":"https:\/\/eglisecatholiqueniger.org\/index.php\/wp-json\/wp\/v2\/posts\/611\/revisions\/619"}],"wp:attachment":[{"href":"https:\/\/eglisecatholiqueniger.org\/index.php\/wp-json\/wp\/v2\/media?parent=611"}],"wp:term":[{"taxonomy":"category","embeddable":true,"href":"https:\/\/eglisecatholiqueniger.org\/index.php\/wp-json\/wp\/v2\/categories?post=611"},{"taxonomy":"post_tag","embeddable":true,"href":"https:\/\/eglisecatholiqueniger.org\/index.php\/wp-json\/wp\/v2\/tags?post=611"}],"curies":[{"name":"wp","href":"https:\/\/api.w.org\/{rel}","templated":true}]}}