{"id":620,"date":"2022-10-19T20:25:54","date_gmt":"2022-10-19T18:25:54","guid":{"rendered":"https:\/\/eglisecatholiqueniger.org\/?p=620"},"modified":"2022-10-19T20:25:54","modified_gmt":"2022-10-19T18:25:54","slug":"premiere-messe-du-pere-aime-combary","status":"publish","type":"post","link":"https:\/\/eglisecatholiqueniger.org\/index.php\/2022\/10\/19\/premiere-messe-du-pere-aime-combary\/","title":{"rendered":"Premi\u00e8re messe du p\u00e8re Aim\u00e9 COMBARY"},"content":{"rendered":"<p><img loading=\"lazy\" decoding=\"async\" class=\" wp-image-621 alignleft\" src=\"http:\/\/eglisecatholiqueniger.org\/wp-content\/uploads\/2022\/10\/APN5536-02-300x200.jpg\" alt=\"\" width=\"236\" height=\"157\" srcset=\"https:\/\/eglisecatholiqueniger.org\/wp-content\/uploads\/2022\/10\/APN5536-02-300x200.jpg 300w, https:\/\/eglisecatholiqueniger.org\/wp-content\/uploads\/2022\/10\/APN5536-02-1024x683.jpg 1024w, https:\/\/eglisecatholiqueniger.org\/wp-content\/uploads\/2022\/10\/APN5536-02-768x512.jpg 768w, https:\/\/eglisecatholiqueniger.org\/wp-content\/uploads\/2022\/10\/APN5536-02-1536x1025.jpg 1536w, https:\/\/eglisecatholiqueniger.org\/wp-content\/uploads\/2022\/10\/APN5536-02-2048x1367.jpg 2048w, https:\/\/eglisecatholiqueniger.org\/wp-content\/uploads\/2022\/10\/APN5536-02-274x183.jpg 274w, https:\/\/eglisecatholiqueniger.org\/wp-content\/uploads\/2022\/10\/APN5536-02-80x54.jpg 80w, https:\/\/eglisecatholiqueniger.org\/wp-content\/uploads\/2022\/10\/APN5536-02-130x87.jpg 130w, https:\/\/eglisecatholiqueniger.org\/wp-content\/uploads\/2022\/10\/APN5536-02-359x240.jpg 359w, https:\/\/eglisecatholiqueniger.org\/wp-content\/uploads\/2022\/10\/APN5536-02-85x57.jpg 85w, https:\/\/eglisecatholiqueniger.org\/wp-content\/uploads\/2022\/10\/APN5536-02-546x365.jpg 546w, https:\/\/eglisecatholiqueniger.org\/wp-content\/uploads\/2022\/10\/APN5536-02-165x109.jpg 165w, https:\/\/eglisecatholiqueniger.org\/wp-content\/uploads\/2022\/10\/APN5536-02-347x233.jpg 347w, https:\/\/eglisecatholiqueniger.org\/wp-content\/uploads\/2022\/10\/APN5536-02-112x75.jpg 112w, https:\/\/eglisecatholiqueniger.org\/wp-content\/uploads\/2022\/10\/APN5536-02-179x120.jpg 179w, https:\/\/eglisecatholiqueniger.org\/wp-content\/uploads\/2022\/10\/APN5536-02-170x113.jpg 170w, https:\/\/eglisecatholiqueniger.org\/wp-content\/uploads\/2022\/10\/APN5536-02-81x55.jpg 81w, https:\/\/eglisecatholiqueniger.org\/wp-content\/uploads\/2022\/10\/APN5536-02-765x510.jpg 765w\" sizes=\"auto, (max-width: 236px) 100vw, 236px\" \/>A cause de l\u2019ins\u00e9curit\u00e9, c\u2019est finalement \u00e0 la Cath\u00e9drale de Niamey et non pas \u00e0 la paroisse saint Marc de Torodi que le p\u00e8re Aim\u00e9 COMBARY a c\u00e9l\u00e9br\u00e9 sa premi\u00e8re messe, en tant que pr\u00eatre, ce dimanche 16 octobre 2022. C\u2019\u00e9tait en pr\u00e9sence de l\u2019Archev\u00eaque de Niamey, d\u2019un grand nombre de pr\u00eatres, religieux, religieuses, de ses parents et de nombreux fid\u00e8les la\u00efcs venus du Secteur Gourma et de Niamey.<\/p>\n<p>Dans la ferveur, la s\u00e9r\u00e9nit\u00e9 et la joie, le jeune pr\u00eatre a rendu gr\u00e2ce \u00e0 Dieu qui l\u2019a choisi et associ\u00e9 \u00e0 son \u0153uvre d\u2019amour et de salut en faveur des hommes. L\u2019ambiance \u00e9tait des f\u00eates.<\/p>\n<p>Dans son hom\u00e9lie, le p\u00e8re Eric MEDAGBE, apr\u00e8s avoir fait observer que Dieu est au c\u0153ur de la vie du p\u00e8re Aim\u00e9, a dit que \u00ab\u00a0Dieu reste aussi au c\u0153ur des textes liturgiques de ce 29e dimanche du Temps ordinaire, de l\u2019Ann\u00e9e C \u00bb, soutenant qu\u2019 \u00ab\u00a0il se pr\u00e9sente \u00e0 nous aujourd\u2019hui comme le Dieu \u00e9ternel et Tout-Puissant\u00a0\u00bb. Apr\u00e8s avoir rappel\u00e9\u00a0 qu\u2019 \u00ab\u00a0autrefois, le pr\u00eatre \u00e9tait consid\u00e9r\u00e9 comme un\u00a0 homme puissant, du fait de son poids social\u00a0\u00bb et qu\u2019aujourd\u2019hui encore, bien que \u00ab\u00a0cas\u00e9 et distingu\u00e9 dans son r\u00f4le spirituel\u2026, il peut \u00eatre tent\u00e9 de transformer son autorit\u00e9 (spirituelle) en un pouvoir\u00a0\u00bb, le responsable des vocations a demand\u00e9 au p\u00e8re Aim\u00e9 de \u00ab\u00a0s\u2019efforcer de mettre son autorit\u00e9 au service du bien des autres, dans le respect de leur dignit\u00e9\u00a0\u00bb. Et d\u2019ajouter\u00a0: \u00ab\u00a0Le salut des \u00e2mes est et doit \u00eatre la loi supr\u00eame et le crit\u00e8re oblig\u00e9 qui doit te guider dans le traitement des probl\u00e8mes et la prise de parole et de d\u00e9cision\u00a0\u00bb. \u00ab\u00a0Pour cela, a-t-il exhort\u00e9 le jeune pr\u00eatre, fais du Christ ton Mod\u00e8le\u00a0! Bien que de condition divine, il n\u2019a pas voulu garder ce privil\u00e8ge comme un absolu. Il est venu \u00ab\u00a0non pour \u00eatre servi, mais pour servir, et donner sa vie en ran\u00e7on pour la multitude.\u00a0\u00bb (cf. Mt 20, 25-28). Il l\u2019a aussi invit\u00e9 \u00e0 se tourner vers Dieu dans les moments difficiles, et \u00e0 faire de lui son premier confident.<\/p>\n<p><img loading=\"lazy\" decoding=\"async\" class=\"wp-image-623 alignleft\" src=\"http:\/\/eglisecatholiqueniger.org\/wp-content\/uploads\/2022\/10\/APN5598-02-300x200.jpg\" alt=\"\" width=\"225\" height=\"150\" srcset=\"https:\/\/eglisecatholiqueniger.org\/wp-content\/uploads\/2022\/10\/APN5598-02-300x200.jpg 300w, https:\/\/eglisecatholiqueniger.org\/wp-content\/uploads\/2022\/10\/APN5598-02-1024x683.jpg 1024w, https:\/\/eglisecatholiqueniger.org\/wp-content\/uploads\/2022\/10\/APN5598-02-768x512.jpg 768w, https:\/\/eglisecatholiqueniger.org\/wp-content\/uploads\/2022\/10\/APN5598-02-1536x1025.jpg 1536w, https:\/\/eglisecatholiqueniger.org\/wp-content\/uploads\/2022\/10\/APN5598-02-2048x1367.jpg 2048w, https:\/\/eglisecatholiqueniger.org\/wp-content\/uploads\/2022\/10\/APN5598-02-274x183.jpg 274w, https:\/\/eglisecatholiqueniger.org\/wp-content\/uploads\/2022\/10\/APN5598-02-364x245.jpg 364w, https:\/\/eglisecatholiqueniger.org\/wp-content\/uploads\/2022\/10\/APN5598-02-80x54.jpg 80w, https:\/\/eglisecatholiqueniger.org\/wp-content\/uploads\/2022\/10\/APN5598-02-130x87.jpg 130w, https:\/\/eglisecatholiqueniger.org\/wp-content\/uploads\/2022\/10\/APN5598-02-359x240.jpg 359w, https:\/\/eglisecatholiqueniger.org\/wp-content\/uploads\/2022\/10\/APN5598-02-85x57.jpg 85w, https:\/\/eglisecatholiqueniger.org\/wp-content\/uploads\/2022\/10\/APN5598-02-546x365.jpg 546w, https:\/\/eglisecatholiqueniger.org\/wp-content\/uploads\/2022\/10\/APN5598-02-266x179.jpg 266w, https:\/\/eglisecatholiqueniger.org\/wp-content\/uploads\/2022\/10\/APN5598-02-165x109.jpg 165w, https:\/\/eglisecatholiqueniger.org\/wp-content\/uploads\/2022\/10\/APN5598-02-347x233.jpg 347w, https:\/\/eglisecatholiqueniger.org\/wp-content\/uploads\/2022\/10\/APN5598-02-112x75.jpg 112w, https:\/\/eglisecatholiqueniger.org\/wp-content\/uploads\/2022\/10\/APN5598-02-179x120.jpg 179w, https:\/\/eglisecatholiqueniger.org\/wp-content\/uploads\/2022\/10\/APN5598-02-170x113.jpg 170w, https:\/\/eglisecatholiqueniger.org\/wp-content\/uploads\/2022\/10\/APN5598-02-81x55.jpg 81w, https:\/\/eglisecatholiqueniger.org\/wp-content\/uploads\/2022\/10\/APN5598-02-765x510.jpg 765w\" sizes=\"auto, (max-width: 225px) 100vw, 225px\" \/>La messe s\u2019est achev\u00e9e dans une ambiance de recueillement et de pri\u00e8re. Puis, \u00a0durant toute la journ\u00e9e, la f\u00eate a battu son plein dans la cour de la cath\u00e9drale, par des danses et autres animations. Un repas a aussi \u00e9t\u00e9 offert \u00e0 tous les convives .<\/p>\n<p>&nbsp;<\/p>\n<p>&nbsp;<\/p>\n<p>Heureux minist\u00e8re sacerdotal au p\u00e8re Aim\u00e9 !<\/p>\n<p>&nbsp;<\/p>\n<p><img loading=\"lazy\" decoding=\"async\" class=\"wp-image-624 alignleft\" src=\"http:\/\/eglisecatholiqueniger.org\/wp-content\/uploads\/2022\/10\/APN5596-300x200.jpg\" alt=\"\" width=\"260\" height=\"173\" srcset=\"https:\/\/eglisecatholiqueniger.org\/wp-content\/uploads\/2022\/10\/APN5596-300x200.jpg 300w, https:\/\/eglisecatholiqueniger.org\/wp-content\/uploads\/2022\/10\/APN5596-1024x683.jpg 1024w, https:\/\/eglisecatholiqueniger.org\/wp-content\/uploads\/2022\/10\/APN5596-768x512.jpg 768w, https:\/\/eglisecatholiqueniger.org\/wp-content\/uploads\/2022\/10\/APN5596-1536x1025.jpg 1536w, https:\/\/eglisecatholiqueniger.org\/wp-content\/uploads\/2022\/10\/APN5596-2048x1367.jpg 2048w, https:\/\/eglisecatholiqueniger.org\/wp-content\/uploads\/2022\/10\/APN5596-274x183.jpg 274w, https:\/\/eglisecatholiqueniger.org\/wp-content\/uploads\/2022\/10\/APN5596-80x54.jpg 80w, https:\/\/eglisecatholiqueniger.org\/wp-content\/uploads\/2022\/10\/APN5596-130x87.jpg 130w, https:\/\/eglisecatholiqueniger.org\/wp-content\/uploads\/2022\/10\/APN5596-359x240.jpg 359w, https:\/\/eglisecatholiqueniger.org\/wp-content\/uploads\/2022\/10\/APN5596-85x57.jpg 85w, https:\/\/eglisecatholiqueniger.org\/wp-content\/uploads\/2022\/10\/APN5596-546x365.jpg 546w, https:\/\/eglisecatholiqueniger.org\/wp-content\/uploads\/2022\/10\/APN5596-165x109.jpg 165w, https:\/\/eglisecatholiqueniger.org\/wp-content\/uploads\/2022\/10\/APN5596-112x75.jpg 112w, https:\/\/eglisecatholiqueniger.org\/wp-content\/uploads\/2022\/10\/APN5596-179x120.jpg 179w, https:\/\/eglisecatholiqueniger.org\/wp-content\/uploads\/2022\/10\/APN5596-170x113.jpg 170w, https:\/\/eglisecatholiqueniger.org\/wp-content\/uploads\/2022\/10\/APN5596-81x55.jpg 81w, https:\/\/eglisecatholiqueniger.org\/wp-content\/uploads\/2022\/10\/APN5596-765x510.jpg 765w\" sizes=\"auto, (max-width: 260px) 100vw, 260px\" \/><\/p>\n<p>&nbsp;<\/p>\n<p>&nbsp;<\/p>\n<p>&nbsp;<\/p>\n<p><img loading=\"lazy\" decoding=\"async\" class=\"wp-image-625 alignright\" src=\"http:\/\/eglisecatholiqueniger.org\/wp-content\/uploads\/2022\/10\/APN5775-300x200.jpg\" alt=\"\" width=\"254\" height=\"169\" srcset=\"https:\/\/eglisecatholiqueniger.org\/wp-content\/uploads\/2022\/10\/APN5775-300x200.jpg 300w, https:\/\/eglisecatholiqueniger.org\/wp-content\/uploads\/2022\/10\/APN5775-1024x683.jpg 1024w, https:\/\/eglisecatholiqueniger.org\/wp-content\/uploads\/2022\/10\/APN5775-768x512.jpg 768w, https:\/\/eglisecatholiqueniger.org\/wp-content\/uploads\/2022\/10\/APN5775-1536x1025.jpg 1536w, https:\/\/eglisecatholiqueniger.org\/wp-content\/uploads\/2022\/10\/APN5775-2048x1367.jpg 2048w, https:\/\/eglisecatholiqueniger.org\/wp-content\/uploads\/2022\/10\/APN5775-274x183.jpg 274w, https:\/\/eglisecatholiqueniger.org\/wp-content\/uploads\/2022\/10\/APN5775-80x54.jpg 80w, https:\/\/eglisecatholiqueniger.org\/wp-content\/uploads\/2022\/10\/APN5775-130x87.jpg 130w, https:\/\/eglisecatholiqueniger.org\/wp-content\/uploads\/2022\/10\/APN5775-359x240.jpg 359w, https:\/\/eglisecatholiqueniger.org\/wp-content\/uploads\/2022\/10\/APN5775-85x57.jpg 85w, https:\/\/eglisecatholiqueniger.org\/wp-content\/uploads\/2022\/10\/APN5775-546x365.jpg 546w, https:\/\/eglisecatholiqueniger.org\/wp-content\/uploads\/2022\/10\/APN5775-165x109.jpg 165w, https:\/\/eglisecatholiqueniger.org\/wp-content\/uploads\/2022\/10\/APN5775-112x75.jpg 112w, https:\/\/eglisecatholiqueniger.org\/wp-content\/uploads\/2022\/10\/APN5775-179x120.jpg 179w, https:\/\/eglisecatholiqueniger.org\/wp-content\/uploads\/2022\/10\/APN5775-170x113.jpg 170w, https:\/\/eglisecatholiqueniger.org\/wp-content\/uploads\/2022\/10\/APN5775-81x55.jpg 81w, https:\/\/eglisecatholiqueniger.org\/wp-content\/uploads\/2022\/10\/APN5775-765x510.jpg 765w\" sizes=\"auto, (max-width: 254px) 100vw, 254px\" \/><\/p>\n","protected":false},"excerpt":{"rendered":"<p>A cause de l\u2019ins\u00e9curit\u00e9, c\u2019est finalement \u00e0 la Cath\u00e9drale de Niamey et non pas \u00e0 la paroisse saint Marc de Torodi que le p\u00e8re Aim\u00e9 COMBARY a c\u00e9l\u00e9br\u00e9 sa premi\u00e8re &#8230;<\/p>\n","protected":false},"author":1,"featured_media":0,"comment_status":"open","ping_status":"open","sticky":false,"template":"","format":"standard","meta":{"footnotes":""},"categories":[1],"tags":[],"class_list":["post-620","post","type-post","status-publish","format-standard","category-non-classe"],"_links":{"self":[{"href":"https:\/\/eglisecatholiqueniger.org\/index.php\/wp-json\/wp\/v2\/posts\/620","targetHints":{"allow":["GET"]}}],"collection":[{"href":"https:\/\/eglisecatholiqueniger.org\/index.php\/wp-json\/wp\/v2\/posts"}],"about":[{"href":"https:\/\/eglisecatholiqueniger.org\/index.php\/wp-json\/wp\/v2\/types\/post"}],"author":[{"embeddable":true,"href":"https:\/\/eglisecatholiqueniger.org\/index.php\/wp-json\/wp\/v2\/users\/1"}],"replies":[{"embeddable":true,"href":"https:\/\/eglisecatholiqueniger.org\/index.php\/wp-json\/wp\/v2\/comments?post=620"}],"version-history":[{"count":3,"href":"https:\/\/eglisecatholiqueniger.org\/index.php\/wp-json\/wp\/v2\/posts\/620\/revisions"}],"predecessor-version":[{"id":628,"href":"https:\/\/eglisecatholiqueniger.org\/index.php\/wp-json\/wp\/v2\/posts\/620\/revisions\/628"}],"wp:attachment":[{"href":"https:\/\/eglisecatholiqueniger.org\/index.php\/wp-json\/wp\/v2\/media?parent=620"}],"wp:term":[{"taxonomy":"category","embeddable":true,"href":"https:\/\/eglisecatholiqueniger.org\/index.php\/wp-json\/wp\/v2\/categories?post=620"},{"taxonomy":"post_tag","embeddable":true,"href":"https:\/\/eglisecatholiqueniger.org\/index.php\/wp-json\/wp\/v2\/tags?post=620"}],"curies":[{"name":"wp","href":"https:\/\/api.w.org\/{rel}","templated":true}]}}