{"id":635,"date":"2022-11-02T18:42:26","date_gmt":"2022-11-02T17:42:26","guid":{"rendered":"https:\/\/eglisecatholiqueniger.org\/?p=635"},"modified":"2022-11-02T18:42:26","modified_gmt":"2022-11-02T17:42:26","slug":"celebration-de-la-commemoration-des-defunts","status":"publish","type":"post","link":"https:\/\/eglisecatholiqueniger.org\/index.php\/2022\/11\/02\/celebration-de-la-commemoration-des-defunts\/","title":{"rendered":"C\u00e9l\u00e9bration de la Comm\u00e9moration des d\u00e9funts"},"content":{"rendered":"<p>Mercredi 2 novembre 2022. Il est 6h 00 du matin, lorsque les fid\u00e8les chr\u00e9tiens de Niamey et leurs pasteurs ont commenc\u00e9 \u00e0 arriver aux cimeti\u00e8res chr\u00e9tiens (ancien et nouveau) afin de prier pour les d\u00e9funts, \u00e0 l\u2019occasion de la comm\u00e9moration des fid\u00e8les d\u00e9funts.<\/p>\n<p>A l\u2019ancien cimeti\u00e8re, tr\u00e8s t\u00f4t, ce mercredi, les chr\u00e9tiens se sont mass\u00e9s devant l\u2019entr\u00e9e. Puis,\u00a0 \u00e0 l&rsquo;heure indiqu\u00e9e, la chorale de la paroisse saint Joseph de Saga a entonn\u00e9 un chant. Apr\u00e8s la demande de pardon, l\u2019assembl\u00e9e a \u00e9cout\u00e9 les lectures pr\u00e9vues pour l\u2019occasion, suivies d\u2019une exhortation du pr\u00eatre. A la fin de la pri\u00e8re, les fid\u00e8les sont pass\u00e9s prier sur les tombes de leurs proches, pendant que les pr\u00eatres b\u00e9nissaient les tombes.<\/p>\n<p><img loading=\"lazy\" decoding=\"async\" class=\"alignnone  wp-image-636\" src=\"http:\/\/eglisecatholiqueniger.org\/wp-content\/uploads\/2022\/11\/CIMETIERE-02-11-2022-NIAMEY-5-300x200.jpg\" alt=\"\" width=\"198\" height=\"132\" srcset=\"https:\/\/eglisecatholiqueniger.org\/wp-content\/uploads\/2022\/11\/CIMETIERE-02-11-2022-NIAMEY-5-300x200.jpg 300w, https:\/\/eglisecatholiqueniger.org\/wp-content\/uploads\/2022\/11\/CIMETIERE-02-11-2022-NIAMEY-5-1024x683.jpg 1024w, https:\/\/eglisecatholiqueniger.org\/wp-content\/uploads\/2022\/11\/CIMETIERE-02-11-2022-NIAMEY-5-768x512.jpg 768w, https:\/\/eglisecatholiqueniger.org\/wp-content\/uploads\/2022\/11\/CIMETIERE-02-11-2022-NIAMEY-5-1536x1025.jpg 1536w, https:\/\/eglisecatholiqueniger.org\/wp-content\/uploads\/2022\/11\/CIMETIERE-02-11-2022-NIAMEY-5-2048x1367.jpg 2048w, https:\/\/eglisecatholiqueniger.org\/wp-content\/uploads\/2022\/11\/CIMETIERE-02-11-2022-NIAMEY-5-274x183.jpg 274w, https:\/\/eglisecatholiqueniger.org\/wp-content\/uploads\/2022\/11\/CIMETIERE-02-11-2022-NIAMEY-5-364x245.jpg 364w, https:\/\/eglisecatholiqueniger.org\/wp-content\/uploads\/2022\/11\/CIMETIERE-02-11-2022-NIAMEY-5-80x54.jpg 80w, https:\/\/eglisecatholiqueniger.org\/wp-content\/uploads\/2022\/11\/CIMETIERE-02-11-2022-NIAMEY-5-130x87.jpg 130w, https:\/\/eglisecatholiqueniger.org\/wp-content\/uploads\/2022\/11\/CIMETIERE-02-11-2022-NIAMEY-5-359x240.jpg 359w, https:\/\/eglisecatholiqueniger.org\/wp-content\/uploads\/2022\/11\/CIMETIERE-02-11-2022-NIAMEY-5-85x57.jpg 85w, https:\/\/eglisecatholiqueniger.org\/wp-content\/uploads\/2022\/11\/CIMETIERE-02-11-2022-NIAMEY-5-546x365.jpg 546w, https:\/\/eglisecatholiqueniger.org\/wp-content\/uploads\/2022\/11\/CIMETIERE-02-11-2022-NIAMEY-5-266x179.jpg 266w, https:\/\/eglisecatholiqueniger.org\/wp-content\/uploads\/2022\/11\/CIMETIERE-02-11-2022-NIAMEY-5-165x109.jpg 165w, https:\/\/eglisecatholiqueniger.org\/wp-content\/uploads\/2022\/11\/CIMETIERE-02-11-2022-NIAMEY-5-347x233.jpg 347w, https:\/\/eglisecatholiqueniger.org\/wp-content\/uploads\/2022\/11\/CIMETIERE-02-11-2022-NIAMEY-5-112x75.jpg 112w, https:\/\/eglisecatholiqueniger.org\/wp-content\/uploads\/2022\/11\/CIMETIERE-02-11-2022-NIAMEY-5-179x120.jpg 179w, https:\/\/eglisecatholiqueniger.org\/wp-content\/uploads\/2022\/11\/CIMETIERE-02-11-2022-NIAMEY-5-170x113.jpg 170w, https:\/\/eglisecatholiqueniger.org\/wp-content\/uploads\/2022\/11\/CIMETIERE-02-11-2022-NIAMEY-5-81x55.jpg 81w, https:\/\/eglisecatholiqueniger.org\/wp-content\/uploads\/2022\/11\/CIMETIERE-02-11-2022-NIAMEY-5-765x510.jpg 765w\" sizes=\"auto, (max-width: 198px) 100vw, 198px\" \/><img loading=\"lazy\" decoding=\"async\" class=\"alignnone  wp-image-637\" src=\"http:\/\/eglisecatholiqueniger.org\/wp-content\/uploads\/2022\/11\/CIMETIERE-02-11-2022-NIAMEY-3-300x200.jpg\" alt=\"\" width=\"197\" height=\"131\" srcset=\"https:\/\/eglisecatholiqueniger.org\/wp-content\/uploads\/2022\/11\/CIMETIERE-02-11-2022-NIAMEY-3-300x200.jpg 300w, https:\/\/eglisecatholiqueniger.org\/wp-content\/uploads\/2022\/11\/CIMETIERE-02-11-2022-NIAMEY-3-1024x683.jpg 1024w, https:\/\/eglisecatholiqueniger.org\/wp-content\/uploads\/2022\/11\/CIMETIERE-02-11-2022-NIAMEY-3-768x512.jpg 768w, https:\/\/eglisecatholiqueniger.org\/wp-content\/uploads\/2022\/11\/CIMETIERE-02-11-2022-NIAMEY-3-1536x1025.jpg 1536w, https:\/\/eglisecatholiqueniger.org\/wp-content\/uploads\/2022\/11\/CIMETIERE-02-11-2022-NIAMEY-3-2048x1367.jpg 2048w, https:\/\/eglisecatholiqueniger.org\/wp-content\/uploads\/2022\/11\/CIMETIERE-02-11-2022-NIAMEY-3-274x183.jpg 274w, https:\/\/eglisecatholiqueniger.org\/wp-content\/uploads\/2022\/11\/CIMETIERE-02-11-2022-NIAMEY-3-80x54.jpg 80w, https:\/\/eglisecatholiqueniger.org\/wp-content\/uploads\/2022\/11\/CIMETIERE-02-11-2022-NIAMEY-3-130x87.jpg 130w, https:\/\/eglisecatholiqueniger.org\/wp-content\/uploads\/2022\/11\/CIMETIERE-02-11-2022-NIAMEY-3-359x240.jpg 359w, https:\/\/eglisecatholiqueniger.org\/wp-content\/uploads\/2022\/11\/CIMETIERE-02-11-2022-NIAMEY-3-85x57.jpg 85w, https:\/\/eglisecatholiqueniger.org\/wp-content\/uploads\/2022\/11\/CIMETIERE-02-11-2022-NIAMEY-3-546x365.jpg 546w, https:\/\/eglisecatholiqueniger.org\/wp-content\/uploads\/2022\/11\/CIMETIERE-02-11-2022-NIAMEY-3-165x109.jpg 165w, https:\/\/eglisecatholiqueniger.org\/wp-content\/uploads\/2022\/11\/CIMETIERE-02-11-2022-NIAMEY-3-347x233.jpg 347w, https:\/\/eglisecatholiqueniger.org\/wp-content\/uploads\/2022\/11\/CIMETIERE-02-11-2022-NIAMEY-3-112x75.jpg 112w, https:\/\/eglisecatholiqueniger.org\/wp-content\/uploads\/2022\/11\/CIMETIERE-02-11-2022-NIAMEY-3-179x120.jpg 179w, https:\/\/eglisecatholiqueniger.org\/wp-content\/uploads\/2022\/11\/CIMETIERE-02-11-2022-NIAMEY-3-170x113.jpg 170w, https:\/\/eglisecatholiqueniger.org\/wp-content\/uploads\/2022\/11\/CIMETIERE-02-11-2022-NIAMEY-3-81x55.jpg 81w, https:\/\/eglisecatholiqueniger.org\/wp-content\/uploads\/2022\/11\/CIMETIERE-02-11-2022-NIAMEY-3-765x510.jpg 765w\" sizes=\"auto, (max-width: 197px) 100vw, 197px\" \/><img loading=\"lazy\" decoding=\"async\" class=\"alignnone  wp-image-638\" src=\"http:\/\/eglisecatholiqueniger.org\/wp-content\/uploads\/2022\/11\/CIMETIERE-02-11-2022-NIAMEY-4-300x200.jpg\" alt=\"\" width=\"200\" height=\"133\" srcset=\"https:\/\/eglisecatholiqueniger.org\/wp-content\/uploads\/2022\/11\/CIMETIERE-02-11-2022-NIAMEY-4-300x200.jpg 300w, https:\/\/eglisecatholiqueniger.org\/wp-content\/uploads\/2022\/11\/CIMETIERE-02-11-2022-NIAMEY-4-1024x683.jpg 1024w, https:\/\/eglisecatholiqueniger.org\/wp-content\/uploads\/2022\/11\/CIMETIERE-02-11-2022-NIAMEY-4-768x512.jpg 768w, https:\/\/eglisecatholiqueniger.org\/wp-content\/uploads\/2022\/11\/CIMETIERE-02-11-2022-NIAMEY-4-1536x1025.jpg 1536w, https:\/\/eglisecatholiqueniger.org\/wp-content\/uploads\/2022\/11\/CIMETIERE-02-11-2022-NIAMEY-4-2048x1367.jpg 2048w, https:\/\/eglisecatholiqueniger.org\/wp-content\/uploads\/2022\/11\/CIMETIERE-02-11-2022-NIAMEY-4-274x183.jpg 274w, https:\/\/eglisecatholiqueniger.org\/wp-content\/uploads\/2022\/11\/CIMETIERE-02-11-2022-NIAMEY-4-80x54.jpg 80w, https:\/\/eglisecatholiqueniger.org\/wp-content\/uploads\/2022\/11\/CIMETIERE-02-11-2022-NIAMEY-4-130x87.jpg 130w, https:\/\/eglisecatholiqueniger.org\/wp-content\/uploads\/2022\/11\/CIMETIERE-02-11-2022-NIAMEY-4-359x240.jpg 359w, https:\/\/eglisecatholiqueniger.org\/wp-content\/uploads\/2022\/11\/CIMETIERE-02-11-2022-NIAMEY-4-85x57.jpg 85w, https:\/\/eglisecatholiqueniger.org\/wp-content\/uploads\/2022\/11\/CIMETIERE-02-11-2022-NIAMEY-4-546x365.jpg 546w, https:\/\/eglisecatholiqueniger.org\/wp-content\/uploads\/2022\/11\/CIMETIERE-02-11-2022-NIAMEY-4-165x109.jpg 165w, https:\/\/eglisecatholiqueniger.org\/wp-content\/uploads\/2022\/11\/CIMETIERE-02-11-2022-NIAMEY-4-347x233.jpg 347w, https:\/\/eglisecatholiqueniger.org\/wp-content\/uploads\/2022\/11\/CIMETIERE-02-11-2022-NIAMEY-4-112x75.jpg 112w, https:\/\/eglisecatholiqueniger.org\/wp-content\/uploads\/2022\/11\/CIMETIERE-02-11-2022-NIAMEY-4-179x120.jpg 179w, https:\/\/eglisecatholiqueniger.org\/wp-content\/uploads\/2022\/11\/CIMETIERE-02-11-2022-NIAMEY-4-170x113.jpg 170w, https:\/\/eglisecatholiqueniger.org\/wp-content\/uploads\/2022\/11\/CIMETIERE-02-11-2022-NIAMEY-4-81x55.jpg 81w, https:\/\/eglisecatholiqueniger.org\/wp-content\/uploads\/2022\/11\/CIMETIERE-02-11-2022-NIAMEY-4-765x510.jpg 765w\" sizes=\"auto, (max-width: 200px) 100vw, 200px\" \/><\/p>\n<p>Notons qu&rsquo;au lendemain de la f\u00eate de ceux qui sont entr\u00e9s dans l&rsquo;intimit\u00e9 de Dieu (F\u00eate de Toussaint, c\u00e9l\u00e9br\u00e9e le 1er novembre), l&rsquo;Eglise nous invite \u00e0 prier pour nos fr\u00e8res et s\u0153urs qui sont morts dans l&rsquo;esp\u00e9rance de la r\u00e9surrection. La pri\u00e8re pour les morts appartient \u00e0 la plus ancienne tradition chr\u00e9tienne et s&rsquo;\u00e9tend aussi \u00e0 tous les morts dont seul le Seigneur conna\u00eet la foi.<\/p>\n<p>Que, par la mis\u00e9ricorde de Dieu, les \u00e2mes des fid\u00e8les d\u00e9funts reposent en paix\u00a0! Amen.<\/p>\n","protected":false},"excerpt":{"rendered":"<p>Mercredi 2 novembre 2022. Il est 6h 00 du matin, lorsque les fid\u00e8les chr\u00e9tiens de Niamey et leurs pasteurs ont commenc\u00e9 \u00e0 arriver aux cimeti\u00e8res chr\u00e9tiens (ancien et nouveau) afin &#8230;<\/p>\n","protected":false},"author":1,"featured_media":0,"comment_status":"open","ping_status":"open","sticky":false,"template":"","format":"standard","meta":{"footnotes":""},"categories":[1],"tags":[],"class_list":["post-635","post","type-post","status-publish","format-standard","category-non-classe"],"_links":{"self":[{"href":"https:\/\/eglisecatholiqueniger.org\/index.php\/wp-json\/wp\/v2\/posts\/635","targetHints":{"allow":["GET"]}}],"collection":[{"href":"https:\/\/eglisecatholiqueniger.org\/index.php\/wp-json\/wp\/v2\/posts"}],"about":[{"href":"https:\/\/eglisecatholiqueniger.org\/index.php\/wp-json\/wp\/v2\/types\/post"}],"author":[{"embeddable":true,"href":"https:\/\/eglisecatholiqueniger.org\/index.php\/wp-json\/wp\/v2\/users\/1"}],"replies":[{"embeddable":true,"href":"https:\/\/eglisecatholiqueniger.org\/index.php\/wp-json\/wp\/v2\/comments?post=635"}],"version-history":[{"count":2,"href":"https:\/\/eglisecatholiqueniger.org\/index.php\/wp-json\/wp\/v2\/posts\/635\/revisions"}],"predecessor-version":[{"id":640,"href":"https:\/\/eglisecatholiqueniger.org\/index.php\/wp-json\/wp\/v2\/posts\/635\/revisions\/640"}],"wp:attachment":[{"href":"https:\/\/eglisecatholiqueniger.org\/index.php\/wp-json\/wp\/v2\/media?parent=635"}],"wp:term":[{"taxonomy":"category","embeddable":true,"href":"https:\/\/eglisecatholiqueniger.org\/index.php\/wp-json\/wp\/v2\/categories?post=635"},{"taxonomy":"post_tag","embeddable":true,"href":"https:\/\/eglisecatholiqueniger.org\/index.php\/wp-json\/wp\/v2\/tags?post=635"}],"curies":[{"name":"wp","href":"https:\/\/api.w.org\/{rel}","templated":true}]}}