{"id":659,"date":"2022-11-23T15:08:25","date_gmt":"2022-11-23T14:08:25","guid":{"rendered":"https:\/\/eglisecatholiqueniger.org\/?p=659"},"modified":"2022-11-23T15:08:25","modified_gmt":"2022-11-23T14:08:25","slug":"journees-diocesaines-de-la-jeunesse","status":"publish","type":"post","link":"https:\/\/eglisecatholiqueniger.org\/index.php\/2022\/11\/23\/journees-diocesaines-de-la-jeunesse\/","title":{"rendered":"Journ\u00e9es Dioc\u00e9saines de la Jeunesse"},"content":{"rendered":"<p><strong><em>Les jeunes de Niamey sur les pas de Marie, Reine de la paix\u00a0!<\/em><\/strong><\/p>\n<p>&nbsp;<\/p>\n<p><strong><img loading=\"lazy\" decoding=\"async\" class=\" wp-image-661 alignleft\" src=\"http:\/\/eglisecatholiqueniger.org\/wp-content\/uploads\/2022\/11\/JDJ-2022-31-300x200.jpg\" alt=\"\" width=\"197\" height=\"131\" srcset=\"https:\/\/eglisecatholiqueniger.org\/wp-content\/uploads\/2022\/11\/JDJ-2022-31-300x200.jpg 300w, https:\/\/eglisecatholiqueniger.org\/wp-content\/uploads\/2022\/11\/JDJ-2022-31-1024x683.jpg 1024w, https:\/\/eglisecatholiqueniger.org\/wp-content\/uploads\/2022\/11\/JDJ-2022-31-768x512.jpg 768w, https:\/\/eglisecatholiqueniger.org\/wp-content\/uploads\/2022\/11\/JDJ-2022-31-1536x1025.jpg 1536w, https:\/\/eglisecatholiqueniger.org\/wp-content\/uploads\/2022\/11\/JDJ-2022-31-2048x1367.jpg 2048w, https:\/\/eglisecatholiqueniger.org\/wp-content\/uploads\/2022\/11\/JDJ-2022-31-274x183.jpg 274w, https:\/\/eglisecatholiqueniger.org\/wp-content\/uploads\/2022\/11\/JDJ-2022-31-80x54.jpg 80w, https:\/\/eglisecatholiqueniger.org\/wp-content\/uploads\/2022\/11\/JDJ-2022-31-130x87.jpg 130w, https:\/\/eglisecatholiqueniger.org\/wp-content\/uploads\/2022\/11\/JDJ-2022-31-359x240.jpg 359w, https:\/\/eglisecatholiqueniger.org\/wp-content\/uploads\/2022\/11\/JDJ-2022-31-85x57.jpg 85w, https:\/\/eglisecatholiqueniger.org\/wp-content\/uploads\/2022\/11\/JDJ-2022-31-546x365.jpg 546w, https:\/\/eglisecatholiqueniger.org\/wp-content\/uploads\/2022\/11\/JDJ-2022-31-165x109.jpg 165w, https:\/\/eglisecatholiqueniger.org\/wp-content\/uploads\/2022\/11\/JDJ-2022-31-347x233.jpg 347w, https:\/\/eglisecatholiqueniger.org\/wp-content\/uploads\/2022\/11\/JDJ-2022-31-112x75.jpg 112w, https:\/\/eglisecatholiqueniger.org\/wp-content\/uploads\/2022\/11\/JDJ-2022-31-179x120.jpg 179w, https:\/\/eglisecatholiqueniger.org\/wp-content\/uploads\/2022\/11\/JDJ-2022-31-170x113.jpg 170w, https:\/\/eglisecatholiqueniger.org\/wp-content\/uploads\/2022\/11\/JDJ-2022-31-81x55.jpg 81w, https:\/\/eglisecatholiqueniger.org\/wp-content\/uploads\/2022\/11\/JDJ-2022-31-765x510.jpg 765w\" sizes=\"auto, (max-width: 197px) 100vw, 197px\" \/>\u00ab\u00a0Jeune, comme Marie, h\u00e2te-toi d\u2019apporter la paix dans ton milieu de vie\u00a0!\u00a0\u00bb<\/strong> Tel \u00e9tait le th\u00e8me des premi\u00e8res <em>Journ\u00e9es Dioc\u00e9saines des Jeunes (<\/em>JDJ) c\u00e9l\u00e9br\u00e9es \u00e0 Niamey du 18 au 20 novembre 2022.<\/p>\n<p>Organis\u00e9e par la Commission dioc\u00e9saine charg\u00e9e de la pastorale des jeunes, cette rencontre de la jeunesse catholique de l\u2019Archidioc\u00e8se de Niamey a vu la participation d\u2019environ 300 jeunes venus de toutes les paroisses.<\/p>\n<p>&nbsp;<\/p>\n<p>Vendredi 18 novembre 2022. A 16 heures d\u00e9j\u00e0, l\u2019\u00e9quipe d\u2019organisation \u00e9tait au Coll\u00e8ge Mariama, lieu de rassemblement, pour accueillir les diff\u00e9rentes d\u00e9l\u00e9gations et leur distribuer les badges. Ce fut un grand moment de retrouvailles entre les jeunes qui, pour certains, se sont perdu de vue depuis fort longtemps. Le temps d\u2019\u00e9changer les civilit\u00e9s, et ils commenc\u00e8rent \u00e0 entonner des chants d\u2019animation pour manifester leur joie de se revoir. Au fur et \u00e0 mesure que les autres p\u00e8lerins arrivent, ils \u00ab\u00a0entr\u00e8rent dans la danse\u00a0\u00bb. Lorsque tous furent sur place, le p\u00e8re Simon FIOGBE, Responsable de la Commission dioc\u00e9saine pour la pastorale des Jeunes, pronon\u00e7a le mot d\u2019ouverture. A la fin, tous chant\u00e8rent l\u2019hymne des JDJ. Apr\u00e8s cela, la chorale engagea une grande animation marqu\u00e9e par des chants et des danses. Avant de se rendre sur les quatre (4) sites (lyc\u00e9e Issa B\u00e9ri, paroisses Saint Gabriel, Saint Paul et Sainte Th\u00e9r\u00e8se de l\u2019Enfant-J\u00e9sus de Niamey) pr\u00e9vus pour l\u2019occasion, les p\u00e8lerins ont partag\u00e9 ensemble le repas du soir.<\/p>\n<p><img loading=\"lazy\" decoding=\"async\" class=\"alignnone  wp-image-662\" src=\"http:\/\/eglisecatholiqueniger.org\/wp-content\/uploads\/2022\/11\/JDJ-2022-4-300x200.jpg\" alt=\"\" width=\"220\" height=\"146\" srcset=\"https:\/\/eglisecatholiqueniger.org\/wp-content\/uploads\/2022\/11\/JDJ-2022-4-300x200.jpg 300w, https:\/\/eglisecatholiqueniger.org\/wp-content\/uploads\/2022\/11\/JDJ-2022-4-1024x683.jpg 1024w, https:\/\/eglisecatholiqueniger.org\/wp-content\/uploads\/2022\/11\/JDJ-2022-4-768x512.jpg 768w, https:\/\/eglisecatholiqueniger.org\/wp-content\/uploads\/2022\/11\/JDJ-2022-4-1536x1025.jpg 1536w, https:\/\/eglisecatholiqueniger.org\/wp-content\/uploads\/2022\/11\/JDJ-2022-4-2048x1367.jpg 2048w, https:\/\/eglisecatholiqueniger.org\/wp-content\/uploads\/2022\/11\/JDJ-2022-4-274x183.jpg 274w, https:\/\/eglisecatholiqueniger.org\/wp-content\/uploads\/2022\/11\/JDJ-2022-4-80x54.jpg 80w, https:\/\/eglisecatholiqueniger.org\/wp-content\/uploads\/2022\/11\/JDJ-2022-4-130x87.jpg 130w, https:\/\/eglisecatholiqueniger.org\/wp-content\/uploads\/2022\/11\/JDJ-2022-4-359x240.jpg 359w, https:\/\/eglisecatholiqueniger.org\/wp-content\/uploads\/2022\/11\/JDJ-2022-4-85x57.jpg 85w, https:\/\/eglisecatholiqueniger.org\/wp-content\/uploads\/2022\/11\/JDJ-2022-4-546x365.jpg 546w, https:\/\/eglisecatholiqueniger.org\/wp-content\/uploads\/2022\/11\/JDJ-2022-4-165x109.jpg 165w, https:\/\/eglisecatholiqueniger.org\/wp-content\/uploads\/2022\/11\/JDJ-2022-4-112x75.jpg 112w, https:\/\/eglisecatholiqueniger.org\/wp-content\/uploads\/2022\/11\/JDJ-2022-4-179x120.jpg 179w, https:\/\/eglisecatholiqueniger.org\/wp-content\/uploads\/2022\/11\/JDJ-2022-4-170x113.jpg 170w, https:\/\/eglisecatholiqueniger.org\/wp-content\/uploads\/2022\/11\/JDJ-2022-4-81x55.jpg 81w, https:\/\/eglisecatholiqueniger.org\/wp-content\/uploads\/2022\/11\/JDJ-2022-4-765x510.jpg 765w\" sizes=\"auto, (max-width: 220px) 100vw, 220px\" \/><img loading=\"lazy\" decoding=\"async\" class=\"alignnone  wp-image-663\" src=\"http:\/\/eglisecatholiqueniger.org\/wp-content\/uploads\/2022\/11\/IMG-20221123-WA0011-225x300.jpg\" alt=\"\" width=\"112\" height=\"150\" srcset=\"https:\/\/eglisecatholiqueniger.org\/wp-content\/uploads\/2022\/11\/IMG-20221123-WA0011-225x300.jpg 225w, https:\/\/eglisecatholiqueniger.org\/wp-content\/uploads\/2022\/11\/IMG-20221123-WA0011-769x1024.jpg 769w, https:\/\/eglisecatholiqueniger.org\/wp-content\/uploads\/2022\/11\/IMG-20221123-WA0011-768x1023.jpg 768w, https:\/\/eglisecatholiqueniger.org\/wp-content\/uploads\/2022\/11\/IMG-20221123-WA0011.jpg 811w\" sizes=\"auto, (max-width: 112px) 100vw, 112px\" \/><img loading=\"lazy\" decoding=\"async\" class=\"alignnone  wp-image-664\" src=\"http:\/\/eglisecatholiqueniger.org\/wp-content\/uploads\/2022\/11\/JDJ-2022-12-300x200.jpg\" alt=\"\" width=\"224\" height=\"149\" srcset=\"https:\/\/eglisecatholiqueniger.org\/wp-content\/uploads\/2022\/11\/JDJ-2022-12-300x200.jpg 300w, https:\/\/eglisecatholiqueniger.org\/wp-content\/uploads\/2022\/11\/JDJ-2022-12-1024x683.jpg 1024w, https:\/\/eglisecatholiqueniger.org\/wp-content\/uploads\/2022\/11\/JDJ-2022-12-768x512.jpg 768w, https:\/\/eglisecatholiqueniger.org\/wp-content\/uploads\/2022\/11\/JDJ-2022-12-1536x1025.jpg 1536w, https:\/\/eglisecatholiqueniger.org\/wp-content\/uploads\/2022\/11\/JDJ-2022-12-2048x1367.jpg 2048w, https:\/\/eglisecatholiqueniger.org\/wp-content\/uploads\/2022\/11\/JDJ-2022-12-274x183.jpg 274w, https:\/\/eglisecatholiqueniger.org\/wp-content\/uploads\/2022\/11\/JDJ-2022-12-80x54.jpg 80w, https:\/\/eglisecatholiqueniger.org\/wp-content\/uploads\/2022\/11\/JDJ-2022-12-130x87.jpg 130w, https:\/\/eglisecatholiqueniger.org\/wp-content\/uploads\/2022\/11\/JDJ-2022-12-359x240.jpg 359w, https:\/\/eglisecatholiqueniger.org\/wp-content\/uploads\/2022\/11\/JDJ-2022-12-85x57.jpg 85w, https:\/\/eglisecatholiqueniger.org\/wp-content\/uploads\/2022\/11\/JDJ-2022-12-546x365.jpg 546w, https:\/\/eglisecatholiqueniger.org\/wp-content\/uploads\/2022\/11\/JDJ-2022-12-165x109.jpg 165w, https:\/\/eglisecatholiqueniger.org\/wp-content\/uploads\/2022\/11\/JDJ-2022-12-347x233.jpg 347w, https:\/\/eglisecatholiqueniger.org\/wp-content\/uploads\/2022\/11\/JDJ-2022-12-112x75.jpg 112w, https:\/\/eglisecatholiqueniger.org\/wp-content\/uploads\/2022\/11\/JDJ-2022-12-179x120.jpg 179w, https:\/\/eglisecatholiqueniger.org\/wp-content\/uploads\/2022\/11\/JDJ-2022-12-170x113.jpg 170w, https:\/\/eglisecatholiqueniger.org\/wp-content\/uploads\/2022\/11\/JDJ-2022-12-81x55.jpg 81w, https:\/\/eglisecatholiqueniger.org\/wp-content\/uploads\/2022\/11\/JDJ-2022-12-765x510.jpg 765w\" sizes=\"auto, (max-width: 224px) 100vw, 224px\" \/><\/p>\n<p>Le samedi, ils ont eu droit \u00e0 une cat\u00e9ch\u00e8se sur le th\u00e8me des JDJ, anim\u00e9e par des pr\u00eatres. Cela s\u2019est pass\u00e9 sur les diff\u00e9rents sites. Le soir, tous se sont rendus \u00e0 la paroisse Saint Paul de Niamey pour une veill\u00e9e d\u2019adoration, de louange et d\u2019enseignement sur le th\u00e8me : <em>\u00ab\u00a0Comment garder pure sa foi\u00a0?\u00a0\u00bb\u00a0;<\/em> enseignement donn\u00e9 par le R\u00e9v\u00e9rend p\u00e8re Gregory IKEGWUONU, cur\u00e9 de la paroisse Sainte Th\u00e9r\u00e8se de Banifandou.<\/p>\n<p>Le dimanche, dernier jour et sommet des Journ\u00e9es Dioc\u00e9saines des Jeunes, tous les p\u00e8lerins, ainsi que de nombreux jeunes et adultes des paroisses de Niamey, se sont retrouv\u00e9s au lyc\u00e9e Issa B\u00e9ri pour une cat\u00e9ch\u00e8se dispens\u00e9e par Mgr Laurent LOMPO.<\/p>\n<p>Notons que l&rsquo;objectif vis\u00e9 \u00e0 travers ces enseignements \u00e9tait de faire d\u00e9couvrir aux jeunes leur mission : artisans de paix \u00e0 la mani\u00e8re de Marie, M\u00e8re de J\u00e9sus et Reine de la paix, dans un Niger en proie au terrorisme et \u00e0 ses cons\u00e9quences sur la vie sociale. Trois jours durant, ils ont donc v\u00e9cu la fraternit\u00e9, travaill\u00e9 et partag\u00e9 ensemble leurs (diverses) exp\u00e9riences.<\/p>\n<p>Apr\u00e8s sa cat\u00e9ch\u00e8se, l&rsquo;Archev\u00eaque de Niamey a pr\u00e9sid\u00e9 la messe de cl\u00f4ture des JDJ dans une ambiance recueillie mais joyeuse et festive, en pr\u00e9sence de plusieurs pr\u00eatres.<\/p>\n<p><img loading=\"lazy\" decoding=\"async\" class=\"alignnone size-medium wp-image-665\" src=\"http:\/\/eglisecatholiqueniger.org\/wp-content\/uploads\/2022\/11\/JDJ-2022-26-300x200.jpg\" alt=\"\" width=\"300\" height=\"200\" srcset=\"https:\/\/eglisecatholiqueniger.org\/wp-content\/uploads\/2022\/11\/JDJ-2022-26-300x200.jpg 300w, https:\/\/eglisecatholiqueniger.org\/wp-content\/uploads\/2022\/11\/JDJ-2022-26-1024x683.jpg 1024w, https:\/\/eglisecatholiqueniger.org\/wp-content\/uploads\/2022\/11\/JDJ-2022-26-768x512.jpg 768w, https:\/\/eglisecatholiqueniger.org\/wp-content\/uploads\/2022\/11\/JDJ-2022-26-1536x1025.jpg 1536w, https:\/\/eglisecatholiqueniger.org\/wp-content\/uploads\/2022\/11\/JDJ-2022-26-2048x1367.jpg 2048w, https:\/\/eglisecatholiqueniger.org\/wp-content\/uploads\/2022\/11\/JDJ-2022-26-274x183.jpg 274w, https:\/\/eglisecatholiqueniger.org\/wp-content\/uploads\/2022\/11\/JDJ-2022-26-80x54.jpg 80w, https:\/\/eglisecatholiqueniger.org\/wp-content\/uploads\/2022\/11\/JDJ-2022-26-130x87.jpg 130w, https:\/\/eglisecatholiqueniger.org\/wp-content\/uploads\/2022\/11\/JDJ-2022-26-359x240.jpg 359w, https:\/\/eglisecatholiqueniger.org\/wp-content\/uploads\/2022\/11\/JDJ-2022-26-85x57.jpg 85w, https:\/\/eglisecatholiqueniger.org\/wp-content\/uploads\/2022\/11\/JDJ-2022-26-546x365.jpg 546w, https:\/\/eglisecatholiqueniger.org\/wp-content\/uploads\/2022\/11\/JDJ-2022-26-165x109.jpg 165w, https:\/\/eglisecatholiqueniger.org\/wp-content\/uploads\/2022\/11\/JDJ-2022-26-347x233.jpg 347w, https:\/\/eglisecatholiqueniger.org\/wp-content\/uploads\/2022\/11\/JDJ-2022-26-112x75.jpg 112w, https:\/\/eglisecatholiqueniger.org\/wp-content\/uploads\/2022\/11\/JDJ-2022-26-179x120.jpg 179w, https:\/\/eglisecatholiqueniger.org\/wp-content\/uploads\/2022\/11\/JDJ-2022-26-170x113.jpg 170w, https:\/\/eglisecatholiqueniger.org\/wp-content\/uploads\/2022\/11\/JDJ-2022-26-81x55.jpg 81w, https:\/\/eglisecatholiqueniger.org\/wp-content\/uploads\/2022\/11\/JDJ-2022-26-765x510.jpg 765w\" sizes=\"auto, (max-width: 300px) 100vw, 300px\" \/><img loading=\"lazy\" decoding=\"async\" class=\"alignnone size-medium wp-image-666\" src=\"http:\/\/eglisecatholiqueniger.org\/wp-content\/uploads\/2022\/11\/JDJ-2022-30-300x200.jpg\" alt=\"\" width=\"300\" height=\"200\" srcset=\"https:\/\/eglisecatholiqueniger.org\/wp-content\/uploads\/2022\/11\/JDJ-2022-30-300x200.jpg 300w, https:\/\/eglisecatholiqueniger.org\/wp-content\/uploads\/2022\/11\/JDJ-2022-30-1024x683.jpg 1024w, https:\/\/eglisecatholiqueniger.org\/wp-content\/uploads\/2022\/11\/JDJ-2022-30-768x512.jpg 768w, https:\/\/eglisecatholiqueniger.org\/wp-content\/uploads\/2022\/11\/JDJ-2022-30-1536x1025.jpg 1536w, https:\/\/eglisecatholiqueniger.org\/wp-content\/uploads\/2022\/11\/JDJ-2022-30-2048x1367.jpg 2048w, https:\/\/eglisecatholiqueniger.org\/wp-content\/uploads\/2022\/11\/JDJ-2022-30-274x183.jpg 274w, https:\/\/eglisecatholiqueniger.org\/wp-content\/uploads\/2022\/11\/JDJ-2022-30-80x54.jpg 80w, https:\/\/eglisecatholiqueniger.org\/wp-content\/uploads\/2022\/11\/JDJ-2022-30-130x87.jpg 130w, https:\/\/eglisecatholiqueniger.org\/wp-content\/uploads\/2022\/11\/JDJ-2022-30-359x240.jpg 359w, https:\/\/eglisecatholiqueniger.org\/wp-content\/uploads\/2022\/11\/JDJ-2022-30-85x57.jpg 85w, https:\/\/eglisecatholiqueniger.org\/wp-content\/uploads\/2022\/11\/JDJ-2022-30-546x365.jpg 546w, https:\/\/eglisecatholiqueniger.org\/wp-content\/uploads\/2022\/11\/JDJ-2022-30-165x109.jpg 165w, https:\/\/eglisecatholiqueniger.org\/wp-content\/uploads\/2022\/11\/JDJ-2022-30-347x233.jpg 347w, https:\/\/eglisecatholiqueniger.org\/wp-content\/uploads\/2022\/11\/JDJ-2022-30-112x75.jpg 112w, https:\/\/eglisecatholiqueniger.org\/wp-content\/uploads\/2022\/11\/JDJ-2022-30-179x120.jpg 179w, https:\/\/eglisecatholiqueniger.org\/wp-content\/uploads\/2022\/11\/JDJ-2022-30-170x113.jpg 170w, https:\/\/eglisecatholiqueniger.org\/wp-content\/uploads\/2022\/11\/JDJ-2022-30-81x55.jpg 81w, https:\/\/eglisecatholiqueniger.org\/wp-content\/uploads\/2022\/11\/JDJ-2022-30-765x510.jpg 765w\" sizes=\"auto, (max-width: 300px) 100vw, 300px\" \/><\/p>\n<p>De l\u2019avis de plusieurs jeunes et organisateurs, \u00ab tout n\u2019a pas \u00e9t\u00e9 parfait, mais on peut dire que les premi\u00e8res JDJ ont r\u00e9ussi dans l&rsquo;ensemble \u00bb. On pouvait d\u2019ailleurs lire ce sentiment de satisfaction sur les visages.<\/p>\n<p>A peine cette premi\u00e8re \u00e9dition achev\u00e9e, rendez-vous a \u00e9t\u00e9 pris pour l\u2019ann\u00e9e prochaine, \u00e0 la m\u00eame p\u00e9riode. Afin de corriger les insuffisances et mieux faire la prochaine fois, le p\u00e8re Simon FIOGBE, a, en effet, invit\u00e9 les organisateurs et jeunes d\u00e9l\u00e9gu\u00e9s des paroisses \u00e0 commencer d\u00e9j\u00e0 \u00e0 r\u00e9fl\u00e9chir sur l\u2019organisation de la deuxi\u00e8me \u00e9dition.<\/p>\n<p>Rappelons que les Journ\u00e9es Dioc\u00e9saines des Jeunes s\u2019inscrivent dans le cadre des Journ\u00e9es Mondiales des Jeunes (JMJ), c\u00e9l\u00e9br\u00e9es depuis quelques ann\u00e9es, dans les dioc\u00e8ses du monde entier, le dimanche du Christ Roi de l\u2019Univers (dernier dimanche de l\u2019ann\u00e9e liturgique).<\/p>\n","protected":false},"excerpt":{"rendered":"<p>Les jeunes de Niamey sur les pas de Marie, Reine de la paix\u00a0! &nbsp; \u00ab\u00a0Jeune, comme Marie, h\u00e2te-toi d\u2019apporter la paix dans ton milieu de vie\u00a0!\u00a0\u00bb Tel \u00e9tait le th\u00e8me &#8230;<\/p>\n","protected":false},"author":1,"featured_media":0,"comment_status":"open","ping_status":"open","sticky":false,"template":"","format":"standard","meta":{"footnotes":""},"categories":[1],"tags":[],"class_list":["post-659","post","type-post","status-publish","format-standard","category-non-classe"],"_links":{"self":[{"href":"https:\/\/eglisecatholiqueniger.org\/index.php\/wp-json\/wp\/v2\/posts\/659","targetHints":{"allow":["GET"]}}],"collection":[{"href":"https:\/\/eglisecatholiqueniger.org\/index.php\/wp-json\/wp\/v2\/posts"}],"about":[{"href":"https:\/\/eglisecatholiqueniger.org\/index.php\/wp-json\/wp\/v2\/types\/post"}],"author":[{"embeddable":true,"href":"https:\/\/eglisecatholiqueniger.org\/index.php\/wp-json\/wp\/v2\/users\/1"}],"replies":[{"embeddable":true,"href":"https:\/\/eglisecatholiqueniger.org\/index.php\/wp-json\/wp\/v2\/comments?post=659"}],"version-history":[{"count":7,"href":"https:\/\/eglisecatholiqueniger.org\/index.php\/wp-json\/wp\/v2\/posts\/659\/revisions"}],"predecessor-version":[{"id":674,"href":"https:\/\/eglisecatholiqueniger.org\/index.php\/wp-json\/wp\/v2\/posts\/659\/revisions\/674"}],"wp:attachment":[{"href":"https:\/\/eglisecatholiqueniger.org\/index.php\/wp-json\/wp\/v2\/media?parent=659"}],"wp:term":[{"taxonomy":"category","embeddable":true,"href":"https:\/\/eglisecatholiqueniger.org\/index.php\/wp-json\/wp\/v2\/categories?post=659"},{"taxonomy":"post_tag","embeddable":true,"href":"https:\/\/eglisecatholiqueniger.org\/index.php\/wp-json\/wp\/v2\/tags?post=659"}],"curies":[{"name":"wp","href":"https:\/\/api.w.org\/{rel}","templated":true}]}}