{"id":693,"date":"2022-12-04T22:49:46","date_gmt":"2022-12-04T21:49:46","guid":{"rendered":"https:\/\/eglisecatholiqueniger.org\/?p=693"},"modified":"2022-12-04T22:49:46","modified_gmt":"2022-12-04T21:49:46","slug":"la-commission-diocesaine-des-vocations-en-seminaire","status":"publish","type":"post","link":"https:\/\/eglisecatholiqueniger.org\/index.php\/2022\/12\/04\/la-commission-diocesaine-des-vocations-en-seminaire\/","title":{"rendered":"La Commission Dioc\u00e9saine des Vocations en s\u00e9minaire"},"content":{"rendered":"<p><em><img loading=\"lazy\" decoding=\"async\" class=\" wp-image-694 alignleft\" src=\"http:\/\/eglisecatholiqueniger.org\/wp-content\/uploads\/2022\/12\/IMG-20221203-WA0072-300x225.jpg\" alt=\"\" width=\"238\" height=\"178\" srcset=\"https:\/\/eglisecatholiqueniger.org\/wp-content\/uploads\/2022\/12\/IMG-20221203-WA0072-300x225.jpg 300w, https:\/\/eglisecatholiqueniger.org\/wp-content\/uploads\/2022\/12\/IMG-20221203-WA0072-1024x769.jpg 1024w, https:\/\/eglisecatholiqueniger.org\/wp-content\/uploads\/2022\/12\/IMG-20221203-WA0072-768x577.jpg 768w, https:\/\/eglisecatholiqueniger.org\/wp-content\/uploads\/2022\/12\/IMG-20221203-WA0072.jpg 1280w\" sizes=\"auto, (max-width: 238px) 100vw, 238px\" \/>\u00ab\u00a0La pastorale des vocations dans le contexte du Niger\u00a0\u00bb.<\/em> Tel est le th\u00e8me qui a guid\u00e9 les travaux du premier s\u00e9minaire de la Commission des Vocations de l\u2019Archidioc\u00e8se de Niamey.<\/p>\n<p>Deux jours durant (3-4 d\u00e9cembre 2022), les membres de la Commission Dioc\u00e9saine des Vocations ont r\u00e9fl\u00e9chi et \u00e9chang\u00e9 sur la situation des vocations dans le Dioc\u00e8se et l\u2019animation qu\u2019il conviendra de mener, afin de susciter et d\u2019accompagner les vocations sacerdotales et religieuses.<\/p>\n<p>Pour ouvrir les travaux, ils ont v\u00e9cu une petite recollection. A cet effet, ils ont eu droit \u00e0 un enseignement sur <em>\u00ab\u00a0le discernement dans l\u2019accompagnement des vocations\u00a0\u00bb.<\/em> Dans son expos\u00e9, le p\u00e8re Serge VITOULEY, vicaire \u00e0 la paroisse Saint Jean de Niamey et membre de la commission, a rappel\u00e9 \u00ab\u00a0l\u2019importance du discernement vocationnel\u00a0\u00bb, avant de faire conna\u00eetre \u00ab\u00a0les conditions de base pour un discernement authentique\u00a0\u00bb. Apr\u00e8s un temps de m\u00e9ditation, les participants au s\u00e9minaire ont ensuite \u00e9cout\u00e9 une communication sur <em>\u00ab\u00a0L\u2019Eglise Catholique au Niger et ses d\u00e9fis\u00a0\u00bb,<\/em> pr\u00e9sent\u00e9e par le p\u00e8re Eric MEDAGBE. L\u2019Eglise du Niger, fond\u00e9e officiellement en 1931 et \u00e9rig\u00e9e en dioc\u00e8se en 1961, a connu une \u00e9volution, a fait savoir le Responsable de la Commission Dioc\u00e9saine des Vocations, et d&rsquo;indiquer que\u00a0 \u00ab\u00a0de terre de mission qu\u2019elle \u00e9tait, l&rsquo;Eglise Catholique au Niger est devenue missionnaire, passant ainsi d\u2019une \u00e9glise avec un \u00e9v\u00eaque de 1961 \u00e0 1984, \u00e0 une \u00e9glise \u00e0 deux dioc\u00e8ses, avec deux \u00e9v\u00eaques, \u00e0 partir des ann\u00e9es 2000&Prime;. Il a aussi renseign\u00e9 que l\u2019Eglise Catholique au Niger a depuis toujours eu le souci des jeunes et des vocations et s\u2019y est investie. D\u2019ailleurs, des ann\u00e9es pastorales enti\u00e8res ont \u00e9t\u00e9 consacr\u00e9es \u00e0 ces deux pastorales ces derniers temps. De m\u00eame, un Centre de formation pour les jeunes qui d\u00e9sirent devenir pr\u00eatres a \u00e9t\u00e9 cr\u00e9\u00e9 en 1987 : le Foyer Samuel.<\/p>\n<p>Apr\u00e8s cette communication, les membres de la commission ont entam\u00e9 les r\u00e9flexions et \u00e9changes, jusqu\u2019au soir. L\u2019apr\u00e8s-midi, ils ont re\u00e7u la visite de Mgr Laurent LOMPO, pass\u00e9 les saluer et les encourager. \u00ab\u00a0Il y a toujours eu des vocations et il y en aura toujours\u00a0; \u00e0 chacun de vous de redoubler d\u2019effort pour s\u2019impliquer davantage dans l\u2019animation vocationnelle, afin de donner aux jeunes le go\u00fbt de la cons\u00e9cration \u00e0 Dieu, et de sensibiliser leurs parents \u00e0 propos de l\u2019importance des vocations sacerdotales et religieuses\u00a0pour le bien de l\u2019Eglise\u00a0\u00bb, a dit l\u2019Archev\u00eaque de Niamey, avant de les f\u00e9liciter et les remercier pour le travail \u00e9norme qu\u2019ils font dans les paroisses.<\/p>\n<p><img loading=\"lazy\" decoding=\"async\" class=\"alignnone wp-image-695\" src=\"http:\/\/eglisecatholiqueniger.org\/wp-content\/uploads\/2022\/12\/IMG-20221203-WA0075-300x265.jpg\" alt=\"\" width=\"180\" height=\"159\" srcset=\"https:\/\/eglisecatholiqueniger.org\/wp-content\/uploads\/2022\/12\/IMG-20221203-WA0075-300x265.jpg 300w, https:\/\/eglisecatholiqueniger.org\/wp-content\/uploads\/2022\/12\/IMG-20221203-WA0075-1024x906.jpg 1024w, https:\/\/eglisecatholiqueniger.org\/wp-content\/uploads\/2022\/12\/IMG-20221203-WA0075-768x679.jpg 768w, https:\/\/eglisecatholiqueniger.org\/wp-content\/uploads\/2022\/12\/IMG-20221203-WA0075.jpg 1280w\" sizes=\"auto, (max-width: 180px) 100vw, 180px\" \/><img loading=\"lazy\" decoding=\"async\" class=\"alignnone wp-image-697\" src=\"http:\/\/eglisecatholiqueniger.org\/wp-content\/uploads\/2022\/12\/IMG-20221203-WA0079-300x225.jpg\" alt=\"\" width=\"213\" height=\"160\" srcset=\"https:\/\/eglisecatholiqueniger.org\/wp-content\/uploads\/2022\/12\/IMG-20221203-WA0079-300x225.jpg 300w, https:\/\/eglisecatholiqueniger.org\/wp-content\/uploads\/2022\/12\/IMG-20221203-WA0079-1024x769.jpg 1024w, https:\/\/eglisecatholiqueniger.org\/wp-content\/uploads\/2022\/12\/IMG-20221203-WA0079-768x577.jpg 768w, https:\/\/eglisecatholiqueniger.org\/wp-content\/uploads\/2022\/12\/IMG-20221203-WA0079.jpg 1156w\" sizes=\"auto, (max-width: 213px) 100vw, 213px\" \/><img loading=\"lazy\" decoding=\"async\" class=\"alignnone wp-image-698\" src=\"http:\/\/eglisecatholiqueniger.org\/wp-content\/uploads\/2022\/12\/IMG-20221203-WA0080-300x272.jpg\" alt=\"\" width=\"176\" height=\"160\" srcset=\"https:\/\/eglisecatholiqueniger.org\/wp-content\/uploads\/2022\/12\/IMG-20221203-WA0080-300x272.jpg 300w, https:\/\/eglisecatholiqueniger.org\/wp-content\/uploads\/2022\/12\/IMG-20221203-WA0080-1024x929.jpg 1024w, https:\/\/eglisecatholiqueniger.org\/wp-content\/uploads\/2022\/12\/IMG-20221203-WA0080-768x697.jpg 768w, https:\/\/eglisecatholiqueniger.org\/wp-content\/uploads\/2022\/12\/IMG-20221203-WA0080.jpg 1280w\" sizes=\"auto, (max-width: 176px) 100vw, 176px\" \/><\/p>\n<p>Le lendemain, dimanche, ils ont c\u00e9l\u00e9br\u00e9 la messe ensemble dans la chapelle des Fr\u00e8res des Ecoles Chr\u00e9tiennes (FEC), avant d\u2019accueillir, pour un temps d\u2019\u00e9change, la cellule de l\u2019Union des Consacr\u00e9s du Niger (UCNI), charg\u00e9e de l\u2019animation vocationnelle.<\/p>\n<p>Le s\u00e9minaire s\u2019est achev\u00e9 par une agape fraternelle, dans une ambiance joyeuse.<\/p>\n<p>Puisse le Seigneur donner \u00e0 l\u2019Eglise au Niger de nombreux et saints pr\u00eatres, religieux et religieuses pour sa gloire et le bien de l\u2019Eglise\u00a0! Amen.<\/p>\n","protected":false},"excerpt":{"rendered":"<p>\u00ab\u00a0La pastorale des vocations dans le contexte du Niger\u00a0\u00bb. Tel est le th\u00e8me qui a guid\u00e9 les travaux du premier s\u00e9minaire de la Commission des Vocations de l\u2019Archidioc\u00e8se de Niamey. &#8230;<\/p>\n","protected":false},"author":1,"featured_media":0,"comment_status":"open","ping_status":"open","sticky":false,"template":"","format":"standard","meta":{"footnotes":""},"categories":[1],"tags":[],"class_list":["post-693","post","type-post","status-publish","format-standard","category-non-classe"],"_links":{"self":[{"href":"https:\/\/eglisecatholiqueniger.org\/index.php\/wp-json\/wp\/v2\/posts\/693","targetHints":{"allow":["GET"]}}],"collection":[{"href":"https:\/\/eglisecatholiqueniger.org\/index.php\/wp-json\/wp\/v2\/posts"}],"about":[{"href":"https:\/\/eglisecatholiqueniger.org\/index.php\/wp-json\/wp\/v2\/types\/post"}],"author":[{"embeddable":true,"href":"https:\/\/eglisecatholiqueniger.org\/index.php\/wp-json\/wp\/v2\/users\/1"}],"replies":[{"embeddable":true,"href":"https:\/\/eglisecatholiqueniger.org\/index.php\/wp-json\/wp\/v2\/comments?post=693"}],"version-history":[{"count":7,"href":"https:\/\/eglisecatholiqueniger.org\/index.php\/wp-json\/wp\/v2\/posts\/693\/revisions"}],"predecessor-version":[{"id":705,"href":"https:\/\/eglisecatholiqueniger.org\/index.php\/wp-json\/wp\/v2\/posts\/693\/revisions\/705"}],"wp:attachment":[{"href":"https:\/\/eglisecatholiqueniger.org\/index.php\/wp-json\/wp\/v2\/media?parent=693"}],"wp:term":[{"taxonomy":"category","embeddable":true,"href":"https:\/\/eglisecatholiqueniger.org\/index.php\/wp-json\/wp\/v2\/categories?post=693"},{"taxonomy":"post_tag","embeddable":true,"href":"https:\/\/eglisecatholiqueniger.org\/index.php\/wp-json\/wp\/v2\/tags?post=693"}],"curies":[{"name":"wp","href":"https:\/\/api.w.org\/{rel}","templated":true}]}}