{"id":708,"date":"2022-12-14T12:43:28","date_gmt":"2022-12-14T11:43:28","guid":{"rendered":"https:\/\/eglisecatholiqueniger.org\/?p=708"},"modified":"2022-12-14T12:43:28","modified_gmt":"2022-12-14T11:43:28","slug":"larchidiocese-de-niamey-resolument-engage-dans-le-developpement-de-sa-pastorale-de-sante","status":"publish","type":"post","link":"https:\/\/eglisecatholiqueniger.org\/index.php\/2022\/12\/14\/larchidiocese-de-niamey-resolument-engage-dans-le-developpement-de-sa-pastorale-de-sante\/","title":{"rendered":"L\u2019Archidioc\u00e8se de Niamey r\u00e9solument engag\u00e9 dans le d\u00e9veloppement de sa pastorale de sant\u00e9"},"content":{"rendered":"<p><img loading=\"lazy\" decoding=\"async\" class=\" wp-image-710 alignleft\" src=\"http:\/\/eglisecatholiqueniger.org\/wp-content\/uploads\/2022\/12\/ATTELIER-SANTE-2-1-300x200.jpg\" alt=\"\" width=\"273\" height=\"182\" srcset=\"https:\/\/eglisecatholiqueniger.org\/wp-content\/uploads\/2022\/12\/ATTELIER-SANTE-2-1-300x200.jpg 300w, https:\/\/eglisecatholiqueniger.org\/wp-content\/uploads\/2022\/12\/ATTELIER-SANTE-2-1-1024x683.jpg 1024w, https:\/\/eglisecatholiqueniger.org\/wp-content\/uploads\/2022\/12\/ATTELIER-SANTE-2-1-768x512.jpg 768w, https:\/\/eglisecatholiqueniger.org\/wp-content\/uploads\/2022\/12\/ATTELIER-SANTE-2-1-1536x1025.jpg 1536w, https:\/\/eglisecatholiqueniger.org\/wp-content\/uploads\/2022\/12\/ATTELIER-SANTE-2-1-2048x1367.jpg 2048w, https:\/\/eglisecatholiqueniger.org\/wp-content\/uploads\/2022\/12\/ATTELIER-SANTE-2-1-274x183.jpg 274w, https:\/\/eglisecatholiqueniger.org\/wp-content\/uploads\/2022\/12\/ATTELIER-SANTE-2-1-80x54.jpg 80w, https:\/\/eglisecatholiqueniger.org\/wp-content\/uploads\/2022\/12\/ATTELIER-SANTE-2-1-130x87.jpg 130w, https:\/\/eglisecatholiqueniger.org\/wp-content\/uploads\/2022\/12\/ATTELIER-SANTE-2-1-359x240.jpg 359w, https:\/\/eglisecatholiqueniger.org\/wp-content\/uploads\/2022\/12\/ATTELIER-SANTE-2-1-85x57.jpg 85w, https:\/\/eglisecatholiqueniger.org\/wp-content\/uploads\/2022\/12\/ATTELIER-SANTE-2-1-546x365.jpg 546w, https:\/\/eglisecatholiqueniger.org\/wp-content\/uploads\/2022\/12\/ATTELIER-SANTE-2-1-165x109.jpg 165w, https:\/\/eglisecatholiqueniger.org\/wp-content\/uploads\/2022\/12\/ATTELIER-SANTE-2-1-347x233.jpg 347w, https:\/\/eglisecatholiqueniger.org\/wp-content\/uploads\/2022\/12\/ATTELIER-SANTE-2-1-112x75.jpg 112w, https:\/\/eglisecatholiqueniger.org\/wp-content\/uploads\/2022\/12\/ATTELIER-SANTE-2-1-179x120.jpg 179w, https:\/\/eglisecatholiqueniger.org\/wp-content\/uploads\/2022\/12\/ATTELIER-SANTE-2-1-170x113.jpg 170w, https:\/\/eglisecatholiqueniger.org\/wp-content\/uploads\/2022\/12\/ATTELIER-SANTE-2-1-81x55.jpg 81w, https:\/\/eglisecatholiqueniger.org\/wp-content\/uploads\/2022\/12\/ATTELIER-SANTE-2-1-765x510.jpg 765w\" sizes=\"auto, (max-width: 273px) 100vw, 273px\" \/>Du 8 au 9 d\u00e9cembre 2022, a eu lieu, \u00e0 la Cath\u00e9drale de Niamey, l\u2019atelier de validation du<em> Rapport d\u2019analyse de situation du secteur de la sant\u00e9 de l\u2019Archidioc\u00e8se de Niamey.<\/em> Cette rencontre, la premi\u00e8re du genre, a vu la participation de l\u2019Ordinaire de Niamey, Mgr Laurent Lompo, de son Vicaire G\u00e9n\u00e9ral, des Directeurs national et dioc\u00e9sain de la Caritas-D\u00e9veloppement Niger (CADEV-Niger), des cur\u00e9s, administrateurs et aum\u00f4niers des paroisses, ainsi que des responsables des institutions et des membres des \u00e9quipes du Service Evang\u00e9lique des Malades (SEM) du dioc\u00e8se. Elle a \u00e9t\u00e9 anim\u00e9e par un Consultant: M. Diassibo, qui a pilot\u00e9 le travail sur le plan technique.<\/p>\n<p>Dans son discours d\u2019ouverture de l\u2019atelier, Mgr Laurent a souhait\u00e9 \u00ab\u00a0la chaleureuse bienvenue\u00a0\u00bb \u00e0 tous les participants, avant d\u2019\u00e9noncer l\u2019objectif principal de cette grande assembl\u00e9e\u00a0: \u00ab\u00a0valider le rapport d\u2019analyse de situation du secteur de la sant\u00e9 dans notre Archidioc\u00e8se de Niamey\u00a0\u00bb. Et de soutenir que \u00ab\u00a0cet atelier constitue une premi\u00e8re dans l\u2019histoire de notre Eglise-Famille de Dieu au Niger et marque la fin de la premi\u00e8re \u00e9tape d\u2019un long exercice auquel nous nous engageons et pour lequel je vous demande de vous engager avec nous.\u00a0\u00bb<\/p>\n<p>Rappelant la fin vis\u00e9e par la validation du document, l\u2019Archev\u00eaque de Niamey a dit qu\u2019il \u00ab\u00a0nous permettra tr\u00e8s prochainement, avec l\u2019aide de nos partenaires, d\u2019\u00e9laborer le Plan Strat\u00e9gique, qui sera un outil de plaidoyer pour le financement du secteur de la sant\u00e9 dans le dioc\u00e8se\u00a0\u00bb. Dans ce sens, il a soulign\u00e9 l\u2019importance de la pastorale de la sant\u00e9 dans l\u2019Eglise, en ces termes\u00a0: \u00ab\u00a0la pr\u00e9sence de l\u2019Eglise aupr\u00e8s des malades et des plus pauvres est une vocation sacerdotale institu\u00e9e par le Christ et t\u00e9moigne du rayonnement de la charit\u00e9 envers les plus d\u00e9munis.\u00a0\u00bb \u00ab\u00a0C\u2019est pourquoi, a-t-il poursuivi, l\u2019Archidioc\u00e8se de Niamey veut faire de cet atelier une r\u00e9ussite totale, afin d\u2019obtenir \u00e0 terme un document participatif et consensuel permettant de cerner toute la probl\u00e9matique li\u00e9e au secteur de la sant\u00e9. Ainsi, les orientations strat\u00e9giques d\u00e9gag\u00e9es, que vous aurez \u00e0 amender, permettront de d\u00e9velopper des strat\u00e9gies qui constitueront les grandes lignes du nouveau Plan Strat\u00e9gique.\u00a0\u00bb<\/p>\n<p>Deux jours durant donc, les participants ont r\u00e9fl\u00e9chi ensemble, amend\u00e9 (dans le fond et la forme) le document d\u2019analyse de la situation de la sant\u00e9 dans le dioc\u00e8se, d\u00e9termin\u00e9 les prochaines \u00e9tapes du travail et fait des recommandations.<\/p>\n<p>A la fin de l\u2019atelier, Mgr Laurent s\u2019est f\u00e9licit\u00e9 de la qualit\u00e9 du travail accompli et a remerci\u00e9 tous ceux qui y ont contribu\u00e9.<\/p>\n<p><img loading=\"lazy\" decoding=\"async\" class=\"alignnone  wp-image-711\" src=\"http:\/\/eglisecatholiqueniger.org\/wp-content\/uploads\/2022\/12\/ATTELIER-SANTE-3-300x200.jpg\" alt=\"\" width=\"270\" height=\"180\" srcset=\"https:\/\/eglisecatholiqueniger.org\/wp-content\/uploads\/2022\/12\/ATTELIER-SANTE-3-300x200.jpg 300w, https:\/\/eglisecatholiqueniger.org\/wp-content\/uploads\/2022\/12\/ATTELIER-SANTE-3-1024x683.jpg 1024w, https:\/\/eglisecatholiqueniger.org\/wp-content\/uploads\/2022\/12\/ATTELIER-SANTE-3-768x512.jpg 768w, https:\/\/eglisecatholiqueniger.org\/wp-content\/uploads\/2022\/12\/ATTELIER-SANTE-3-1536x1025.jpg 1536w, https:\/\/eglisecatholiqueniger.org\/wp-content\/uploads\/2022\/12\/ATTELIER-SANTE-3-2048x1367.jpg 2048w, https:\/\/eglisecatholiqueniger.org\/wp-content\/uploads\/2022\/12\/ATTELIER-SANTE-3-274x183.jpg 274w, https:\/\/eglisecatholiqueniger.org\/wp-content\/uploads\/2022\/12\/ATTELIER-SANTE-3-80x54.jpg 80w, https:\/\/eglisecatholiqueniger.org\/wp-content\/uploads\/2022\/12\/ATTELIER-SANTE-3-130x87.jpg 130w, https:\/\/eglisecatholiqueniger.org\/wp-content\/uploads\/2022\/12\/ATTELIER-SANTE-3-359x240.jpg 359w, https:\/\/eglisecatholiqueniger.org\/wp-content\/uploads\/2022\/12\/ATTELIER-SANTE-3-85x57.jpg 85w, https:\/\/eglisecatholiqueniger.org\/wp-content\/uploads\/2022\/12\/ATTELIER-SANTE-3-546x365.jpg 546w, https:\/\/eglisecatholiqueniger.org\/wp-content\/uploads\/2022\/12\/ATTELIER-SANTE-3-165x109.jpg 165w, https:\/\/eglisecatholiqueniger.org\/wp-content\/uploads\/2022\/12\/ATTELIER-SANTE-3-347x233.jpg 347w, https:\/\/eglisecatholiqueniger.org\/wp-content\/uploads\/2022\/12\/ATTELIER-SANTE-3-112x75.jpg 112w, https:\/\/eglisecatholiqueniger.org\/wp-content\/uploads\/2022\/12\/ATTELIER-SANTE-3-179x120.jpg 179w, https:\/\/eglisecatholiqueniger.org\/wp-content\/uploads\/2022\/12\/ATTELIER-SANTE-3-170x113.jpg 170w, https:\/\/eglisecatholiqueniger.org\/wp-content\/uploads\/2022\/12\/ATTELIER-SANTE-3-81x55.jpg 81w, https:\/\/eglisecatholiqueniger.org\/wp-content\/uploads\/2022\/12\/ATTELIER-SANTE-3-765x510.jpg 765w\" sizes=\"auto, (max-width: 270px) 100vw, 270px\" \/> <img loading=\"lazy\" decoding=\"async\" class=\" wp-image-712 alignright\" src=\"http:\/\/eglisecatholiqueniger.org\/wp-content\/uploads\/2022\/12\/ATTELIER-SANTE-5-300x200.jpg\" alt=\"\" width=\"272\" height=\"181\" srcset=\"https:\/\/eglisecatholiqueniger.org\/wp-content\/uploads\/2022\/12\/ATTELIER-SANTE-5-300x200.jpg 300w, https:\/\/eglisecatholiqueniger.org\/wp-content\/uploads\/2022\/12\/ATTELIER-SANTE-5-1024x683.jpg 1024w, https:\/\/eglisecatholiqueniger.org\/wp-content\/uploads\/2022\/12\/ATTELIER-SANTE-5-768x512.jpg 768w, https:\/\/eglisecatholiqueniger.org\/wp-content\/uploads\/2022\/12\/ATTELIER-SANTE-5-1536x1025.jpg 1536w, https:\/\/eglisecatholiqueniger.org\/wp-content\/uploads\/2022\/12\/ATTELIER-SANTE-5-2048x1367.jpg 2048w, https:\/\/eglisecatholiqueniger.org\/wp-content\/uploads\/2022\/12\/ATTELIER-SANTE-5-274x183.jpg 274w, https:\/\/eglisecatholiqueniger.org\/wp-content\/uploads\/2022\/12\/ATTELIER-SANTE-5-80x54.jpg 80w, https:\/\/eglisecatholiqueniger.org\/wp-content\/uploads\/2022\/12\/ATTELIER-SANTE-5-130x87.jpg 130w, https:\/\/eglisecatholiqueniger.org\/wp-content\/uploads\/2022\/12\/ATTELIER-SANTE-5-359x240.jpg 359w, https:\/\/eglisecatholiqueniger.org\/wp-content\/uploads\/2022\/12\/ATTELIER-SANTE-5-85x57.jpg 85w, https:\/\/eglisecatholiqueniger.org\/wp-content\/uploads\/2022\/12\/ATTELIER-SANTE-5-546x365.jpg 546w, https:\/\/eglisecatholiqueniger.org\/wp-content\/uploads\/2022\/12\/ATTELIER-SANTE-5-165x109.jpg 165w, https:\/\/eglisecatholiqueniger.org\/wp-content\/uploads\/2022\/12\/ATTELIER-SANTE-5-112x75.jpg 112w, https:\/\/eglisecatholiqueniger.org\/wp-content\/uploads\/2022\/12\/ATTELIER-SANTE-5-179x120.jpg 179w, https:\/\/eglisecatholiqueniger.org\/wp-content\/uploads\/2022\/12\/ATTELIER-SANTE-5-170x113.jpg 170w, https:\/\/eglisecatholiqueniger.org\/wp-content\/uploads\/2022\/12\/ATTELIER-SANTE-5-81x55.jpg 81w, https:\/\/eglisecatholiqueniger.org\/wp-content\/uploads\/2022\/12\/ATTELIER-SANTE-5-765x510.jpg 765w\" sizes=\"auto, (max-width: 272px) 100vw, 272px\" \/><\/p>\n","protected":false},"excerpt":{"rendered":"<p>Du 8 au 9 d\u00e9cembre 2022, a eu lieu, \u00e0 la Cath\u00e9drale de Niamey, l\u2019atelier de validation du Rapport d\u2019analyse de situation du secteur de la sant\u00e9 de l\u2019Archidioc\u00e8se de &#8230;<\/p>\n","protected":false},"author":1,"featured_media":0,"comment_status":"open","ping_status":"open","sticky":false,"template":"","format":"standard","meta":{"footnotes":""},"categories":[1],"tags":[],"class_list":["post-708","post","type-post","status-publish","format-standard","category-non-classe"],"_links":{"self":[{"href":"https:\/\/eglisecatholiqueniger.org\/index.php\/wp-json\/wp\/v2\/posts\/708","targetHints":{"allow":["GET"]}}],"collection":[{"href":"https:\/\/eglisecatholiqueniger.org\/index.php\/wp-json\/wp\/v2\/posts"}],"about":[{"href":"https:\/\/eglisecatholiqueniger.org\/index.php\/wp-json\/wp\/v2\/types\/post"}],"author":[{"embeddable":true,"href":"https:\/\/eglisecatholiqueniger.org\/index.php\/wp-json\/wp\/v2\/users\/1"}],"replies":[{"embeddable":true,"href":"https:\/\/eglisecatholiqueniger.org\/index.php\/wp-json\/wp\/v2\/comments?post=708"}],"version-history":[{"count":4,"href":"https:\/\/eglisecatholiqueniger.org\/index.php\/wp-json\/wp\/v2\/posts\/708\/revisions"}],"predecessor-version":[{"id":716,"href":"https:\/\/eglisecatholiqueniger.org\/index.php\/wp-json\/wp\/v2\/posts\/708\/revisions\/716"}],"wp:attachment":[{"href":"https:\/\/eglisecatholiqueniger.org\/index.php\/wp-json\/wp\/v2\/media?parent=708"}],"wp:term":[{"taxonomy":"category","embeddable":true,"href":"https:\/\/eglisecatholiqueniger.org\/index.php\/wp-json\/wp\/v2\/categories?post=708"},{"taxonomy":"post_tag","embeddable":true,"href":"https:\/\/eglisecatholiqueniger.org\/index.php\/wp-json\/wp\/v2\/tags?post=708"}],"curies":[{"name":"wp","href":"https:\/\/api.w.org\/{rel}","templated":true}]}}