{"id":718,"date":"2022-12-14T14:09:38","date_gmt":"2022-12-14T13:09:38","guid":{"rendered":"https:\/\/eglisecatholiqueniger.org\/?p=718"},"modified":"2022-12-14T14:09:38","modified_gmt":"2022-12-14T13:09:38","slug":"les-femmes-catholiques-de-niamey-celebrent-limmaculee-conception-de-marie","status":"publish","type":"post","link":"https:\/\/eglisecatholiqueniger.org\/index.php\/2022\/12\/14\/les-femmes-catholiques-de-niamey-celebrent-limmaculee-conception-de-marie\/","title":{"rendered":"Les femmes catholiques de Niamey c\u00e9l\u00e8brent l\u2019Immacul\u00e9e Conception de Marie"},"content":{"rendered":"<p><img loading=\"lazy\" decoding=\"async\" class=\" wp-image-719 alignleft\" src=\"http:\/\/eglisecatholiqueniger.org\/wp-content\/uploads\/2022\/12\/11-12-2022-7-300x200.jpg\" alt=\"\" width=\"275\" height=\"183\" srcset=\"https:\/\/eglisecatholiqueniger.org\/wp-content\/uploads\/2022\/12\/11-12-2022-7-300x200.jpg 300w, https:\/\/eglisecatholiqueniger.org\/wp-content\/uploads\/2022\/12\/11-12-2022-7-1024x683.jpg 1024w, https:\/\/eglisecatholiqueniger.org\/wp-content\/uploads\/2022\/12\/11-12-2022-7-768x512.jpg 768w, https:\/\/eglisecatholiqueniger.org\/wp-content\/uploads\/2022\/12\/11-12-2022-7-1536x1025.jpg 1536w, https:\/\/eglisecatholiqueniger.org\/wp-content\/uploads\/2022\/12\/11-12-2022-7-2048x1367.jpg 2048w, https:\/\/eglisecatholiqueniger.org\/wp-content\/uploads\/2022\/12\/11-12-2022-7-274x183.jpg 274w, https:\/\/eglisecatholiqueniger.org\/wp-content\/uploads\/2022\/12\/11-12-2022-7-80x54.jpg 80w, https:\/\/eglisecatholiqueniger.org\/wp-content\/uploads\/2022\/12\/11-12-2022-7-130x87.jpg 130w, https:\/\/eglisecatholiqueniger.org\/wp-content\/uploads\/2022\/12\/11-12-2022-7-359x240.jpg 359w, https:\/\/eglisecatholiqueniger.org\/wp-content\/uploads\/2022\/12\/11-12-2022-7-85x57.jpg 85w, https:\/\/eglisecatholiqueniger.org\/wp-content\/uploads\/2022\/12\/11-12-2022-7-546x365.jpg 546w, https:\/\/eglisecatholiqueniger.org\/wp-content\/uploads\/2022\/12\/11-12-2022-7-165x109.jpg 165w, https:\/\/eglisecatholiqueniger.org\/wp-content\/uploads\/2022\/12\/11-12-2022-7-112x75.jpg 112w, https:\/\/eglisecatholiqueniger.org\/wp-content\/uploads\/2022\/12\/11-12-2022-7-179x120.jpg 179w, https:\/\/eglisecatholiqueniger.org\/wp-content\/uploads\/2022\/12\/11-12-2022-7-170x113.jpg 170w, https:\/\/eglisecatholiqueniger.org\/wp-content\/uploads\/2022\/12\/11-12-2022-7-81x55.jpg 81w, https:\/\/eglisecatholiqueniger.org\/wp-content\/uploads\/2022\/12\/11-12-2022-7-765x510.jpg 765w\" sizes=\"auto, (max-width: 275px) 100vw, 275px\" \/>L\u2019\u00e9glise paroissiale St Paul de Harobanda \u00e9tait pleine \u00e0 craquer ce dimanche 11 d\u00e9cembre 2022. Pour cause, les femmes catholiques de Niamey s\u2019y sont retrouv\u00e9es pour c\u00e9l\u00e9brer la solennit\u00e9 de l\u2019Immacul\u00e9e Conception de Marie. Au programme : messe, conf\u00e9rence-d\u00e9bat, agapes fraternelles.<\/p>\n<p>Il \u00e9tait donc 9 heures du matin, ce dimanche, lorsque la chorale entonna le chant d\u2019entr\u00e9e de la messe qui devait marquer le d\u00e9but de la rencontre des femmes. Apr\u00e8s la monition d\u2019introduction, tous les fid\u00e8les ont implor\u00e9 la mis\u00e9ricorde de Dieu \u00e0 travers le rite p\u00e9nitentiel, avant de chanter le Gloria et d\u2019\u00e9couter ensuite les lectures du jour.<\/p>\n<p>Dans son hom\u00e9lie, l\u2019Archev\u00eaque de Niamey, qui a pr\u00e9sid\u00e9 l\u2019eucharistie, a d\u2019abord souhait\u00e9 la bienvenue \u00e0 toutes les femmes qui ont effectu\u00e9 le d\u00e9placement de la paroisse Saint Paul, avant de d\u00e9gager le message que livrent les textes liturgiques du jour. <em>\u00ab\u00a0En ce 3<sup>e<\/sup> dimanche du temps de l\u2019Avent, appel\u00e9 \u2018dimanche de la joie\u2019, les textes liturgiques nous invitent toutes et tous \u00e0 nous r\u00e9jouir d\u00e9j\u00e0 car Celui qui doit venir est d\u00e9j\u00e0 \u00e0 nos portes\u00a0\u00bb,<\/em> a d\u00e9clar\u00e9 Mgr Laurent. Certes, avec ceux qui sont dans la peine, on peut se demander si <em>\u00ab\u00a0cette joie de Dieu envahissant nos c\u0153urs est-elle possible aujourd\u2019hui quand on souffre\u00a0; quand on est \u00e9cras\u00e9 de soucis familiaux\u00a0; quand on ne mange m\u00eame pas \u00e0 sa faim\u00a0; quand on dort \u00e0 peine deux heures par nuit \u00e0 cause de l\u2019ins\u00e9curit\u00e9\u00a0; quand on ne peut pas se soigner \u00e0 cause de la pauvret\u00e9\u00a0; quand on vit sous le m\u00eame toit sans se parler\u00a0; quand on semble \u00eatre incompris m\u00eame dans le couple\u00a0?\u00a0\u00bb.<\/em> Mais, sans nier toutes ces situations difficiles qui meurtrissent bien de c\u0153urs, le premier pasteur de Niamey, en bon croyant, rassure, \u00e0 partir des textes du proph\u00e8te Isa\u00efe et de l\u2019Evangile \u00e9cout\u00e9s \u00e0 la messe ce jour, que <em>\u00ab\u00a0la joie est bien possible m\u00eame au c\u0153ur de nos souffrances parce que nous sommes des hommes et des femmes de foi et d\u2019esp\u00e9rance.\u00a0\u00bb<\/em> Et de marteler, avec les mots du proph\u00e8te\u00a0: <em>\u00ab\u00a0soyez forts, ne craignez pas. Voici votre Dieu\u2026 Il vient lui-m\u00eame et va vous sauver.\u00a0\u00bb.<\/em> Aussi, a-t-il exhort\u00e9, <em>\u00ab\u00a0\u2026 en tant que chr\u00e9tiens et chr\u00e9tiennes, \u00e0 ne pas nous enraciner continuellement dans le pessimisme en ne voyant que ce qui est mal \u00bb. \u00ab\u00a0Ouvrons plut\u00f4t les yeux pour contempler ce que Dieu fait d\u00e9j\u00e0 pour nous de bon et de beau\u00a0\u00bb,<\/em> a-t-il ajout\u00e9, soutenant par la m\u00eame occasion que <em>\u00ab\u00a0le Christ attendu est Celui qui vient donner \u00e0 la cr\u00e9ation d\u00e9chue une nouvelle naissance. Avec lui, les aveugles retrouveront la vue\u00a0; les boiteux marcheront\u00a0; les l\u00e9preux seront purifi\u00e9s et les sourds entendront.\u00a0\u00bb <\/em>Selon lui,<em> \u00ab\u00a0c\u2019est un motif de joie de savoir que Celui qui se tient \u00e0 nos portes, pr\u00e9sent\u00e9 par le proph\u00e8te Jean-Baptiste, n\u2019oublie aucune cat\u00e9gorie de personnes. Nous sommes tous et toutes appel\u00e9es \u00e0 mettre notre confiance en Lui car il nous aime et nous invite \u00e0 faire autant dans le quotidien de la vie.\u00a0\u00bb <\/em>Pour finir, Mgr Laurent a exhort\u00e9 les femmes et tous ceux qui \u00e9taient l\u00e0 \u00e0 <em>\u00ab\u00a0porter le message de bonheur au monde dans lequel nous vivons \u00e0 l\u2019exemple de la Vierge Marie, Mod\u00e8le de femme d\u2019\u00e9coute, Mod\u00e8le de femme de patience.\u00a0\u00bb<\/em><\/p>\n<p><img loading=\"lazy\" decoding=\"async\" class=\"alignnone  wp-image-720\" src=\"http:\/\/eglisecatholiqueniger.org\/wp-content\/uploads\/2022\/12\/11-12-2022-4-300x200.jpg\" alt=\"\" width=\"201\" height=\"134\" srcset=\"https:\/\/eglisecatholiqueniger.org\/wp-content\/uploads\/2022\/12\/11-12-2022-4-300x200.jpg 300w, https:\/\/eglisecatholiqueniger.org\/wp-content\/uploads\/2022\/12\/11-12-2022-4-1024x683.jpg 1024w, https:\/\/eglisecatholiqueniger.org\/wp-content\/uploads\/2022\/12\/11-12-2022-4-768x512.jpg 768w, https:\/\/eglisecatholiqueniger.org\/wp-content\/uploads\/2022\/12\/11-12-2022-4-1536x1024.jpg 1536w, https:\/\/eglisecatholiqueniger.org\/wp-content\/uploads\/2022\/12\/11-12-2022-4-2048x1366.jpg 2048w, https:\/\/eglisecatholiqueniger.org\/wp-content\/uploads\/2022\/12\/11-12-2022-4-274x183.jpg 274w, https:\/\/eglisecatholiqueniger.org\/wp-content\/uploads\/2022\/12\/11-12-2022-4-364x245.jpg 364w, https:\/\/eglisecatholiqueniger.org\/wp-content\/uploads\/2022\/12\/11-12-2022-4-80x54.jpg 80w, https:\/\/eglisecatholiqueniger.org\/wp-content\/uploads\/2022\/12\/11-12-2022-4-130x87.jpg 130w, https:\/\/eglisecatholiqueniger.org\/wp-content\/uploads\/2022\/12\/11-12-2022-4-359x240.jpg 359w, https:\/\/eglisecatholiqueniger.org\/wp-content\/uploads\/2022\/12\/11-12-2022-4-85x57.jpg 85w, https:\/\/eglisecatholiqueniger.org\/wp-content\/uploads\/2022\/12\/11-12-2022-4-546x365.jpg 546w, https:\/\/eglisecatholiqueniger.org\/wp-content\/uploads\/2022\/12\/11-12-2022-4-266x179.jpg 266w, https:\/\/eglisecatholiqueniger.org\/wp-content\/uploads\/2022\/12\/11-12-2022-4-165x109.jpg 165w, https:\/\/eglisecatholiqueniger.org\/wp-content\/uploads\/2022\/12\/11-12-2022-4-347x233.jpg 347w, https:\/\/eglisecatholiqueniger.org\/wp-content\/uploads\/2022\/12\/11-12-2022-4-112x75.jpg 112w, https:\/\/eglisecatholiqueniger.org\/wp-content\/uploads\/2022\/12\/11-12-2022-4-179x120.jpg 179w, https:\/\/eglisecatholiqueniger.org\/wp-content\/uploads\/2022\/12\/11-12-2022-4-170x113.jpg 170w, https:\/\/eglisecatholiqueniger.org\/wp-content\/uploads\/2022\/12\/11-12-2022-4-81x55.jpg 81w, https:\/\/eglisecatholiqueniger.org\/wp-content\/uploads\/2022\/12\/11-12-2022-4-765x510.jpg 765w\" sizes=\"auto, (max-width: 201px) 100vw, 201px\" \/><img loading=\"lazy\" decoding=\"async\" class=\"alignnone  wp-image-721\" src=\"http:\/\/eglisecatholiqueniger.org\/wp-content\/uploads\/2022\/12\/11-12-2022-8-300x200.jpg\" alt=\"\" width=\"203\" height=\"135\" srcset=\"https:\/\/eglisecatholiqueniger.org\/wp-content\/uploads\/2022\/12\/11-12-2022-8-300x200.jpg 300w, https:\/\/eglisecatholiqueniger.org\/wp-content\/uploads\/2022\/12\/11-12-2022-8-1024x683.jpg 1024w, https:\/\/eglisecatholiqueniger.org\/wp-content\/uploads\/2022\/12\/11-12-2022-8-768x512.jpg 768w, https:\/\/eglisecatholiqueniger.org\/wp-content\/uploads\/2022\/12\/11-12-2022-8-1536x1025.jpg 1536w, https:\/\/eglisecatholiqueniger.org\/wp-content\/uploads\/2022\/12\/11-12-2022-8-2048x1367.jpg 2048w, https:\/\/eglisecatholiqueniger.org\/wp-content\/uploads\/2022\/12\/11-12-2022-8-274x183.jpg 274w, https:\/\/eglisecatholiqueniger.org\/wp-content\/uploads\/2022\/12\/11-12-2022-8-80x54.jpg 80w, https:\/\/eglisecatholiqueniger.org\/wp-content\/uploads\/2022\/12\/11-12-2022-8-130x87.jpg 130w, https:\/\/eglisecatholiqueniger.org\/wp-content\/uploads\/2022\/12\/11-12-2022-8-359x240.jpg 359w, https:\/\/eglisecatholiqueniger.org\/wp-content\/uploads\/2022\/12\/11-12-2022-8-85x57.jpg 85w, https:\/\/eglisecatholiqueniger.org\/wp-content\/uploads\/2022\/12\/11-12-2022-8-546x365.jpg 546w, https:\/\/eglisecatholiqueniger.org\/wp-content\/uploads\/2022\/12\/11-12-2022-8-165x109.jpg 165w, https:\/\/eglisecatholiqueniger.org\/wp-content\/uploads\/2022\/12\/11-12-2022-8-347x233.jpg 347w, https:\/\/eglisecatholiqueniger.org\/wp-content\/uploads\/2022\/12\/11-12-2022-8-112x75.jpg 112w, https:\/\/eglisecatholiqueniger.org\/wp-content\/uploads\/2022\/12\/11-12-2022-8-179x120.jpg 179w, https:\/\/eglisecatholiqueniger.org\/wp-content\/uploads\/2022\/12\/11-12-2022-8-170x113.jpg 170w, https:\/\/eglisecatholiqueniger.org\/wp-content\/uploads\/2022\/12\/11-12-2022-8-81x55.jpg 81w, https:\/\/eglisecatholiqueniger.org\/wp-content\/uploads\/2022\/12\/11-12-2022-8-765x510.jpg 765w\" sizes=\"auto, (max-width: 203px) 100vw, 203px\" \/><img loading=\"lazy\" decoding=\"async\" class=\"alignnone  wp-image-722\" src=\"http:\/\/eglisecatholiqueniger.org\/wp-content\/uploads\/2022\/12\/11-12-2022-10-300x200.jpg\" alt=\"\" width=\"201\" height=\"134\" srcset=\"https:\/\/eglisecatholiqueniger.org\/wp-content\/uploads\/2022\/12\/11-12-2022-10-300x200.jpg 300w, https:\/\/eglisecatholiqueniger.org\/wp-content\/uploads\/2022\/12\/11-12-2022-10-1024x683.jpg 1024w, https:\/\/eglisecatholiqueniger.org\/wp-content\/uploads\/2022\/12\/11-12-2022-10-768x512.jpg 768w, https:\/\/eglisecatholiqueniger.org\/wp-content\/uploads\/2022\/12\/11-12-2022-10-1536x1025.jpg 1536w, https:\/\/eglisecatholiqueniger.org\/wp-content\/uploads\/2022\/12\/11-12-2022-10-2048x1367.jpg 2048w, https:\/\/eglisecatholiqueniger.org\/wp-content\/uploads\/2022\/12\/11-12-2022-10-274x183.jpg 274w, https:\/\/eglisecatholiqueniger.org\/wp-content\/uploads\/2022\/12\/11-12-2022-10-364x245.jpg 364w, https:\/\/eglisecatholiqueniger.org\/wp-content\/uploads\/2022\/12\/11-12-2022-10-80x54.jpg 80w, https:\/\/eglisecatholiqueniger.org\/wp-content\/uploads\/2022\/12\/11-12-2022-10-130x87.jpg 130w, https:\/\/eglisecatholiqueniger.org\/wp-content\/uploads\/2022\/12\/11-12-2022-10-359x240.jpg 359w, https:\/\/eglisecatholiqueniger.org\/wp-content\/uploads\/2022\/12\/11-12-2022-10-85x57.jpg 85w, https:\/\/eglisecatholiqueniger.org\/wp-content\/uploads\/2022\/12\/11-12-2022-10-546x365.jpg 546w, https:\/\/eglisecatholiqueniger.org\/wp-content\/uploads\/2022\/12\/11-12-2022-10-266x179.jpg 266w, https:\/\/eglisecatholiqueniger.org\/wp-content\/uploads\/2022\/12\/11-12-2022-10-165x109.jpg 165w, https:\/\/eglisecatholiqueniger.org\/wp-content\/uploads\/2022\/12\/11-12-2022-10-347x233.jpg 347w, https:\/\/eglisecatholiqueniger.org\/wp-content\/uploads\/2022\/12\/11-12-2022-10-112x75.jpg 112w, https:\/\/eglisecatholiqueniger.org\/wp-content\/uploads\/2022\/12\/11-12-2022-10-179x120.jpg 179w, https:\/\/eglisecatholiqueniger.org\/wp-content\/uploads\/2022\/12\/11-12-2022-10-170x113.jpg 170w, https:\/\/eglisecatholiqueniger.org\/wp-content\/uploads\/2022\/12\/11-12-2022-10-81x55.jpg 81w, https:\/\/eglisecatholiqueniger.org\/wp-content\/uploads\/2022\/12\/11-12-2022-10-765x510.jpg 765w\" sizes=\"auto, (max-width: 201px) 100vw, 201px\" \/><\/p>\n<p>Apr\u00e8s cela, la messe s\u2019est poursuivie normalement jusqu\u2019\u00e0 la fin, dans une ambiance de f\u00eate, de joie et de grande pi\u00e9t\u00e9 spirituelle.<\/p>\n<p>Avant d\u2019envoyer le Peuple de Dieu en mission, l\u2019Ordinaire de Niamey a proc\u00e9d\u00e9 \u00e0 la cons\u00e9cration de l\u2019ic\u00f4ne de Marie Immacul\u00e9e\u00a0; puis, ce fut au tour des femmes de Saint Paul de transmettre l\u2019ic\u00f4ne \u00e0 celles de Sainte Th\u00e9r\u00e8se, en guise de passage de t\u00e9moin. A la fin de la messe, apr\u00e8s avoir \u00e9chang\u00e9 les civilit\u00e9s et souffl\u00e9 un peu, les femmes se sont r\u00e9unies \u00e0 nouveau pour une conf\u00e9rence-d\u00e9bat, anim\u00e9e par l\u2019Archev\u00eaque sur le th\u00e8me\u00a0: <strong>\u00ab\u00a0Femme catholique, par ton ouverture et ta mis\u00e9ricorde, transforme ton milieu de vie\u00a0\u00bb,<\/strong> en lien avec le th\u00e8me d\u2019ann\u00e9e du dioc\u00e8se\u00a0: \u00ab\u00a0Eglise-Famille de Dieu, \u00e0 travers un la\u00efcat form\u00e9, engage-toi pour la transformation de ton milieu\u00a0\u00bb. Puis, elles ont partag\u00e9 ensemble le repas, avant de se s\u00e9parer.<\/p>\n","protected":false},"excerpt":{"rendered":"<p>L\u2019\u00e9glise paroissiale St Paul de Harobanda \u00e9tait pleine \u00e0 craquer ce dimanche 11 d\u00e9cembre 2022. Pour cause, les femmes catholiques de Niamey s\u2019y sont retrouv\u00e9es pour c\u00e9l\u00e9brer la solennit\u00e9 de &#8230;<\/p>\n","protected":false},"author":1,"featured_media":0,"comment_status":"open","ping_status":"open","sticky":false,"template":"","format":"standard","meta":{"footnotes":""},"categories":[1],"tags":[],"class_list":["post-718","post","type-post","status-publish","format-standard","category-non-classe"],"_links":{"self":[{"href":"https:\/\/eglisecatholiqueniger.org\/index.php\/wp-json\/wp\/v2\/posts\/718","targetHints":{"allow":["GET"]}}],"collection":[{"href":"https:\/\/eglisecatholiqueniger.org\/index.php\/wp-json\/wp\/v2\/posts"}],"about":[{"href":"https:\/\/eglisecatholiqueniger.org\/index.php\/wp-json\/wp\/v2\/types\/post"}],"author":[{"embeddable":true,"href":"https:\/\/eglisecatholiqueniger.org\/index.php\/wp-json\/wp\/v2\/users\/1"}],"replies":[{"embeddable":true,"href":"https:\/\/eglisecatholiqueniger.org\/index.php\/wp-json\/wp\/v2\/comments?post=718"}],"version-history":[{"count":3,"href":"https:\/\/eglisecatholiqueniger.org\/index.php\/wp-json\/wp\/v2\/posts\/718\/revisions"}],"predecessor-version":[{"id":725,"href":"https:\/\/eglisecatholiqueniger.org\/index.php\/wp-json\/wp\/v2\/posts\/718\/revisions\/725"}],"wp:attachment":[{"href":"https:\/\/eglisecatholiqueniger.org\/index.php\/wp-json\/wp\/v2\/media?parent=718"}],"wp:term":[{"taxonomy":"category","embeddable":true,"href":"https:\/\/eglisecatholiqueniger.org\/index.php\/wp-json\/wp\/v2\/categories?post=718"},{"taxonomy":"post_tag","embeddable":true,"href":"https:\/\/eglisecatholiqueniger.org\/index.php\/wp-json\/wp\/v2\/tags?post=718"}],"curies":[{"name":"wp","href":"https:\/\/api.w.org\/{rel}","templated":true}]}}