{"id":728,"date":"2022-12-23T22:13:12","date_gmt":"2022-12-23T21:13:12","guid":{"rendered":"https:\/\/eglisecatholiqueniger.org\/?p=728"},"modified":"2022-12-23T22:13:12","modified_gmt":"2022-12-23T21:13:12","slug":"le-college-mariama-fete-ses-60-ans","status":"publish","type":"post","link":"https:\/\/eglisecatholiqueniger.org\/index.php\/2022\/12\/23\/le-college-mariama-fete-ses-60-ans\/","title":{"rendered":"Le Coll\u00e8ge Mariama f\u00eate ses 60 ans"},"content":{"rendered":"<p><img loading=\"lazy\" decoding=\"async\" class=\"size-medium wp-image-729 alignleft\" src=\"http:\/\/eglisecatholiqueniger.org\/wp-content\/uploads\/2022\/12\/60-ANS-COLLEGE-MARIAMA-1-300x200.jpg\" alt=\"\" width=\"300\" height=\"200\" srcset=\"https:\/\/eglisecatholiqueniger.org\/wp-content\/uploads\/2022\/12\/60-ANS-COLLEGE-MARIAMA-1-300x200.jpg 300w, https:\/\/eglisecatholiqueniger.org\/wp-content\/uploads\/2022\/12\/60-ANS-COLLEGE-MARIAMA-1-1024x683.jpg 1024w, https:\/\/eglisecatholiqueniger.org\/wp-content\/uploads\/2022\/12\/60-ANS-COLLEGE-MARIAMA-1-768x512.jpg 768w, https:\/\/eglisecatholiqueniger.org\/wp-content\/uploads\/2022\/12\/60-ANS-COLLEGE-MARIAMA-1-1536x1025.jpg 1536w, https:\/\/eglisecatholiqueniger.org\/wp-content\/uploads\/2022\/12\/60-ANS-COLLEGE-MARIAMA-1-2048x1367.jpg 2048w, https:\/\/eglisecatholiqueniger.org\/wp-content\/uploads\/2022\/12\/60-ANS-COLLEGE-MARIAMA-1-274x183.jpg 274w, https:\/\/eglisecatholiqueniger.org\/wp-content\/uploads\/2022\/12\/60-ANS-COLLEGE-MARIAMA-1-80x54.jpg 80w, https:\/\/eglisecatholiqueniger.org\/wp-content\/uploads\/2022\/12\/60-ANS-COLLEGE-MARIAMA-1-130x87.jpg 130w, https:\/\/eglisecatholiqueniger.org\/wp-content\/uploads\/2022\/12\/60-ANS-COLLEGE-MARIAMA-1-359x240.jpg 359w, https:\/\/eglisecatholiqueniger.org\/wp-content\/uploads\/2022\/12\/60-ANS-COLLEGE-MARIAMA-1-85x57.jpg 85w, https:\/\/eglisecatholiqueniger.org\/wp-content\/uploads\/2022\/12\/60-ANS-COLLEGE-MARIAMA-1-546x365.jpg 546w, https:\/\/eglisecatholiqueniger.org\/wp-content\/uploads\/2022\/12\/60-ANS-COLLEGE-MARIAMA-1-165x109.jpg 165w, https:\/\/eglisecatholiqueniger.org\/wp-content\/uploads\/2022\/12\/60-ANS-COLLEGE-MARIAMA-1-347x233.jpg 347w, https:\/\/eglisecatholiqueniger.org\/wp-content\/uploads\/2022\/12\/60-ANS-COLLEGE-MARIAMA-1-112x75.jpg 112w, https:\/\/eglisecatholiqueniger.org\/wp-content\/uploads\/2022\/12\/60-ANS-COLLEGE-MARIAMA-1-179x120.jpg 179w, https:\/\/eglisecatholiqueniger.org\/wp-content\/uploads\/2022\/12\/60-ANS-COLLEGE-MARIAMA-1-170x113.jpg 170w, https:\/\/eglisecatholiqueniger.org\/wp-content\/uploads\/2022\/12\/60-ANS-COLLEGE-MARIAMA-1-81x55.jpg 81w, https:\/\/eglisecatholiqueniger.org\/wp-content\/uploads\/2022\/12\/60-ANS-COLLEGE-MARIAMA-1-765x510.jpg 765w\" sizes=\"auto, (max-width: 300px) 100vw, 300px\" \/>Le Coll\u00e8ge Mariama a fait peau neuve. Pour cause. Cette ann\u00e9e, l\u2019\u00e9tablissement c\u00e9l\u00e8bre ses 60 ans d\u2019existence.<\/p>\n<p>V\u00e9ritable moment de f\u00eate, ce 60<sup>\u00e8me<\/sup> anniversaire, c\u00e9l\u00e9br\u00e9 les 21 et 22 d\u00e9cembre 2022, a \u00e9t\u00e9 aussi l\u2019occasion de grandes retrouvailles pour beaucoup d\u2019anciens. La joie \u00e9tait \u00e0 son comble pour tous.<\/p>\n<p>Venus de partout, les enseignants, \u00e9l\u00e8ves, anciens \u00e9l\u00e8ves de Mariama, ainsi que les autorit\u00e9s et autres invit\u00e9s se sont retrouv\u00e9s ce jeudi 22 d\u00e9cembre dans la cours de l\u2019\u00e9cole pour marquer ses 60 ans d\u2019existence.<\/p>\n<p>Apr\u00e8s la pri\u00e8re d\u2019ouverture faite par les chr\u00e9tiens et les musulmans, l\u2019hymne national du Niger, ainsi que celui du Coll\u00e8ge Mariama ont \u00e9t\u00e9 ex\u00e9cut\u00e9s. Puis, la directrice de l\u2019\u00e9cole a pris la parole.<\/p>\n<p>Dans son discours, Mme Saadou Odile a souhait\u00e9 la bienvenue \u00e0 tous, avant de faire un bref historique de l\u2019\u00e9tablissement. \u00ab\u00a0Le Coll\u00e8ge Mariama a \u00e9t\u00e9 cr\u00e9\u00e9 en 1962 par la Mission Catholique, \u00e0 la demande du Pr\u00e9sident Diori Hamani\u00a0\u00bb, a-t-elle fait savoir. L\u2019\u00e9v\u00eaque d\u2019alors, Monseigneur Hippolithe Berlier, qui avait d\u00e9j\u00e0 le projet de cr\u00e9er un \u00ab\u00a0foyer des jeunes filles\u00a0\u00bb, confia donc la gestion du Coll\u00e8ge aux religieuses de Notre Dame du Perp\u00e9tuel Secours (NDPS), commun\u00e9ment appel\u00e9es les S\u0153urs canadiennes. \u00ab\u00a0Le 23 septembre 1962, le Pr\u00e9sident Diori Hamani, entour\u00e9 de tout son Gouvernement, inaugura le Coll\u00e8ge Mariama, et le 1<sup>er<\/sup> octobre de la m\u00eame ann\u00e9e, les cours d\u00e9marr\u00e8rent avec 32 filles inscrites, toutes \u00e0 l\u2019internat \u00bb, a poursuivi la directrice, notifiant par la m\u00eame occasion que \u00ab le Coll\u00e8ge Mariama est ainsi le premier coll\u00e8ge de filles au Niger \u00bb. \u00ab Sa vocation principale, telle que demand\u00e9e par les autorit\u00e9s nig\u00e9riennes, est l\u2019\u00e9ducation et l\u2019\u00e9panouissement de la jeune fille. \u00bb Ses objectifs, d\u00e9finis d\u00e8s sa cr\u00e9ation, sont : \u00ab aider les filles \u00e0 vivre les valeurs spirituelles, former les consciences professionnelles pour fournir un travail de qualit\u00e9, d\u00e9velopper leur sens de responsabilit\u00e9, leur donner le souci du partage pour s\u2019engager dans l\u2019action en faveur de la promotion collective, leur apprendre \u00e0 donner ce qu\u2019elles ont re\u00e7u \u00e0 l\u2019\u00e9cole. \u00bb \u00ab Au fil des ans, l\u2019\u00e9cole s\u2019est agrandie en effectifs et en structures. En 1972, l\u2019\u00e9cole commen\u00e7a \u00e0 accueillir aussi de jeunes gar\u00e7ons, et progressivement, elle passa de la main des s\u0153urs canadiennes \u00e0 l&rsquo;association Assomption France, puis aux cadres chr\u00e9tiens nig\u00e9riens. \u00bb<\/p>\n<p>Selon Mme Odile, la vision du Coll\u00e8ge Mariama consiste \u00e0 \u00ab\u00a0former une communaut\u00e9 \u00e9ducative dynamique, soud\u00e9e, pour l\u2019\u00e9dification d\u2019une soci\u00e9t\u00e9 plus humaine, plus juste et plus solidaire\u00a0\u00bb. Le but vis\u00e9\u00a0: former des hommes et des femmes de foi, comp\u00e9tents, dans un environnement sain, en vue d\u2019une soci\u00e9t\u00e9 plus juste et fraternelle.<\/p>\n<p>Aujourd\u2019hui, le Coll\u00e8ge Mariama et surtout les premiers responsables de l\u2019Eglise Catholique au Niger peuvent se f\u00e9liciter de voir leur r\u00eave en cours de r\u00e9alisation. De fait, \u00ab le Coll\u00e8ge Mariama est devenu une \u00e9cole de r\u00e9f\u00e9rence \u00bb, a d\u00e9clar\u00e9 Mgr Laurent Lompo, expliquant que \u00ab l\u2019\u00e9tablissement a form\u00e9 des milliers de cadres comp\u00e9tents qui servent le Niger, ainsi que d\u2019autres pays du monde \u00bb. Dans ce sens, il a indiqu\u00e9 qu\u2019\u00e0 l\u2019occasion de la f\u00eate de la Proclamation de la R\u00e9publique au Niger, le 18 d\u00e9cembre 2022, le Pr\u00e9sident de la R\u00e9publique du Niger a \u00e9lev\u00e9 le Coll\u00e8ge Mariama au grade de Commandeur dans <em>l\u2019Ordre des Palmes acad\u00e9miques de la R\u00e9publique du Niger.<\/em><\/p>\n<p><img loading=\"lazy\" decoding=\"async\" class=\" wp-image-730 alignleft\" src=\"http:\/\/eglisecatholiqueniger.org\/wp-content\/uploads\/2022\/12\/60-ANS-COLLEGE-MARIAMA-9-300x200.jpg\" alt=\"\" width=\"261\" height=\"174\" srcset=\"https:\/\/eglisecatholiqueniger.org\/wp-content\/uploads\/2022\/12\/60-ANS-COLLEGE-MARIAMA-9-300x200.jpg 300w, https:\/\/eglisecatholiqueniger.org\/wp-content\/uploads\/2022\/12\/60-ANS-COLLEGE-MARIAMA-9-1024x683.jpg 1024w, https:\/\/eglisecatholiqueniger.org\/wp-content\/uploads\/2022\/12\/60-ANS-COLLEGE-MARIAMA-9-768x512.jpg 768w, https:\/\/eglisecatholiqueniger.org\/wp-content\/uploads\/2022\/12\/60-ANS-COLLEGE-MARIAMA-9-1536x1024.jpg 1536w, https:\/\/eglisecatholiqueniger.org\/wp-content\/uploads\/2022\/12\/60-ANS-COLLEGE-MARIAMA-9-2048x1366.jpg 2048w, https:\/\/eglisecatholiqueniger.org\/wp-content\/uploads\/2022\/12\/60-ANS-COLLEGE-MARIAMA-9-274x183.jpg 274w, https:\/\/eglisecatholiqueniger.org\/wp-content\/uploads\/2022\/12\/60-ANS-COLLEGE-MARIAMA-9-80x54.jpg 80w, https:\/\/eglisecatholiqueniger.org\/wp-content\/uploads\/2022\/12\/60-ANS-COLLEGE-MARIAMA-9-130x87.jpg 130w, https:\/\/eglisecatholiqueniger.org\/wp-content\/uploads\/2022\/12\/60-ANS-COLLEGE-MARIAMA-9-359x240.jpg 359w, https:\/\/eglisecatholiqueniger.org\/wp-content\/uploads\/2022\/12\/60-ANS-COLLEGE-MARIAMA-9-85x57.jpg 85w, https:\/\/eglisecatholiqueniger.org\/wp-content\/uploads\/2022\/12\/60-ANS-COLLEGE-MARIAMA-9-546x365.jpg 546w, https:\/\/eglisecatholiqueniger.org\/wp-content\/uploads\/2022\/12\/60-ANS-COLLEGE-MARIAMA-9-165x109.jpg 165w, https:\/\/eglisecatholiqueniger.org\/wp-content\/uploads\/2022\/12\/60-ANS-COLLEGE-MARIAMA-9-347x233.jpg 347w, https:\/\/eglisecatholiqueniger.org\/wp-content\/uploads\/2022\/12\/60-ANS-COLLEGE-MARIAMA-9-112x75.jpg 112w, https:\/\/eglisecatholiqueniger.org\/wp-content\/uploads\/2022\/12\/60-ANS-COLLEGE-MARIAMA-9-179x120.jpg 179w, https:\/\/eglisecatholiqueniger.org\/wp-content\/uploads\/2022\/12\/60-ANS-COLLEGE-MARIAMA-9-170x113.jpg 170w, https:\/\/eglisecatholiqueniger.org\/wp-content\/uploads\/2022\/12\/60-ANS-COLLEGE-MARIAMA-9-81x55.jpg 81w, https:\/\/eglisecatholiqueniger.org\/wp-content\/uploads\/2022\/12\/60-ANS-COLLEGE-MARIAMA-9-765x510.jpg 765w\" sizes=\"auto, (max-width: 261px) 100vw, 261px\" \/>S\u2019inspirant du Pape Paul VI qui invitait les africains \u00e0 \u00eatre leurs \u00ab propres missionnaires \u00bb, l\u2019Ordinaire de Niamey a invit\u00e9 les cadres nig\u00e9riens \u00ab \u00e0 \u00eatre tous responsables de l\u2019\u00e9ducation des enfants \u00bb. \u00ab\u00a0L\u2019Eglise Catholique est fortement attach\u00e9e \u00e0 l\u2019\u00e9ducation, parce qu&rsquo;elle lutte pour la promotion de tout l&rsquo;homme et de tout homme\u00a0\u00bb, a dit l&rsquo;Archev\u00eaque, ajoutant que , dans ce sens, \u00ab\u00a0l\u2019Eglise Catholique au Niger pense que l\u2019\u00e9ducation est le moyen par lequel elle peut contribuer au d\u00e9veloppement socio-\u00e9conomique et culturel du Niger \u00ab\u00a0. Il a aussi saisi l\u2019occasion pour remercier les S\u0153urs NDPS qui ont beaucoup \u0153uvr\u00e9 pour le d\u00e9veloppement du Coll\u00e8ge Mariama et\u00a0 pour f\u00e9liciter \u00ab les enseignants qui ne m\u00e9nagent aucun effort pour offrir une meilleure \u00e9ducation aux \u00e9l\u00e8ves, ainsi que les \u00e9l\u00e8ves qui se sacrifient chaque jour pour apprendre ce qui leur est enseign\u00e9, afin de pouvoir servir le Niger, l\u2019Afrique et le monde entier. \u00bb Il a termin\u00e9 en souhaitant que cet anniversaire c\u00e9l\u00e9br\u00e9 soit une source d\u2019inspiration pour les \u00e9l\u00e8ves et leurs enseignants, en vue d\u2019une transformation profonde et qualitative de la soci\u00e9t\u00e9 nig\u00e9rienne.<\/p>\n<p><img loading=\"lazy\" decoding=\"async\" class=\"alignnone  wp-image-733\" src=\"http:\/\/eglisecatholiqueniger.org\/wp-content\/uploads\/2022\/12\/60-ANS-COLLEGE-MARIAMA-2-300x200.jpg\" alt=\"\" width=\"200\" height=\"133\" srcset=\"https:\/\/eglisecatholiqueniger.org\/wp-content\/uploads\/2022\/12\/60-ANS-COLLEGE-MARIAMA-2-300x200.jpg 300w, https:\/\/eglisecatholiqueniger.org\/wp-content\/uploads\/2022\/12\/60-ANS-COLLEGE-MARIAMA-2-1024x683.jpg 1024w, https:\/\/eglisecatholiqueniger.org\/wp-content\/uploads\/2022\/12\/60-ANS-COLLEGE-MARIAMA-2-768x512.jpg 768w, https:\/\/eglisecatholiqueniger.org\/wp-content\/uploads\/2022\/12\/60-ANS-COLLEGE-MARIAMA-2-1536x1025.jpg 1536w, https:\/\/eglisecatholiqueniger.org\/wp-content\/uploads\/2022\/12\/60-ANS-COLLEGE-MARIAMA-2-2048x1367.jpg 2048w, https:\/\/eglisecatholiqueniger.org\/wp-content\/uploads\/2022\/12\/60-ANS-COLLEGE-MARIAMA-2-274x183.jpg 274w, https:\/\/eglisecatholiqueniger.org\/wp-content\/uploads\/2022\/12\/60-ANS-COLLEGE-MARIAMA-2-80x54.jpg 80w, https:\/\/eglisecatholiqueniger.org\/wp-content\/uploads\/2022\/12\/60-ANS-COLLEGE-MARIAMA-2-130x87.jpg 130w, https:\/\/eglisecatholiqueniger.org\/wp-content\/uploads\/2022\/12\/60-ANS-COLLEGE-MARIAMA-2-359x240.jpg 359w, https:\/\/eglisecatholiqueniger.org\/wp-content\/uploads\/2022\/12\/60-ANS-COLLEGE-MARIAMA-2-85x57.jpg 85w, https:\/\/eglisecatholiqueniger.org\/wp-content\/uploads\/2022\/12\/60-ANS-COLLEGE-MARIAMA-2-546x365.jpg 546w, https:\/\/eglisecatholiqueniger.org\/wp-content\/uploads\/2022\/12\/60-ANS-COLLEGE-MARIAMA-2-165x109.jpg 165w, https:\/\/eglisecatholiqueniger.org\/wp-content\/uploads\/2022\/12\/60-ANS-COLLEGE-MARIAMA-2-347x233.jpg 347w, https:\/\/eglisecatholiqueniger.org\/wp-content\/uploads\/2022\/12\/60-ANS-COLLEGE-MARIAMA-2-112x75.jpg 112w, https:\/\/eglisecatholiqueniger.org\/wp-content\/uploads\/2022\/12\/60-ANS-COLLEGE-MARIAMA-2-179x120.jpg 179w, https:\/\/eglisecatholiqueniger.org\/wp-content\/uploads\/2022\/12\/60-ANS-COLLEGE-MARIAMA-2-170x113.jpg 170w, https:\/\/eglisecatholiqueniger.org\/wp-content\/uploads\/2022\/12\/60-ANS-COLLEGE-MARIAMA-2-81x55.jpg 81w, https:\/\/eglisecatholiqueniger.org\/wp-content\/uploads\/2022\/12\/60-ANS-COLLEGE-MARIAMA-2-765x510.jpg 765w\" sizes=\"auto, (max-width: 200px) 100vw, 200px\" \/><img loading=\"lazy\" decoding=\"async\" class=\"alignnone  wp-image-731\" src=\"http:\/\/eglisecatholiqueniger.org\/wp-content\/uploads\/2022\/12\/60-ANS-COLLEGE-MARIAMA-3-300x200.jpg\" alt=\"\" width=\"200\" height=\"133\" srcset=\"https:\/\/eglisecatholiqueniger.org\/wp-content\/uploads\/2022\/12\/60-ANS-COLLEGE-MARIAMA-3-300x200.jpg 300w, https:\/\/eglisecatholiqueniger.org\/wp-content\/uploads\/2022\/12\/60-ANS-COLLEGE-MARIAMA-3-1024x683.jpg 1024w, https:\/\/eglisecatholiqueniger.org\/wp-content\/uploads\/2022\/12\/60-ANS-COLLEGE-MARIAMA-3-768x512.jpg 768w, https:\/\/eglisecatholiqueniger.org\/wp-content\/uploads\/2022\/12\/60-ANS-COLLEGE-MARIAMA-3-1536x1025.jpg 1536w, https:\/\/eglisecatholiqueniger.org\/wp-content\/uploads\/2022\/12\/60-ANS-COLLEGE-MARIAMA-3-2048x1367.jpg 2048w, https:\/\/eglisecatholiqueniger.org\/wp-content\/uploads\/2022\/12\/60-ANS-COLLEGE-MARIAMA-3-274x183.jpg 274w, https:\/\/eglisecatholiqueniger.org\/wp-content\/uploads\/2022\/12\/60-ANS-COLLEGE-MARIAMA-3-80x54.jpg 80w, https:\/\/eglisecatholiqueniger.org\/wp-content\/uploads\/2022\/12\/60-ANS-COLLEGE-MARIAMA-3-130x87.jpg 130w, https:\/\/eglisecatholiqueniger.org\/wp-content\/uploads\/2022\/12\/60-ANS-COLLEGE-MARIAMA-3-359x240.jpg 359w, https:\/\/eglisecatholiqueniger.org\/wp-content\/uploads\/2022\/12\/60-ANS-COLLEGE-MARIAMA-3-85x57.jpg 85w, https:\/\/eglisecatholiqueniger.org\/wp-content\/uploads\/2022\/12\/60-ANS-COLLEGE-MARIAMA-3-546x365.jpg 546w, https:\/\/eglisecatholiqueniger.org\/wp-content\/uploads\/2022\/12\/60-ANS-COLLEGE-MARIAMA-3-165x109.jpg 165w, https:\/\/eglisecatholiqueniger.org\/wp-content\/uploads\/2022\/12\/60-ANS-COLLEGE-MARIAMA-3-347x233.jpg 347w, https:\/\/eglisecatholiqueniger.org\/wp-content\/uploads\/2022\/12\/60-ANS-COLLEGE-MARIAMA-3-112x75.jpg 112w, https:\/\/eglisecatholiqueniger.org\/wp-content\/uploads\/2022\/12\/60-ANS-COLLEGE-MARIAMA-3-179x120.jpg 179w, https:\/\/eglisecatholiqueniger.org\/wp-content\/uploads\/2022\/12\/60-ANS-COLLEGE-MARIAMA-3-170x113.jpg 170w, https:\/\/eglisecatholiqueniger.org\/wp-content\/uploads\/2022\/12\/60-ANS-COLLEGE-MARIAMA-3-81x55.jpg 81w, https:\/\/eglisecatholiqueniger.org\/wp-content\/uploads\/2022\/12\/60-ANS-COLLEGE-MARIAMA-3-765x510.jpg 765w\" sizes=\"auto, (max-width: 200px) 100vw, 200px\" \/><img loading=\"lazy\" decoding=\"async\" class=\"alignnone  wp-image-732\" src=\"http:\/\/eglisecatholiqueniger.org\/wp-content\/uploads\/2022\/12\/60-ANS-COLLEGE-MARIAMA-5-300x200.jpg\" alt=\"\" width=\"201\" height=\"134\" srcset=\"https:\/\/eglisecatholiqueniger.org\/wp-content\/uploads\/2022\/12\/60-ANS-COLLEGE-MARIAMA-5-300x200.jpg 300w, https:\/\/eglisecatholiqueniger.org\/wp-content\/uploads\/2022\/12\/60-ANS-COLLEGE-MARIAMA-5-1024x683.jpg 1024w, https:\/\/eglisecatholiqueniger.org\/wp-content\/uploads\/2022\/12\/60-ANS-COLLEGE-MARIAMA-5-768x512.jpg 768w, https:\/\/eglisecatholiqueniger.org\/wp-content\/uploads\/2022\/12\/60-ANS-COLLEGE-MARIAMA-5-1536x1025.jpg 1536w, https:\/\/eglisecatholiqueniger.org\/wp-content\/uploads\/2022\/12\/60-ANS-COLLEGE-MARIAMA-5-2048x1367.jpg 2048w, https:\/\/eglisecatholiqueniger.org\/wp-content\/uploads\/2022\/12\/60-ANS-COLLEGE-MARIAMA-5-274x183.jpg 274w, https:\/\/eglisecatholiqueniger.org\/wp-content\/uploads\/2022\/12\/60-ANS-COLLEGE-MARIAMA-5-364x245.jpg 364w, https:\/\/eglisecatholiqueniger.org\/wp-content\/uploads\/2022\/12\/60-ANS-COLLEGE-MARIAMA-5-80x54.jpg 80w, https:\/\/eglisecatholiqueniger.org\/wp-content\/uploads\/2022\/12\/60-ANS-COLLEGE-MARIAMA-5-130x87.jpg 130w, https:\/\/eglisecatholiqueniger.org\/wp-content\/uploads\/2022\/12\/60-ANS-COLLEGE-MARIAMA-5-359x240.jpg 359w, https:\/\/eglisecatholiqueniger.org\/wp-content\/uploads\/2022\/12\/60-ANS-COLLEGE-MARIAMA-5-85x57.jpg 85w, https:\/\/eglisecatholiqueniger.org\/wp-content\/uploads\/2022\/12\/60-ANS-COLLEGE-MARIAMA-5-546x365.jpg 546w, https:\/\/eglisecatholiqueniger.org\/wp-content\/uploads\/2022\/12\/60-ANS-COLLEGE-MARIAMA-5-266x179.jpg 266w, https:\/\/eglisecatholiqueniger.org\/wp-content\/uploads\/2022\/12\/60-ANS-COLLEGE-MARIAMA-5-165x109.jpg 165w, https:\/\/eglisecatholiqueniger.org\/wp-content\/uploads\/2022\/12\/60-ANS-COLLEGE-MARIAMA-5-347x233.jpg 347w, https:\/\/eglisecatholiqueniger.org\/wp-content\/uploads\/2022\/12\/60-ANS-COLLEGE-MARIAMA-5-112x75.jpg 112w, https:\/\/eglisecatholiqueniger.org\/wp-content\/uploads\/2022\/12\/60-ANS-COLLEGE-MARIAMA-5-179x120.jpg 179w, https:\/\/eglisecatholiqueniger.org\/wp-content\/uploads\/2022\/12\/60-ANS-COLLEGE-MARIAMA-5-170x113.jpg 170w, https:\/\/eglisecatholiqueniger.org\/wp-content\/uploads\/2022\/12\/60-ANS-COLLEGE-MARIAMA-5-81x55.jpg 81w, https:\/\/eglisecatholiqueniger.org\/wp-content\/uploads\/2022\/12\/60-ANS-COLLEGE-MARIAMA-5-765x510.jpg 765w\" sizes=\"auto, (max-width: 201px) 100vw, 201px\" \/><\/p>\n<p>Apr\u00e8s les diff\u00e9rentes interventions, les festivit\u00e9s se sont poursuivies par un mouvement d\u2019ensemble, des sketchs et autres activit\u00e9s culturelles.<\/p>\n<p>1962-2022\u00a0: 60 ans de f\u00e9condit\u00e9 intellectuelle\u00a0! Vive le Coll\u00e8ge Mariama\u00a0!<\/p>\n","protected":false},"excerpt":{"rendered":"<p>Le Coll\u00e8ge Mariama a fait peau neuve. Pour cause. Cette ann\u00e9e, l\u2019\u00e9tablissement c\u00e9l\u00e8bre ses 60 ans d\u2019existence. V\u00e9ritable moment de f\u00eate, ce 60\u00e8me anniversaire, c\u00e9l\u00e9br\u00e9 les 21 et 22 d\u00e9cembre &#8230;<\/p>\n","protected":false},"author":1,"featured_media":0,"comment_status":"open","ping_status":"open","sticky":false,"template":"","format":"standard","meta":{"footnotes":""},"categories":[1],"tags":[],"class_list":["post-728","post","type-post","status-publish","format-standard","category-non-classe"],"_links":{"self":[{"href":"https:\/\/eglisecatholiqueniger.org\/index.php\/wp-json\/wp\/v2\/posts\/728","targetHints":{"allow":["GET"]}}],"collection":[{"href":"https:\/\/eglisecatholiqueniger.org\/index.php\/wp-json\/wp\/v2\/posts"}],"about":[{"href":"https:\/\/eglisecatholiqueniger.org\/index.php\/wp-json\/wp\/v2\/types\/post"}],"author":[{"embeddable":true,"href":"https:\/\/eglisecatholiqueniger.org\/index.php\/wp-json\/wp\/v2\/users\/1"}],"replies":[{"embeddable":true,"href":"https:\/\/eglisecatholiqueniger.org\/index.php\/wp-json\/wp\/v2\/comments?post=728"}],"version-history":[{"count":5,"href":"https:\/\/eglisecatholiqueniger.org\/index.php\/wp-json\/wp\/v2\/posts\/728\/revisions"}],"predecessor-version":[{"id":738,"href":"https:\/\/eglisecatholiqueniger.org\/index.php\/wp-json\/wp\/v2\/posts\/728\/revisions\/738"}],"wp:attachment":[{"href":"https:\/\/eglisecatholiqueniger.org\/index.php\/wp-json\/wp\/v2\/media?parent=728"}],"wp:term":[{"taxonomy":"category","embeddable":true,"href":"https:\/\/eglisecatholiqueniger.org\/index.php\/wp-json\/wp\/v2\/categories?post=728"},{"taxonomy":"post_tag","embeddable":true,"href":"https:\/\/eglisecatholiqueniger.org\/index.php\/wp-json\/wp\/v2\/tags?post=728"}],"curies":[{"name":"wp","href":"https:\/\/api.w.org\/{rel}","templated":true}]}}