{"id":740,"date":"2022-12-27T01:42:23","date_gmt":"2022-12-27T00:42:23","guid":{"rendered":"https:\/\/eglisecatholiqueniger.org\/?p=740"},"modified":"2022-12-27T01:42:23","modified_gmt":"2022-12-27T00:42:23","slug":"noel-2022-dans-larchidiocese-de-niamey","status":"publish","type":"post","link":"https:\/\/eglisecatholiqueniger.org\/index.php\/2022\/12\/27\/noel-2022-dans-larchidiocese-de-niamey\/","title":{"rendered":"No\u00ebl 2022 dans l\u2019Archidioc\u00e8se de Niamey"},"content":{"rendered":"<p><img loading=\"lazy\" decoding=\"async\" class=\" wp-image-741 alignleft\" src=\"http:\/\/eglisecatholiqueniger.org\/wp-content\/uploads\/2022\/12\/NOEL-2022-3-300x200.jpg\" alt=\"\" width=\"209\" height=\"139\" srcset=\"https:\/\/eglisecatholiqueniger.org\/wp-content\/uploads\/2022\/12\/NOEL-2022-3-300x200.jpg 300w, https:\/\/eglisecatholiqueniger.org\/wp-content\/uploads\/2022\/12\/NOEL-2022-3-1024x683.jpg 1024w, https:\/\/eglisecatholiqueniger.org\/wp-content\/uploads\/2022\/12\/NOEL-2022-3-768x512.jpg 768w, https:\/\/eglisecatholiqueniger.org\/wp-content\/uploads\/2022\/12\/NOEL-2022-3-1536x1025.jpg 1536w, https:\/\/eglisecatholiqueniger.org\/wp-content\/uploads\/2022\/12\/NOEL-2022-3-2048x1367.jpg 2048w, https:\/\/eglisecatholiqueniger.org\/wp-content\/uploads\/2022\/12\/NOEL-2022-3-274x183.jpg 274w, https:\/\/eglisecatholiqueniger.org\/wp-content\/uploads\/2022\/12\/NOEL-2022-3-80x54.jpg 80w, https:\/\/eglisecatholiqueniger.org\/wp-content\/uploads\/2022\/12\/NOEL-2022-3-130x87.jpg 130w, https:\/\/eglisecatholiqueniger.org\/wp-content\/uploads\/2022\/12\/NOEL-2022-3-359x240.jpg 359w, https:\/\/eglisecatholiqueniger.org\/wp-content\/uploads\/2022\/12\/NOEL-2022-3-85x57.jpg 85w, https:\/\/eglisecatholiqueniger.org\/wp-content\/uploads\/2022\/12\/NOEL-2022-3-546x365.jpg 546w, https:\/\/eglisecatholiqueniger.org\/wp-content\/uploads\/2022\/12\/NOEL-2022-3-165x109.jpg 165w, https:\/\/eglisecatholiqueniger.org\/wp-content\/uploads\/2022\/12\/NOEL-2022-3-347x233.jpg 347w, https:\/\/eglisecatholiqueniger.org\/wp-content\/uploads\/2022\/12\/NOEL-2022-3-112x75.jpg 112w, https:\/\/eglisecatholiqueniger.org\/wp-content\/uploads\/2022\/12\/NOEL-2022-3-179x120.jpg 179w, https:\/\/eglisecatholiqueniger.org\/wp-content\/uploads\/2022\/12\/NOEL-2022-3-170x113.jpg 170w, https:\/\/eglisecatholiqueniger.org\/wp-content\/uploads\/2022\/12\/NOEL-2022-3-81x55.jpg 81w, https:\/\/eglisecatholiqueniger.org\/wp-content\/uploads\/2022\/12\/NOEL-2022-3-765x510.jpg 765w\" sizes=\"auto, (max-width: 209px) 100vw, 209px\" \/>En communion avec l\u2019Eglise Universelle, les communaut\u00e9s chr\u00e9tiennes de l\u2019Archidioc\u00e8se de Niamey ont c\u00e9l\u00e9br\u00e9\u00a0 la f\u00eate de No\u00ebl, bien que diversement.<\/p>\n<p>A la cath\u00e9drale de Niamey, la messe de minuit du 24 d\u00e9cembre a \u00e9t\u00e9 pr\u00e9sid\u00e9e par l\u2019Archev\u00eaque de Niamey, Mgr Laurent Lompo. Les \u00a0fid\u00e8les chr\u00e9tiens ont \u00e9t\u00e9 nombreux \u00e0 prendre part \u00e0 la c\u00e9l\u00e9bration. L\u2019ambiance \u00e9tait des f\u00eates.<\/p>\n<p>&nbsp;<\/p>\n<p><img loading=\"lazy\" decoding=\"async\" class=\" wp-image-742 aligncenter\" src=\"http:\/\/eglisecatholiqueniger.org\/wp-content\/uploads\/2022\/12\/NOEL-2022-2-300x200.jpg\" alt=\"\" width=\"290\" height=\"193\" srcset=\"https:\/\/eglisecatholiqueniger.org\/wp-content\/uploads\/2022\/12\/NOEL-2022-2-300x200.jpg 300w, https:\/\/eglisecatholiqueniger.org\/wp-content\/uploads\/2022\/12\/NOEL-2022-2-1024x683.jpg 1024w, https:\/\/eglisecatholiqueniger.org\/wp-content\/uploads\/2022\/12\/NOEL-2022-2-768x512.jpg 768w, https:\/\/eglisecatholiqueniger.org\/wp-content\/uploads\/2022\/12\/NOEL-2022-2-1536x1025.jpg 1536w, https:\/\/eglisecatholiqueniger.org\/wp-content\/uploads\/2022\/12\/NOEL-2022-2-2048x1367.jpg 2048w, https:\/\/eglisecatholiqueniger.org\/wp-content\/uploads\/2022\/12\/NOEL-2022-2-274x183.jpg 274w, https:\/\/eglisecatholiqueniger.org\/wp-content\/uploads\/2022\/12\/NOEL-2022-2-80x54.jpg 80w, https:\/\/eglisecatholiqueniger.org\/wp-content\/uploads\/2022\/12\/NOEL-2022-2-130x87.jpg 130w, https:\/\/eglisecatholiqueniger.org\/wp-content\/uploads\/2022\/12\/NOEL-2022-2-359x240.jpg 359w, https:\/\/eglisecatholiqueniger.org\/wp-content\/uploads\/2022\/12\/NOEL-2022-2-85x57.jpg 85w, https:\/\/eglisecatholiqueniger.org\/wp-content\/uploads\/2022\/12\/NOEL-2022-2-546x365.jpg 546w, https:\/\/eglisecatholiqueniger.org\/wp-content\/uploads\/2022\/12\/NOEL-2022-2-165x109.jpg 165w, https:\/\/eglisecatholiqueniger.org\/wp-content\/uploads\/2022\/12\/NOEL-2022-2-112x75.jpg 112w, https:\/\/eglisecatholiqueniger.org\/wp-content\/uploads\/2022\/12\/NOEL-2022-2-179x120.jpg 179w, https:\/\/eglisecatholiqueniger.org\/wp-content\/uploads\/2022\/12\/NOEL-2022-2-170x113.jpg 170w, https:\/\/eglisecatholiqueniger.org\/wp-content\/uploads\/2022\/12\/NOEL-2022-2-81x55.jpg 81w, https:\/\/eglisecatholiqueniger.org\/wp-content\/uploads\/2022\/12\/NOEL-2022-2-765x510.jpg 765w\" sizes=\"auto, (max-width: 290px) 100vw, 290px\" \/><\/p>\n<p>A la paroisse Saint Paul de Niamey, la messe a \u00e9t\u00e9 pr\u00e9c\u00e9d\u00e9e par une paraliturgie marqu\u00e9e par l\u2019\u00e9coute de la Parole de Dieu et l\u2019ex\u00e9cution de quelques chants. Objectif : introduire progressivement les fid\u00e8les dans la Sainte Nuit de No\u00ebl. La messe, commenc\u00e9e \u00e0 21h 00, a \u00e9t\u00e9 v\u00e9cue dans la ferveur et la joie. Dans son hom\u00e9lie, le cur\u00e9, p\u00e8re Cosme AHONON, a exhort\u00e9 la communaut\u00e9 et partant, toute la population nig\u00e9rienne, \u00e0 ne pas sombrer dans le d\u00e9couragement et le d\u00e9sespoir \u00e0 cause de la violence qui r\u00e8gne autour de nous, mais \u00e0 mettre son esp\u00e9rance en ce Divin-Enfant, J\u00e9sus, qui vient dans cette nuit pour sauver tous les hommes. La messe s\u2019est achev\u00e9e par des chants et des danses. La joie se lisait sur tous les visages.<\/p>\n<p>A Tillab\u00e9ry aussi, \u00e0 une centaine de kilom\u00e8tres au sud-ouest du Niger, la petite communaut\u00e9 chr\u00e9tienne a c\u00e9l\u00e9br\u00e9 No\u00ebl dans la gaiet\u00e9, le dimanche 25 d\u00e9cembre 2022. La messe a \u00e9t\u00e9 pr\u00e9sid\u00e9e par le p\u00e8re Eric MEDAGBE. Dans son hom\u00e9lie, il a fait savoir que la f\u00eate de No\u00ebl est une f\u00eate de la manifestation de l\u2019Amour de Dieu pour l\u2019humanit\u00e9 et du don de sa Paix aux hommes. Aussi, a-t-il exhort\u00e9 les fid\u00e8les \u00e0 accueillir la gr\u00e2ce d\u2019amour de Dieu dans leurs c\u0153urs et \u00e0 vivre la fraternit\u00e9 entre eux et avec tout le monde, sans distinction de religion, de race et de culture. Il les a aussi invit\u00e9s \u00e0 \u00eatre artisans de paix dans ce Niger o\u00f9 le terrorisme s\u00e9vit et cr\u00e9e la m\u00e9fiance entre les gens.<\/p>\n<p style=\"text-align: center;\"><img loading=\"lazy\" decoding=\"async\" class=\"alignnone  wp-image-743\" src=\"http:\/\/eglisecatholiqueniger.org\/wp-content\/uploads\/2022\/12\/IMG-20221227-WA0003-225x300.jpg\" alt=\"\" width=\"169\" height=\"226\" srcset=\"https:\/\/eglisecatholiqueniger.org\/wp-content\/uploads\/2022\/12\/IMG-20221227-WA0003-225x300.jpg 225w, https:\/\/eglisecatholiqueniger.org\/wp-content\/uploads\/2022\/12\/IMG-20221227-WA0003-768x1024.jpg 768w, https:\/\/eglisecatholiqueniger.org\/wp-content\/uploads\/2022\/12\/IMG-20221227-WA0003.jpg 810w\" sizes=\"auto, (max-width: 169px) 100vw, 169px\" \/><img loading=\"lazy\" decoding=\"async\" class=\"alignnone size-medium wp-image-744\" src=\"http:\/\/eglisecatholiqueniger.org\/wp-content\/uploads\/2022\/12\/IMG-20221225-WA0018-300x225.jpg\" alt=\"\" width=\"300\" height=\"225\" srcset=\"https:\/\/eglisecatholiqueniger.org\/wp-content\/uploads\/2022\/12\/IMG-20221225-WA0018-300x225.jpg 300w, https:\/\/eglisecatholiqueniger.org\/wp-content\/uploads\/2022\/12\/IMG-20221225-WA0018-1024x768.jpg 1024w, https:\/\/eglisecatholiqueniger.org\/wp-content\/uploads\/2022\/12\/IMG-20221225-WA0018-768x576.jpg 768w, https:\/\/eglisecatholiqueniger.org\/wp-content\/uploads\/2022\/12\/IMG-20221225-WA0018.jpg 1080w\" sizes=\"auto, (max-width: 300px) 100vw, 300px\" \/><\/p>\n<p>Apr\u00e8s la messe, les fid\u00e8les et le p\u00e8re se sont retrouv\u00e9s dans une famille pour prendre un repas de f\u00eate.<\/p>\n<p>No\u00ebl, c\u2019est l\u2019affaire de tous \u00e0 Niamey\u00a0!\u00a0 Habituellement, \u00e0 l\u2019approche de la f\u00eate, les familles, selon les possibilit\u00e9s (financi\u00e8res) de chacune, s\u2019activent pour tout appr\u00eater. Dans les familles comme dans les \u00e9glises, on nettoie les lieux, on ach\u00e8te et installe les cr\u00e8ches et autres ornements symbolisant No\u00ebl. On d\u00e9core l\u2019arbre de No\u00ebl et on fixe les guirlandes et jeux de lumi\u00e8re un peu partout.<\/p>\n<p>Dans certaines paroisses, surtout \u00e0 Niamey, les chorales pr\u00e9parent aussi des concerts, afin d\u2019\u00e9gayer les fid\u00e8les. G\u00e9n\u00e9ralement, ces concerts ont lieu le soir du 25 d\u00e9cembre dans des espaces publics plus grands et ouverts pouvant accueillir du monde.<\/p>\n<p>Joyeux No\u00ebl \u00e0 toutes et \u00e0 tous\u00a0!<\/p>\n","protected":false},"excerpt":{"rendered":"<p>En communion avec l\u2019Eglise Universelle, les communaut\u00e9s chr\u00e9tiennes de l\u2019Archidioc\u00e8se de Niamey ont c\u00e9l\u00e9br\u00e9\u00a0 la f\u00eate de No\u00ebl, bien que diversement. A la cath\u00e9drale de Niamey, la messe de minuit &#8230;<\/p>\n","protected":false},"author":1,"featured_media":0,"comment_status":"open","ping_status":"open","sticky":false,"template":"","format":"standard","meta":{"footnotes":""},"categories":[1],"tags":[],"class_list":["post-740","post","type-post","status-publish","format-standard","category-non-classe"],"_links":{"self":[{"href":"https:\/\/eglisecatholiqueniger.org\/index.php\/wp-json\/wp\/v2\/posts\/740","targetHints":{"allow":["GET"]}}],"collection":[{"href":"https:\/\/eglisecatholiqueniger.org\/index.php\/wp-json\/wp\/v2\/posts"}],"about":[{"href":"https:\/\/eglisecatholiqueniger.org\/index.php\/wp-json\/wp\/v2\/types\/post"}],"author":[{"embeddable":true,"href":"https:\/\/eglisecatholiqueniger.org\/index.php\/wp-json\/wp\/v2\/users\/1"}],"replies":[{"embeddable":true,"href":"https:\/\/eglisecatholiqueniger.org\/index.php\/wp-json\/wp\/v2\/comments?post=740"}],"version-history":[{"count":5,"href":"https:\/\/eglisecatholiqueniger.org\/index.php\/wp-json\/wp\/v2\/posts\/740\/revisions"}],"predecessor-version":[{"id":749,"href":"https:\/\/eglisecatholiqueniger.org\/index.php\/wp-json\/wp\/v2\/posts\/740\/revisions\/749"}],"wp:attachment":[{"href":"https:\/\/eglisecatholiqueniger.org\/index.php\/wp-json\/wp\/v2\/media?parent=740"}],"wp:term":[{"taxonomy":"category","embeddable":true,"href":"https:\/\/eglisecatholiqueniger.org\/index.php\/wp-json\/wp\/v2\/categories?post=740"},{"taxonomy":"post_tag","embeddable":true,"href":"https:\/\/eglisecatholiqueniger.org\/index.php\/wp-json\/wp\/v2\/tags?post=740"}],"curies":[{"name":"wp","href":"https:\/\/api.w.org\/{rel}","templated":true}]}}