{"id":760,"date":"2023-01-03T11:39:45","date_gmt":"2023-01-03T10:39:45","guid":{"rendered":"https:\/\/eglisecatholiqueniger.org\/?p=760"},"modified":"2023-01-03T11:39:45","modified_gmt":"2023-01-03T10:39:45","slug":"communique-de-leglise-catholique-au-niger","status":"publish","type":"post","link":"https:\/\/eglisecatholiqueniger.org\/index.php\/2023\/01\/03\/communique-de-leglise-catholique-au-niger\/","title":{"rendered":"COMMUNIQUE DE L\u2019\u00c9GLISE CATHOLIQUE AU NIGER"},"content":{"rendered":"<p style=\"text-align: center;\">\u00a0<img loading=\"lazy\" decoding=\"async\" class=\"alignnone size-medium wp-image-762\" src=\"http:\/\/eglisecatholiqueniger.org\/wp-content\/uploads\/2023\/01\/pape02-300x169.jpg\" alt=\"\" width=\"300\" height=\"169\" srcset=\"https:\/\/eglisecatholiqueniger.org\/wp-content\/uploads\/2023\/01\/pape02-300x169.jpg 300w, https:\/\/eglisecatholiqueniger.org\/wp-content\/uploads\/2023\/01\/pape02-1024x576.jpg 1024w, https:\/\/eglisecatholiqueniger.org\/wp-content\/uploads\/2023\/01\/pape02-768x432.jpg 768w, https:\/\/eglisecatholiqueniger.org\/wp-content\/uploads\/2023\/01\/pape02-1536x864.jpg 1536w, https:\/\/eglisecatholiqueniger.org\/wp-content\/uploads\/2023\/01\/pape02.jpg 1920w\" sizes=\"auto, (max-width: 300px) 100vw, 300px\" \/><\/p>\n<p>Chers fr\u00e8res et s\u0153urs,<\/p>\n<p>L\u2019Eglise Universelle est en deuil. En effet, le Saint Si\u00e8ge a annonc\u00e9 ce samedi, 31 d\u00e9cembre 2022, le d\u00e9c\u00e8s du Pape \u00e9m\u00e9rite, Beno\u00eet XVI, \u00e0 l\u2019\u00e2ge de 95 ans.<\/p>\n<p>Durant son pontificat, Benoit XVI, Joseph RATZINGER \u00e0 l\u2019\u00e9tat civil, a beaucoup \u0153uvr\u00e9 pour la paix et la fraternit\u00e9 entre les religions, notamment entre chr\u00e9tiens et musulmans. Il a aussi \u00e9t\u00e9 tr\u00e8s proche de l\u2019Afrique qui repr\u00e9sentait \u00e0 ses yeux, \u00ab\u00a0l\u2019Esp\u00e9rance de l\u2019Eglise\u00a0\u00bb.<\/p>\n<p>C\u2019est pour nous l\u2019occasion de saluer la m\u00e9moire de cet illustre disparu.<\/p>\n<p>Ses obs\u00e8ques sont pr\u00e9vues le jeudi 5 janvier 2023 \u00e0 Rome.<\/p>\n<p>Une messe sera dite \u00e0 son intention \u00e0 la Cath\u00e9drale de Niamey le m\u00eame jour \u00e0 19 heures.<\/p>\n<p>En cette douloureuse circonstance, nous, \u00c9v\u00eaques Catholiques du Niger, invitons toute la communaut\u00e9 chr\u00e9tienne, ainsi que nos amis des autres confessions religieuses, \u00e0 faire monter des pri\u00e8res vers Dieu, le Mis\u00e9ricordieux, en faveur de ce grand pasteur.<\/p>\n<p>Que, par la mis\u00e9ricorde de Dieu, son \u00e2me repose en paix et qu\u2019il contemple sans cesse le visage de Celui qu\u2019il a aim\u00e9 et servi\u00a0!<\/p>\n<p>Un livre de condol\u00e9ances est ouvert \u00e0 l\u2019Archev\u00each\u00e9 \u00c9glise Catholique de Zongo, du mardi 3 au jeudi 5 janvier de 9 heures \u00e0 18 heures.<\/p>\n<p>&nbsp;<\/p>\n<p><strong>Fait \u00e0 Niamey, le 2 janvier 2023<\/strong><\/p>\n<p>&nbsp;<\/p>\n<p>Pour les Ev\u00eaques du Niger<\/p>\n<p><strong>Mgr Laurent LOMPO<\/strong><\/p>\n<p><strong><em>+ Archev\u00eaque de Niamey<\/em><\/strong><\/p>\n","protected":false},"excerpt":{"rendered":"<p>\u00a0 Chers fr\u00e8res et s\u0153urs, L\u2019Eglise Universelle est en deuil. En effet, le Saint Si\u00e8ge a annonc\u00e9 ce samedi, 31 d\u00e9cembre 2022, le d\u00e9c\u00e8s du Pape \u00e9m\u00e9rite, Beno\u00eet XVI, \u00e0 &#8230;<\/p>\n","protected":false},"author":1,"featured_media":0,"comment_status":"open","ping_status":"open","sticky":false,"template":"","format":"standard","meta":{"footnotes":""},"categories":[1],"tags":[],"class_list":["post-760","post","type-post","status-publish","format-standard","category-non-classe"],"_links":{"self":[{"href":"https:\/\/eglisecatholiqueniger.org\/index.php\/wp-json\/wp\/v2\/posts\/760","targetHints":{"allow":["GET"]}}],"collection":[{"href":"https:\/\/eglisecatholiqueniger.org\/index.php\/wp-json\/wp\/v2\/posts"}],"about":[{"href":"https:\/\/eglisecatholiqueniger.org\/index.php\/wp-json\/wp\/v2\/types\/post"}],"author":[{"embeddable":true,"href":"https:\/\/eglisecatholiqueniger.org\/index.php\/wp-json\/wp\/v2\/users\/1"}],"replies":[{"embeddable":true,"href":"https:\/\/eglisecatholiqueniger.org\/index.php\/wp-json\/wp\/v2\/comments?post=760"}],"version-history":[{"count":1,"href":"https:\/\/eglisecatholiqueniger.org\/index.php\/wp-json\/wp\/v2\/posts\/760\/revisions"}],"predecessor-version":[{"id":764,"href":"https:\/\/eglisecatholiqueniger.org\/index.php\/wp-json\/wp\/v2\/posts\/760\/revisions\/764"}],"wp:attachment":[{"href":"https:\/\/eglisecatholiqueniger.org\/index.php\/wp-json\/wp\/v2\/media?parent=760"}],"wp:term":[{"taxonomy":"category","embeddable":true,"href":"https:\/\/eglisecatholiqueniger.org\/index.php\/wp-json\/wp\/v2\/categories?post=760"},{"taxonomy":"post_tag","embeddable":true,"href":"https:\/\/eglisecatholiqueniger.org\/index.php\/wp-json\/wp\/v2\/tags?post=760"}],"curies":[{"name":"wp","href":"https:\/\/api.w.org\/{rel}","templated":true}]}}