{"id":765,"date":"2023-01-06T17:59:43","date_gmt":"2023-01-06T16:59:43","guid":{"rendered":"https:\/\/eglisecatholiqueniger.org\/?p=765"},"modified":"2023-01-06T17:59:43","modified_gmt":"2023-01-06T16:59:43","slug":"hommage-au-pape-benoit-xvi","status":"publish","type":"post","link":"https:\/\/eglisecatholiqueniger.org\/index.php\/2023\/01\/06\/hommage-au-pape-benoit-xvi\/","title":{"rendered":"Hommage au Pape Beno\u00eet XVI"},"content":{"rendered":"<p><img loading=\"lazy\" decoding=\"async\" class=\" wp-image-768 alignleft\" src=\"http:\/\/eglisecatholiqueniger.org\/wp-content\/uploads\/2023\/01\/B-XVI-01-DECORATION-3-300x200.jpg\" alt=\"\" width=\"263\" height=\"175\" srcset=\"https:\/\/eglisecatholiqueniger.org\/wp-content\/uploads\/2023\/01\/B-XVI-01-DECORATION-3-300x200.jpg 300w, https:\/\/eglisecatholiqueniger.org\/wp-content\/uploads\/2023\/01\/B-XVI-01-DECORATION-3-1024x683.jpg 1024w, https:\/\/eglisecatholiqueniger.org\/wp-content\/uploads\/2023\/01\/B-XVI-01-DECORATION-3-768x512.jpg 768w, https:\/\/eglisecatholiqueniger.org\/wp-content\/uploads\/2023\/01\/B-XVI-01-DECORATION-3-1536x1025.jpg 1536w, https:\/\/eglisecatholiqueniger.org\/wp-content\/uploads\/2023\/01\/B-XVI-01-DECORATION-3-2048x1367.jpg 2048w, https:\/\/eglisecatholiqueniger.org\/wp-content\/uploads\/2023\/01\/B-XVI-01-DECORATION-3-274x183.jpg 274w, https:\/\/eglisecatholiqueniger.org\/wp-content\/uploads\/2023\/01\/B-XVI-01-DECORATION-3-80x54.jpg 80w, https:\/\/eglisecatholiqueniger.org\/wp-content\/uploads\/2023\/01\/B-XVI-01-DECORATION-3-130x87.jpg 130w, https:\/\/eglisecatholiqueniger.org\/wp-content\/uploads\/2023\/01\/B-XVI-01-DECORATION-3-359x240.jpg 359w, https:\/\/eglisecatholiqueniger.org\/wp-content\/uploads\/2023\/01\/B-XVI-01-DECORATION-3-85x57.jpg 85w, https:\/\/eglisecatholiqueniger.org\/wp-content\/uploads\/2023\/01\/B-XVI-01-DECORATION-3-546x365.jpg 546w, https:\/\/eglisecatholiqueniger.org\/wp-content\/uploads\/2023\/01\/B-XVI-01-DECORATION-3-165x109.jpg 165w, https:\/\/eglisecatholiqueniger.org\/wp-content\/uploads\/2023\/01\/B-XVI-01-DECORATION-3-112x75.jpg 112w, https:\/\/eglisecatholiqueniger.org\/wp-content\/uploads\/2023\/01\/B-XVI-01-DECORATION-3-179x120.jpg 179w, https:\/\/eglisecatholiqueniger.org\/wp-content\/uploads\/2023\/01\/B-XVI-01-DECORATION-3-170x113.jpg 170w, https:\/\/eglisecatholiqueniger.org\/wp-content\/uploads\/2023\/01\/B-XVI-01-DECORATION-3-81x55.jpg 81w, https:\/\/eglisecatholiqueniger.org\/wp-content\/uploads\/2023\/01\/B-XVI-01-DECORATION-3-765x510.jpg 765w\" sizes=\"auto, (max-width: 263px) 100vw, 263px\" \/>Comme nombre de personnalit\u00e9s, d\u2019institutions et de dioc\u00e8ses de par le monde entier, l\u2019Archidioc\u00e8se de Niamey, uni au dioc\u00e8se de Maradi, a aussi tenu \u00e0 rendre un dernier hommage au Pape \u00e9m\u00e9rite Beno\u00eet XVI.<\/p>\n<p>Au lendemain de son d\u00e9c\u00e8s, survenu le 31 d\u00e9cembre 2022, une salle a \u00e9t\u00e9 appr\u00eat\u00e9e dans les locaux de l\u2019Archev\u00each\u00e9 de Niamey, comme c\u2019est le cas chaque fois qu\u2019un Pape d\u00e9c\u00e8de, pour recevoir les condol\u00e9ances. Ainsi, durant pr\u00e8s d\u2019une semaine, ils ont \u00e9t\u00e9 nombreux, pr\u00eatres, religieux, religieuses, fid\u00e8les la\u00efcs, amis des autres confessions religieuses, personnalit\u00e9s diverses, \u00e0 venir se recueillir devant l\u2019image de l\u2019illustre disparu pour prier pour le repos de son \u00e2me. Ce fut un moment de grande \u00e9motion.<\/p>\n<p><img loading=\"lazy\" decoding=\"async\" class=\"alignnone  wp-image-767\" src=\"http:\/\/eglisecatholiqueniger.org\/wp-content\/uploads\/2023\/01\/B-XVI-02-PRIERE-LIVRE-DE-CONDOLEANCES-3-300x200.jpg\" alt=\"\" width=\"218\" height=\"145\" srcset=\"https:\/\/eglisecatholiqueniger.org\/wp-content\/uploads\/2023\/01\/B-XVI-02-PRIERE-LIVRE-DE-CONDOLEANCES-3-300x200.jpg 300w, https:\/\/eglisecatholiqueniger.org\/wp-content\/uploads\/2023\/01\/B-XVI-02-PRIERE-LIVRE-DE-CONDOLEANCES-3-1024x683.jpg 1024w, https:\/\/eglisecatholiqueniger.org\/wp-content\/uploads\/2023\/01\/B-XVI-02-PRIERE-LIVRE-DE-CONDOLEANCES-3-768x512.jpg 768w, https:\/\/eglisecatholiqueniger.org\/wp-content\/uploads\/2023\/01\/B-XVI-02-PRIERE-LIVRE-DE-CONDOLEANCES-3-1536x1025.jpg 1536w, https:\/\/eglisecatholiqueniger.org\/wp-content\/uploads\/2023\/01\/B-XVI-02-PRIERE-LIVRE-DE-CONDOLEANCES-3-2048x1367.jpg 2048w, https:\/\/eglisecatholiqueniger.org\/wp-content\/uploads\/2023\/01\/B-XVI-02-PRIERE-LIVRE-DE-CONDOLEANCES-3-274x183.jpg 274w, https:\/\/eglisecatholiqueniger.org\/wp-content\/uploads\/2023\/01\/B-XVI-02-PRIERE-LIVRE-DE-CONDOLEANCES-3-80x54.jpg 80w, https:\/\/eglisecatholiqueniger.org\/wp-content\/uploads\/2023\/01\/B-XVI-02-PRIERE-LIVRE-DE-CONDOLEANCES-3-130x87.jpg 130w, https:\/\/eglisecatholiqueniger.org\/wp-content\/uploads\/2023\/01\/B-XVI-02-PRIERE-LIVRE-DE-CONDOLEANCES-3-359x240.jpg 359w, https:\/\/eglisecatholiqueniger.org\/wp-content\/uploads\/2023\/01\/B-XVI-02-PRIERE-LIVRE-DE-CONDOLEANCES-3-85x57.jpg 85w, https:\/\/eglisecatholiqueniger.org\/wp-content\/uploads\/2023\/01\/B-XVI-02-PRIERE-LIVRE-DE-CONDOLEANCES-3-546x365.jpg 546w, https:\/\/eglisecatholiqueniger.org\/wp-content\/uploads\/2023\/01\/B-XVI-02-PRIERE-LIVRE-DE-CONDOLEANCES-3-165x109.jpg 165w, https:\/\/eglisecatholiqueniger.org\/wp-content\/uploads\/2023\/01\/B-XVI-02-PRIERE-LIVRE-DE-CONDOLEANCES-3-347x233.jpg 347w, https:\/\/eglisecatholiqueniger.org\/wp-content\/uploads\/2023\/01\/B-XVI-02-PRIERE-LIVRE-DE-CONDOLEANCES-3-112x75.jpg 112w, https:\/\/eglisecatholiqueniger.org\/wp-content\/uploads\/2023\/01\/B-XVI-02-PRIERE-LIVRE-DE-CONDOLEANCES-3-179x120.jpg 179w, https:\/\/eglisecatholiqueniger.org\/wp-content\/uploads\/2023\/01\/B-XVI-02-PRIERE-LIVRE-DE-CONDOLEANCES-3-170x113.jpg 170w, https:\/\/eglisecatholiqueniger.org\/wp-content\/uploads\/2023\/01\/B-XVI-02-PRIERE-LIVRE-DE-CONDOLEANCES-3-81x55.jpg 81w, https:\/\/eglisecatholiqueniger.org\/wp-content\/uploads\/2023\/01\/B-XVI-02-PRIERE-LIVRE-DE-CONDOLEANCES-3-765x510.jpg 765w\" sizes=\"auto, (max-width: 218px) 100vw, 218px\" \/><img loading=\"lazy\" decoding=\"async\" class=\"wp-image-769 alignright\" src=\"http:\/\/eglisecatholiqueniger.org\/wp-content\/uploads\/2023\/01\/B-XVI-02-PRIERE-LIVRE-DE-CONDOLEANCES-1-300x200.jpg\" alt=\"\" width=\"219\" height=\"146\" srcset=\"https:\/\/eglisecatholiqueniger.org\/wp-content\/uploads\/2023\/01\/B-XVI-02-PRIERE-LIVRE-DE-CONDOLEANCES-1-300x200.jpg 300w, https:\/\/eglisecatholiqueniger.org\/wp-content\/uploads\/2023\/01\/B-XVI-02-PRIERE-LIVRE-DE-CONDOLEANCES-1-1024x683.jpg 1024w, https:\/\/eglisecatholiqueniger.org\/wp-content\/uploads\/2023\/01\/B-XVI-02-PRIERE-LIVRE-DE-CONDOLEANCES-1-768x512.jpg 768w, https:\/\/eglisecatholiqueniger.org\/wp-content\/uploads\/2023\/01\/B-XVI-02-PRIERE-LIVRE-DE-CONDOLEANCES-1-1536x1025.jpg 1536w, https:\/\/eglisecatholiqueniger.org\/wp-content\/uploads\/2023\/01\/B-XVI-02-PRIERE-LIVRE-DE-CONDOLEANCES-1-2048x1367.jpg 2048w, https:\/\/eglisecatholiqueniger.org\/wp-content\/uploads\/2023\/01\/B-XVI-02-PRIERE-LIVRE-DE-CONDOLEANCES-1-274x183.jpg 274w, https:\/\/eglisecatholiqueniger.org\/wp-content\/uploads\/2023\/01\/B-XVI-02-PRIERE-LIVRE-DE-CONDOLEANCES-1-364x245.jpg 364w, https:\/\/eglisecatholiqueniger.org\/wp-content\/uploads\/2023\/01\/B-XVI-02-PRIERE-LIVRE-DE-CONDOLEANCES-1-80x54.jpg 80w, https:\/\/eglisecatholiqueniger.org\/wp-content\/uploads\/2023\/01\/B-XVI-02-PRIERE-LIVRE-DE-CONDOLEANCES-1-130x87.jpg 130w, https:\/\/eglisecatholiqueniger.org\/wp-content\/uploads\/2023\/01\/B-XVI-02-PRIERE-LIVRE-DE-CONDOLEANCES-1-359x240.jpg 359w, https:\/\/eglisecatholiqueniger.org\/wp-content\/uploads\/2023\/01\/B-XVI-02-PRIERE-LIVRE-DE-CONDOLEANCES-1-85x57.jpg 85w, https:\/\/eglisecatholiqueniger.org\/wp-content\/uploads\/2023\/01\/B-XVI-02-PRIERE-LIVRE-DE-CONDOLEANCES-1-546x365.jpg 546w, https:\/\/eglisecatholiqueniger.org\/wp-content\/uploads\/2023\/01\/B-XVI-02-PRIERE-LIVRE-DE-CONDOLEANCES-1-266x179.jpg 266w, https:\/\/eglisecatholiqueniger.org\/wp-content\/uploads\/2023\/01\/B-XVI-02-PRIERE-LIVRE-DE-CONDOLEANCES-1-165x109.jpg 165w, https:\/\/eglisecatholiqueniger.org\/wp-content\/uploads\/2023\/01\/B-XVI-02-PRIERE-LIVRE-DE-CONDOLEANCES-1-347x233.jpg 347w, https:\/\/eglisecatholiqueniger.org\/wp-content\/uploads\/2023\/01\/B-XVI-02-PRIERE-LIVRE-DE-CONDOLEANCES-1-112x75.jpg 112w, https:\/\/eglisecatholiqueniger.org\/wp-content\/uploads\/2023\/01\/B-XVI-02-PRIERE-LIVRE-DE-CONDOLEANCES-1-179x120.jpg 179w, https:\/\/eglisecatholiqueniger.org\/wp-content\/uploads\/2023\/01\/B-XVI-02-PRIERE-LIVRE-DE-CONDOLEANCES-1-170x113.jpg 170w, https:\/\/eglisecatholiqueniger.org\/wp-content\/uploads\/2023\/01\/B-XVI-02-PRIERE-LIVRE-DE-CONDOLEANCES-1-81x55.jpg 81w, https:\/\/eglisecatholiqueniger.org\/wp-content\/uploads\/2023\/01\/B-XVI-02-PRIERE-LIVRE-DE-CONDOLEANCES-1-765x510.jpg 765w\" sizes=\"auto, (max-width: 219px) 100vw, 219px\" \/><\/p>\n<p>Et, pour cl\u00f4turer ce temps d\u2019hommage, l\u2019Archev\u00eaque de Niamey, dans un communiqu\u00e9 publi\u00e9, a invit\u00e9 toute la communaut\u00e9 chr\u00e9tienne \u00e0 une messe qu\u2019il a c\u00e9l\u00e9br\u00e9e le jeudi 5 janvier 2023, jour des obs\u00e8ques de Beno\u00eet XVI, \u00e0 la Cath\u00e9drale de Niamey.<\/p>\n<p><img loading=\"lazy\" decoding=\"async\" class=\"size-medium wp-image-770 aligncenter\" src=\"http:\/\/eglisecatholiqueniger.org\/wp-content\/uploads\/2023\/01\/B-XVI-03-MESSE-3-300x200.jpg\" alt=\"\" width=\"300\" height=\"200\" srcset=\"https:\/\/eglisecatholiqueniger.org\/wp-content\/uploads\/2023\/01\/B-XVI-03-MESSE-3-300x200.jpg 300w, https:\/\/eglisecatholiqueniger.org\/wp-content\/uploads\/2023\/01\/B-XVI-03-MESSE-3-1024x683.jpg 1024w, https:\/\/eglisecatholiqueniger.org\/wp-content\/uploads\/2023\/01\/B-XVI-03-MESSE-3-768x512.jpg 768w, https:\/\/eglisecatholiqueniger.org\/wp-content\/uploads\/2023\/01\/B-XVI-03-MESSE-3-1536x1025.jpg 1536w, https:\/\/eglisecatholiqueniger.org\/wp-content\/uploads\/2023\/01\/B-XVI-03-MESSE-3-2048x1366.jpg 2048w, https:\/\/eglisecatholiqueniger.org\/wp-content\/uploads\/2023\/01\/B-XVI-03-MESSE-3-274x183.jpg 274w, https:\/\/eglisecatholiqueniger.org\/wp-content\/uploads\/2023\/01\/B-XVI-03-MESSE-3-80x54.jpg 80w, https:\/\/eglisecatholiqueniger.org\/wp-content\/uploads\/2023\/01\/B-XVI-03-MESSE-3-130x87.jpg 130w, https:\/\/eglisecatholiqueniger.org\/wp-content\/uploads\/2023\/01\/B-XVI-03-MESSE-3-359x240.jpg 359w, https:\/\/eglisecatholiqueniger.org\/wp-content\/uploads\/2023\/01\/B-XVI-03-MESSE-3-85x57.jpg 85w, https:\/\/eglisecatholiqueniger.org\/wp-content\/uploads\/2023\/01\/B-XVI-03-MESSE-3-546x365.jpg 546w, https:\/\/eglisecatholiqueniger.org\/wp-content\/uploads\/2023\/01\/B-XVI-03-MESSE-3-165x109.jpg 165w, https:\/\/eglisecatholiqueniger.org\/wp-content\/uploads\/2023\/01\/B-XVI-03-MESSE-3-347x233.jpg 347w, https:\/\/eglisecatholiqueniger.org\/wp-content\/uploads\/2023\/01\/B-XVI-03-MESSE-3-112x75.jpg 112w, https:\/\/eglisecatholiqueniger.org\/wp-content\/uploads\/2023\/01\/B-XVI-03-MESSE-3-179x120.jpg 179w, https:\/\/eglisecatholiqueniger.org\/wp-content\/uploads\/2023\/01\/B-XVI-03-MESSE-3-170x113.jpg 170w, https:\/\/eglisecatholiqueniger.org\/wp-content\/uploads\/2023\/01\/B-XVI-03-MESSE-3-81x55.jpg 81w, https:\/\/eglisecatholiqueniger.org\/wp-content\/uploads\/2023\/01\/B-XVI-03-MESSE-3-765x510.jpg 765w\" sizes=\"auto, (max-width: 300px) 100vw, 300px\" \/><\/p>\n<p>Dans son hom\u00e9lie, Mgr Laurent Lompo a particuli\u00e8rement salu\u00e9 le d\u00e9placement de nombreux fr\u00e8res et amis musulmans, et de personnalit\u00e9s politiques et diplomatiques, pour pr\u00e9senter les condol\u00e9ances et signer le \u00ab\u00a0Livre d\u2019or\u00a0\u00bb. Puis, il a dit que le Pape \u00e9m\u00e9rite Beno\u00eet XVI a toujours parl\u00e9 au monde entier et non seulement aux chr\u00e9tiens, avant de souligner que les textes de ce jour nous interpellent, chr\u00e9tiens et musulmans, tous croyants, quant \u00e0 ce qui est essentiel dans notre vie\u00a0: vivre la charit\u00e9 \u00e0 l\u2019image de Dieu. A la fin, il a rendu un vibrant hommage \u00e0 l\u2019homme de foi, de v\u00e9rit\u00e9 (sachant concilier foi et raison) et d\u2019humilit\u00e9 qu\u2019\u00e9tait Beno\u00eet XVI.<\/p>\n<p>Saint P\u00e8re Beno\u00eet XVI, repose en paix\u00a0!<\/p>\n","protected":false},"excerpt":{"rendered":"<p>Comme nombre de personnalit\u00e9s, d\u2019institutions et de dioc\u00e8ses de par le monde entier, l\u2019Archidioc\u00e8se de Niamey, uni au dioc\u00e8se de Maradi, a aussi tenu \u00e0 rendre un dernier hommage au &#8230;<\/p>\n","protected":false},"author":1,"featured_media":0,"comment_status":"open","ping_status":"open","sticky":false,"template":"","format":"standard","meta":{"footnotes":""},"categories":[1],"tags":[],"class_list":["post-765","post","type-post","status-publish","format-standard","category-non-classe"],"_links":{"self":[{"href":"https:\/\/eglisecatholiqueniger.org\/index.php\/wp-json\/wp\/v2\/posts\/765","targetHints":{"allow":["GET"]}}],"collection":[{"href":"https:\/\/eglisecatholiqueniger.org\/index.php\/wp-json\/wp\/v2\/posts"}],"about":[{"href":"https:\/\/eglisecatholiqueniger.org\/index.php\/wp-json\/wp\/v2\/types\/post"}],"author":[{"embeddable":true,"href":"https:\/\/eglisecatholiqueniger.org\/index.php\/wp-json\/wp\/v2\/users\/1"}],"replies":[{"embeddable":true,"href":"https:\/\/eglisecatholiqueniger.org\/index.php\/wp-json\/wp\/v2\/comments?post=765"}],"version-history":[{"count":2,"href":"https:\/\/eglisecatholiqueniger.org\/index.php\/wp-json\/wp\/v2\/posts\/765\/revisions"}],"predecessor-version":[{"id":772,"href":"https:\/\/eglisecatholiqueniger.org\/index.php\/wp-json\/wp\/v2\/posts\/765\/revisions\/772"}],"wp:attachment":[{"href":"https:\/\/eglisecatholiqueniger.org\/index.php\/wp-json\/wp\/v2\/media?parent=765"}],"wp:term":[{"taxonomy":"category","embeddable":true,"href":"https:\/\/eglisecatholiqueniger.org\/index.php\/wp-json\/wp\/v2\/categories?post=765"},{"taxonomy":"post_tag","embeddable":true,"href":"https:\/\/eglisecatholiqueniger.org\/index.php\/wp-json\/wp\/v2\/tags?post=765"}],"curies":[{"name":"wp","href":"https:\/\/api.w.org\/{rel}","templated":true}]}}