{"id":775,"date":"2023-01-09T16:56:38","date_gmt":"2023-01-09T15:56:38","guid":{"rendered":"https:\/\/eglisecatholiqueniger.org\/?p=775"},"modified":"2023-01-09T16:56:38","modified_gmt":"2023-01-09T15:56:38","slug":"coup-denvoi-de-la-deuxieme-edition-de-la-coupe-de-leveque","status":"publish","type":"post","link":"https:\/\/eglisecatholiqueniger.org\/index.php\/2023\/01\/09\/coup-denvoi-de-la-deuxieme-edition-de-la-coupe-de-leveque\/","title":{"rendered":"Coup d\u2019envoi de la deuxi\u00e8me \u00e9dition de \u00ab la Coupe de l\u2019Ev\u00eaque \u00bb"},"content":{"rendered":"<p>D\u00e9but hier, dimanche 8 janvier 2023, de la deuxi\u00e8me \u00e9dition du tournoi de football des jeunes catholiques de Niamey d\u00e9nomm\u00e9 \u00ab La Coupe de l\u2019Ev\u00eaque \u00bb.<\/p>\n<p>L\u2019activit\u00e9, organis\u00e9e par l\u2019Aum\u00f4nerie des jeunes du Secteur de Niamey, a pour objectif de favoriser le brassage inter-paroissial et la fraternit\u00e9 entre les jeunes de la capitale du Niger.<\/p>\n<p>\u00ab La Coupe de l\u2019Ev\u00eaque \u00bb a \u00e9t\u00e9 institu\u00e9e l\u2019an dernier, \u00e0 l\u2019occasion de l\u2019ann\u00e9e d\u00e9di\u00e9e \u00e0 Saint Joseph ; ce fut la premi\u00e8re \u00e9dition et la coupe a \u00e9t\u00e9 remport\u00e9e par l\u2019\u00e9quipe de la paroisse Notre Dame du Perp\u00e9tuel Secours de la Cath\u00e9drale.<\/p>\n<p><img loading=\"lazy\" decoding=\"async\" class=\"alignnone  wp-image-776\" src=\"http:\/\/eglisecatholiqueniger.org\/wp-content\/uploads\/2023\/01\/IMG-20230109-WA0007-300x224.jpg\" alt=\"\" width=\"280\" height=\"209\" srcset=\"https:\/\/eglisecatholiqueniger.org\/wp-content\/uploads\/2023\/01\/IMG-20230109-WA0007-300x224.jpg 300w, https:\/\/eglisecatholiqueniger.org\/wp-content\/uploads\/2023\/01\/IMG-20230109-WA0007-768x574.jpg 768w, https:\/\/eglisecatholiqueniger.org\/wp-content\/uploads\/2023\/01\/IMG-20230109-WA0007.jpg 1000w\" sizes=\"auto, (max-width: 280px) 100vw, 280px\" \/> <img loading=\"lazy\" decoding=\"async\" class=\" wp-image-777 alignright\" src=\"http:\/\/eglisecatholiqueniger.org\/wp-content\/uploads\/2023\/01\/IMG-20230109-WA0025-300x224.jpg\" alt=\"\" width=\"279\" height=\"208\" srcset=\"https:\/\/eglisecatholiqueniger.org\/wp-content\/uploads\/2023\/01\/IMG-20230109-WA0025-300x224.jpg 300w, https:\/\/eglisecatholiqueniger.org\/wp-content\/uploads\/2023\/01\/IMG-20230109-WA0025-768x574.jpg 768w, https:\/\/eglisecatholiqueniger.org\/wp-content\/uploads\/2023\/01\/IMG-20230109-WA0025.jpg 1000w\" sizes=\"auto, (max-width: 279px) 100vw, 279px\" \/><\/p>\n<p>Dix \u00e9quipes sont en comp\u00e9tition pour la pr\u00e9sente \u00e9dition. Il s\u2019agit de : <em>Foyer Samuel (des s\u00e9minaristes), Aum\u00f4nerie des Etudiants, Saint Michel, Saint Gabriel, Sainte Th\u00e9r\u00e8se de l\u2019Enfant-J\u00e9sus, Saint Joseph, Saint Paul, Saint Jean, Sainte Monique et Cath\u00e9drale<\/em>. Le match d\u2019ouverture a oppos\u00e9 l\u2019\u00e9quipe de Saint Jean \u00e0 celle de Saint Gabriel. Score final : 3 buts contre 0, en faveur de la paroisse Saint Gabriel. Deux matchs auront lieu le dimanche 15 janvier 2023 ; ils opposeront Sainte Th\u00e9r\u00e8se \u00e0 la Cath\u00e9drale, et Saint Michel \u00e0 l\u2019Aum\u00f4nerie des Etudiants. A noter que la comp\u00e9tition se d\u00e9roulera sur plusieurs semaines.<\/p>\n<p>Selon le p\u00e8re Flavien Lawali Idi, Aum\u00f4nier des jeunes de Niamey, le tournoi a bien commenc\u00e9, dans une bonne ambiance. C\u2019est l\u2019une des activit\u00e9s qui mobilisent et rassemblent plus de jeunes aujourd\u2019hui. \u00ab\u00a0C\u2019est un lieu de rencontre et de fraternit\u00e9\u00a0\u00bb, a-t-il ajout\u00e9, avant de souhaiter \u00ab\u00a0que r\u00e8gnent encore et toujours le brassage inter-paroissial, la fraternit\u00e9 et le fair-play entre les jeunes\u00a0\u00bb.<\/p>\n<p>Saint Joseph, rassemble tes enfants et prie pour eux\u00a0!<\/p>\n","protected":false},"excerpt":{"rendered":"<p>D\u00e9but hier, dimanche 8 janvier 2023, de la deuxi\u00e8me \u00e9dition du tournoi de football des jeunes catholiques de Niamey d\u00e9nomm\u00e9 \u00ab La Coupe de l\u2019Ev\u00eaque \u00bb. L\u2019activit\u00e9, organis\u00e9e par l\u2019Aum\u00f4nerie &#8230;<\/p>\n","protected":false},"author":1,"featured_media":0,"comment_status":"open","ping_status":"open","sticky":false,"template":"","format":"standard","meta":{"footnotes":""},"categories":[1],"tags":[],"class_list":["post-775","post","type-post","status-publish","format-standard","category-non-classe"],"_links":{"self":[{"href":"https:\/\/eglisecatholiqueniger.org\/index.php\/wp-json\/wp\/v2\/posts\/775","targetHints":{"allow":["GET"]}}],"collection":[{"href":"https:\/\/eglisecatholiqueniger.org\/index.php\/wp-json\/wp\/v2\/posts"}],"about":[{"href":"https:\/\/eglisecatholiqueniger.org\/index.php\/wp-json\/wp\/v2\/types\/post"}],"author":[{"embeddable":true,"href":"https:\/\/eglisecatholiqueniger.org\/index.php\/wp-json\/wp\/v2\/users\/1"}],"replies":[{"embeddable":true,"href":"https:\/\/eglisecatholiqueniger.org\/index.php\/wp-json\/wp\/v2\/comments?post=775"}],"version-history":[{"count":4,"href":"https:\/\/eglisecatholiqueniger.org\/index.php\/wp-json\/wp\/v2\/posts\/775\/revisions"}],"predecessor-version":[{"id":781,"href":"https:\/\/eglisecatholiqueniger.org\/index.php\/wp-json\/wp\/v2\/posts\/775\/revisions\/781"}],"wp:attachment":[{"href":"https:\/\/eglisecatholiqueniger.org\/index.php\/wp-json\/wp\/v2\/media?parent=775"}],"wp:term":[{"taxonomy":"category","embeddable":true,"href":"https:\/\/eglisecatholiqueniger.org\/index.php\/wp-json\/wp\/v2\/categories?post=775"},{"taxonomy":"post_tag","embeddable":true,"href":"https:\/\/eglisecatholiqueniger.org\/index.php\/wp-json\/wp\/v2\/tags?post=775"}],"curies":[{"name":"wp","href":"https:\/\/api.w.org\/{rel}","templated":true}]}}