{"id":847,"date":"2023-03-20T17:18:21","date_gmt":"2023-03-20T16:18:21","guid":{"rendered":"https:\/\/eglisecatholiqueniger.org\/?p=847"},"modified":"2023-03-20T17:18:21","modified_gmt":"2023-03-20T16:18:21","slug":"formation-des-animateurs-pastoraux-de-louest","status":"publish","type":"post","link":"https:\/\/eglisecatholiqueniger.org\/index.php\/2023\/03\/20\/formation-des-animateurs-pastoraux-de-louest\/","title":{"rendered":"Formation des animateurs pastoraux de l\u2019Ouest"},"content":{"rendered":"<p><img loading=\"lazy\" decoding=\"async\" class=\"size-medium wp-image-849 alignleft\" src=\"http:\/\/eglisecatholiqueniger.org\/wp-content\/uploads\/2023\/03\/RECYCLAGE-ANIMATEURS-PASTORAUX-SECTEUR-OUEST-05_11-03-2023-2-300x200.jpg\" alt=\"\" width=\"300\" height=\"200\" srcset=\"https:\/\/eglisecatholiqueniger.org\/wp-content\/uploads\/2023\/03\/RECYCLAGE-ANIMATEURS-PASTORAUX-SECTEUR-OUEST-05_11-03-2023-2-300x200.jpg 300w, https:\/\/eglisecatholiqueniger.org\/wp-content\/uploads\/2023\/03\/RECYCLAGE-ANIMATEURS-PASTORAUX-SECTEUR-OUEST-05_11-03-2023-2-1024x683.jpg 1024w, https:\/\/eglisecatholiqueniger.org\/wp-content\/uploads\/2023\/03\/RECYCLAGE-ANIMATEURS-PASTORAUX-SECTEUR-OUEST-05_11-03-2023-2-768x512.jpg 768w, https:\/\/eglisecatholiqueniger.org\/wp-content\/uploads\/2023\/03\/RECYCLAGE-ANIMATEURS-PASTORAUX-SECTEUR-OUEST-05_11-03-2023-2-1536x1024.jpg 1536w, https:\/\/eglisecatholiqueniger.org\/wp-content\/uploads\/2023\/03\/RECYCLAGE-ANIMATEURS-PASTORAUX-SECTEUR-OUEST-05_11-03-2023-2-2048x1365.jpg 2048w, https:\/\/eglisecatholiqueniger.org\/wp-content\/uploads\/2023\/03\/RECYCLAGE-ANIMATEURS-PASTORAUX-SECTEUR-OUEST-05_11-03-2023-2-274x183.jpg 274w, https:\/\/eglisecatholiqueniger.org\/wp-content\/uploads\/2023\/03\/RECYCLAGE-ANIMATEURS-PASTORAUX-SECTEUR-OUEST-05_11-03-2023-2-80x54.jpg 80w, https:\/\/eglisecatholiqueniger.org\/wp-content\/uploads\/2023\/03\/RECYCLAGE-ANIMATEURS-PASTORAUX-SECTEUR-OUEST-05_11-03-2023-2-130x87.jpg 130w, https:\/\/eglisecatholiqueniger.org\/wp-content\/uploads\/2023\/03\/RECYCLAGE-ANIMATEURS-PASTORAUX-SECTEUR-OUEST-05_11-03-2023-2-359x240.jpg 359w, https:\/\/eglisecatholiqueniger.org\/wp-content\/uploads\/2023\/03\/RECYCLAGE-ANIMATEURS-PASTORAUX-SECTEUR-OUEST-05_11-03-2023-2-85x57.jpg 85w, https:\/\/eglisecatholiqueniger.org\/wp-content\/uploads\/2023\/03\/RECYCLAGE-ANIMATEURS-PASTORAUX-SECTEUR-OUEST-05_11-03-2023-2-546x365.jpg 546w, https:\/\/eglisecatholiqueniger.org\/wp-content\/uploads\/2023\/03\/RECYCLAGE-ANIMATEURS-PASTORAUX-SECTEUR-OUEST-05_11-03-2023-2-165x109.jpg 165w, https:\/\/eglisecatholiqueniger.org\/wp-content\/uploads\/2023\/03\/RECYCLAGE-ANIMATEURS-PASTORAUX-SECTEUR-OUEST-05_11-03-2023-2-347x233.jpg 347w, https:\/\/eglisecatholiqueniger.org\/wp-content\/uploads\/2023\/03\/RECYCLAGE-ANIMATEURS-PASTORAUX-SECTEUR-OUEST-05_11-03-2023-2-112x75.jpg 112w, https:\/\/eglisecatholiqueniger.org\/wp-content\/uploads\/2023\/03\/RECYCLAGE-ANIMATEURS-PASTORAUX-SECTEUR-OUEST-05_11-03-2023-2-179x120.jpg 179w, https:\/\/eglisecatholiqueniger.org\/wp-content\/uploads\/2023\/03\/RECYCLAGE-ANIMATEURS-PASTORAUX-SECTEUR-OUEST-05_11-03-2023-2-170x113.jpg 170w, https:\/\/eglisecatholiqueniger.org\/wp-content\/uploads\/2023\/03\/RECYCLAGE-ANIMATEURS-PASTORAUX-SECTEUR-OUEST-05_11-03-2023-2-81x55.jpg 81w, https:\/\/eglisecatholiqueniger.org\/wp-content\/uploads\/2023\/03\/RECYCLAGE-ANIMATEURS-PASTORAUX-SECTEUR-OUEST-05_11-03-2023-2-765x510.jpg 765w\" sizes=\"auto, (max-width: 300px) 100vw, 300px\" \/>Une fois encore, les animateurs pastoraux de Torodi, Makalondi, Bomoanga et Kankani se sont retrouv\u00e9s pour une formation au Centre Silo\u00e9, du 5 au 11 mars 2023. Cette activit\u00e9, qui s\u2019inscrit dans le cadre du cycle de formations initi\u00e9 par le <em>Service dioc\u00e9sain de la Cat\u00e9ch\u00e8se,<\/em> en vue de former des la\u00efcs capables d\u2019animer les communaut\u00e9s chr\u00e9tiennes de l\u2019Archidioc\u00e8se de Niamey, a vu la participation d\u2019une quarantaine d\u2019hommes venus de la zone Ouest-Sud. Comme la promotion pr\u00e9c\u00e9dente, celle-ci suivra aussi un cycle de trois ans de formation.<\/p>\n<p>Objectif : donner des outils importants \u00e0 ces chr\u00e9tiens vivant en zone marqu\u00e9e par l\u2019ins\u00e9curit\u00e9 pour les rendre capables d\u2019animer leurs communaut\u00e9s respectives et de transformer leurs milieux. A l\u2019occasion, plusieurs sujets ont \u00e9t\u00e9 abord\u00e9s, apr\u00e8s le premier jour consacr\u00e9 aux t\u00e9moignages des animateurs par paroisse : <strong><em>\u00ab\u00a0Ouverture pastorale en temps d\u2019\u00e9preuves\u00a0\u00bb,<\/em><\/strong> <strong><em>\u00ab\u00a0Lecture biblique sur la vie des chr\u00e9tiens des premiers si\u00e8cles\u00a0\u00bb, \u00ab\u00a0La place de la pri\u00e8re dans la vie du chr\u00e9tien\u00a0\u00bb, \u00ab\u00a0C\u00e9l\u00e9bration et pri\u00e8re sans pr\u00eatre\u00a0\u00bb.<\/em><\/strong> Des th\u00e8mes aussi vari\u00e9s qu\u2019enrichissants.<\/p>\n<p>Durant leur s\u00e9jour \u00e0 Silo\u00e9, les animateurs pastoraux ont re\u00e7u la visite du premier Pasteur de Niamey, Mgr Laurent Lompo. Saisissant l\u2019opportunit\u00e9 qui lui a \u00e9t\u00e9 offerte, il les a exhort\u00e9s \u00e0 \u00eatre courageux et pers\u00e9v\u00e9rants face \u00e0 la situation difficile qui pr\u00e9vaut dans leur localit\u00e9. L\u2019Ordinaire de Niamey les a aussi invit\u00e9s \u00e0 la foi et \u00e0 l\u2019esp\u00e9rance. A la fin, il a c\u00e9l\u00e9br\u00e9 une messe avec eux.<\/p>\n<p><img loading=\"lazy\" decoding=\"async\" class=\"alignnone  wp-image-850\" src=\"http:\/\/eglisecatholiqueniger.org\/wp-content\/uploads\/2023\/03\/RECYCLAGE-ANIMATEURS-PASTORAUX-SECTEUR-OUEST-05_11-03-2023-3-300x200.jpg\" alt=\"\" width=\"194\" height=\"129\" srcset=\"https:\/\/eglisecatholiqueniger.org\/wp-content\/uploads\/2023\/03\/RECYCLAGE-ANIMATEURS-PASTORAUX-SECTEUR-OUEST-05_11-03-2023-3-300x200.jpg 300w, https:\/\/eglisecatholiqueniger.org\/wp-content\/uploads\/2023\/03\/RECYCLAGE-ANIMATEURS-PASTORAUX-SECTEUR-OUEST-05_11-03-2023-3-1024x683.jpg 1024w, https:\/\/eglisecatholiqueniger.org\/wp-content\/uploads\/2023\/03\/RECYCLAGE-ANIMATEURS-PASTORAUX-SECTEUR-OUEST-05_11-03-2023-3-768x512.jpg 768w, https:\/\/eglisecatholiqueniger.org\/wp-content\/uploads\/2023\/03\/RECYCLAGE-ANIMATEURS-PASTORAUX-SECTEUR-OUEST-05_11-03-2023-3-1536x1024.jpg 1536w, https:\/\/eglisecatholiqueniger.org\/wp-content\/uploads\/2023\/03\/RECYCLAGE-ANIMATEURS-PASTORAUX-SECTEUR-OUEST-05_11-03-2023-3-2048x1365.jpg 2048w, https:\/\/eglisecatholiqueniger.org\/wp-content\/uploads\/2023\/03\/RECYCLAGE-ANIMATEURS-PASTORAUX-SECTEUR-OUEST-05_11-03-2023-3-274x183.jpg 274w, https:\/\/eglisecatholiqueniger.org\/wp-content\/uploads\/2023\/03\/RECYCLAGE-ANIMATEURS-PASTORAUX-SECTEUR-OUEST-05_11-03-2023-3-80x54.jpg 80w, https:\/\/eglisecatholiqueniger.org\/wp-content\/uploads\/2023\/03\/RECYCLAGE-ANIMATEURS-PASTORAUX-SECTEUR-OUEST-05_11-03-2023-3-130x87.jpg 130w, https:\/\/eglisecatholiqueniger.org\/wp-content\/uploads\/2023\/03\/RECYCLAGE-ANIMATEURS-PASTORAUX-SECTEUR-OUEST-05_11-03-2023-3-359x240.jpg 359w, https:\/\/eglisecatholiqueniger.org\/wp-content\/uploads\/2023\/03\/RECYCLAGE-ANIMATEURS-PASTORAUX-SECTEUR-OUEST-05_11-03-2023-3-85x57.jpg 85w, https:\/\/eglisecatholiqueniger.org\/wp-content\/uploads\/2023\/03\/RECYCLAGE-ANIMATEURS-PASTORAUX-SECTEUR-OUEST-05_11-03-2023-3-546x365.jpg 546w, https:\/\/eglisecatholiqueniger.org\/wp-content\/uploads\/2023\/03\/RECYCLAGE-ANIMATEURS-PASTORAUX-SECTEUR-OUEST-05_11-03-2023-3-165x109.jpg 165w, https:\/\/eglisecatholiqueniger.org\/wp-content\/uploads\/2023\/03\/RECYCLAGE-ANIMATEURS-PASTORAUX-SECTEUR-OUEST-05_11-03-2023-3-347x233.jpg 347w, https:\/\/eglisecatholiqueniger.org\/wp-content\/uploads\/2023\/03\/RECYCLAGE-ANIMATEURS-PASTORAUX-SECTEUR-OUEST-05_11-03-2023-3-112x75.jpg 112w, https:\/\/eglisecatholiqueniger.org\/wp-content\/uploads\/2023\/03\/RECYCLAGE-ANIMATEURS-PASTORAUX-SECTEUR-OUEST-05_11-03-2023-3-179x120.jpg 179w, https:\/\/eglisecatholiqueniger.org\/wp-content\/uploads\/2023\/03\/RECYCLAGE-ANIMATEURS-PASTORAUX-SECTEUR-OUEST-05_11-03-2023-3-170x113.jpg 170w, https:\/\/eglisecatholiqueniger.org\/wp-content\/uploads\/2023\/03\/RECYCLAGE-ANIMATEURS-PASTORAUX-SECTEUR-OUEST-05_11-03-2023-3-81x55.jpg 81w, https:\/\/eglisecatholiqueniger.org\/wp-content\/uploads\/2023\/03\/RECYCLAGE-ANIMATEURS-PASTORAUX-SECTEUR-OUEST-05_11-03-2023-3-765x510.jpg 765w\" sizes=\"auto, (max-width: 194px) 100vw, 194px\" \/><img loading=\"lazy\" decoding=\"async\" class=\"alignnone  wp-image-851\" src=\"http:\/\/eglisecatholiqueniger.org\/wp-content\/uploads\/2023\/03\/RECYCLAGE-ANIMATEURS-PASTORAUX-SECTEUR-OUEST-05_11-03-2023-6-300x200.jpg\" alt=\"\" width=\"194\" height=\"129\" srcset=\"https:\/\/eglisecatholiqueniger.org\/wp-content\/uploads\/2023\/03\/RECYCLAGE-ANIMATEURS-PASTORAUX-SECTEUR-OUEST-05_11-03-2023-6-300x200.jpg 300w, https:\/\/eglisecatholiqueniger.org\/wp-content\/uploads\/2023\/03\/RECYCLAGE-ANIMATEURS-PASTORAUX-SECTEUR-OUEST-05_11-03-2023-6-1024x683.jpg 1024w, https:\/\/eglisecatholiqueniger.org\/wp-content\/uploads\/2023\/03\/RECYCLAGE-ANIMATEURS-PASTORAUX-SECTEUR-OUEST-05_11-03-2023-6-768x512.jpg 768w, https:\/\/eglisecatholiqueniger.org\/wp-content\/uploads\/2023\/03\/RECYCLAGE-ANIMATEURS-PASTORAUX-SECTEUR-OUEST-05_11-03-2023-6-1536x1025.jpg 1536w, https:\/\/eglisecatholiqueniger.org\/wp-content\/uploads\/2023\/03\/RECYCLAGE-ANIMATEURS-PASTORAUX-SECTEUR-OUEST-05_11-03-2023-6-2048x1367.jpg 2048w, https:\/\/eglisecatholiqueniger.org\/wp-content\/uploads\/2023\/03\/RECYCLAGE-ANIMATEURS-PASTORAUX-SECTEUR-OUEST-05_11-03-2023-6-274x183.jpg 274w, https:\/\/eglisecatholiqueniger.org\/wp-content\/uploads\/2023\/03\/RECYCLAGE-ANIMATEURS-PASTORAUX-SECTEUR-OUEST-05_11-03-2023-6-80x54.jpg 80w, https:\/\/eglisecatholiqueniger.org\/wp-content\/uploads\/2023\/03\/RECYCLAGE-ANIMATEURS-PASTORAUX-SECTEUR-OUEST-05_11-03-2023-6-130x87.jpg 130w, https:\/\/eglisecatholiqueniger.org\/wp-content\/uploads\/2023\/03\/RECYCLAGE-ANIMATEURS-PASTORAUX-SECTEUR-OUEST-05_11-03-2023-6-359x240.jpg 359w, https:\/\/eglisecatholiqueniger.org\/wp-content\/uploads\/2023\/03\/RECYCLAGE-ANIMATEURS-PASTORAUX-SECTEUR-OUEST-05_11-03-2023-6-85x57.jpg 85w, https:\/\/eglisecatholiqueniger.org\/wp-content\/uploads\/2023\/03\/RECYCLAGE-ANIMATEURS-PASTORAUX-SECTEUR-OUEST-05_11-03-2023-6-546x365.jpg 546w, https:\/\/eglisecatholiqueniger.org\/wp-content\/uploads\/2023\/03\/RECYCLAGE-ANIMATEURS-PASTORAUX-SECTEUR-OUEST-05_11-03-2023-6-165x109.jpg 165w, https:\/\/eglisecatholiqueniger.org\/wp-content\/uploads\/2023\/03\/RECYCLAGE-ANIMATEURS-PASTORAUX-SECTEUR-OUEST-05_11-03-2023-6-347x233.jpg 347w, https:\/\/eglisecatholiqueniger.org\/wp-content\/uploads\/2023\/03\/RECYCLAGE-ANIMATEURS-PASTORAUX-SECTEUR-OUEST-05_11-03-2023-6-112x75.jpg 112w, https:\/\/eglisecatholiqueniger.org\/wp-content\/uploads\/2023\/03\/RECYCLAGE-ANIMATEURS-PASTORAUX-SECTEUR-OUEST-05_11-03-2023-6-179x120.jpg 179w, https:\/\/eglisecatholiqueniger.org\/wp-content\/uploads\/2023\/03\/RECYCLAGE-ANIMATEURS-PASTORAUX-SECTEUR-OUEST-05_11-03-2023-6-170x113.jpg 170w, https:\/\/eglisecatholiqueniger.org\/wp-content\/uploads\/2023\/03\/RECYCLAGE-ANIMATEURS-PASTORAUX-SECTEUR-OUEST-05_11-03-2023-6-81x55.jpg 81w, https:\/\/eglisecatholiqueniger.org\/wp-content\/uploads\/2023\/03\/RECYCLAGE-ANIMATEURS-PASTORAUX-SECTEUR-OUEST-05_11-03-2023-6-765x510.jpg 765w\" sizes=\"auto, (max-width: 194px) 100vw, 194px\" \/><img loading=\"lazy\" decoding=\"async\" class=\"alignnone  wp-image-852\" src=\"http:\/\/eglisecatholiqueniger.org\/wp-content\/uploads\/2023\/03\/RECYCLAGE-ANIMATEURS-PASTORAUX-SECTEUR-OUEST-05_11-03-2023-7-1-300x200.jpg\" alt=\"\" width=\"195\" height=\"130\" srcset=\"https:\/\/eglisecatholiqueniger.org\/wp-content\/uploads\/2023\/03\/RECYCLAGE-ANIMATEURS-PASTORAUX-SECTEUR-OUEST-05_11-03-2023-7-1-300x200.jpg 300w, https:\/\/eglisecatholiqueniger.org\/wp-content\/uploads\/2023\/03\/RECYCLAGE-ANIMATEURS-PASTORAUX-SECTEUR-OUEST-05_11-03-2023-7-1-1024x683.jpg 1024w, https:\/\/eglisecatholiqueniger.org\/wp-content\/uploads\/2023\/03\/RECYCLAGE-ANIMATEURS-PASTORAUX-SECTEUR-OUEST-05_11-03-2023-7-1-768x512.jpg 768w, https:\/\/eglisecatholiqueniger.org\/wp-content\/uploads\/2023\/03\/RECYCLAGE-ANIMATEURS-PASTORAUX-SECTEUR-OUEST-05_11-03-2023-7-1-1536x1025.jpg 1536w, https:\/\/eglisecatholiqueniger.org\/wp-content\/uploads\/2023\/03\/RECYCLAGE-ANIMATEURS-PASTORAUX-SECTEUR-OUEST-05_11-03-2023-7-1-2048x1367.jpg 2048w, https:\/\/eglisecatholiqueniger.org\/wp-content\/uploads\/2023\/03\/RECYCLAGE-ANIMATEURS-PASTORAUX-SECTEUR-OUEST-05_11-03-2023-7-1-274x183.jpg 274w, https:\/\/eglisecatholiqueniger.org\/wp-content\/uploads\/2023\/03\/RECYCLAGE-ANIMATEURS-PASTORAUX-SECTEUR-OUEST-05_11-03-2023-7-1-364x245.jpg 364w, https:\/\/eglisecatholiqueniger.org\/wp-content\/uploads\/2023\/03\/RECYCLAGE-ANIMATEURS-PASTORAUX-SECTEUR-OUEST-05_11-03-2023-7-1-80x54.jpg 80w, https:\/\/eglisecatholiqueniger.org\/wp-content\/uploads\/2023\/03\/RECYCLAGE-ANIMATEURS-PASTORAUX-SECTEUR-OUEST-05_11-03-2023-7-1-130x87.jpg 130w, https:\/\/eglisecatholiqueniger.org\/wp-content\/uploads\/2023\/03\/RECYCLAGE-ANIMATEURS-PASTORAUX-SECTEUR-OUEST-05_11-03-2023-7-1-359x240.jpg 359w, https:\/\/eglisecatholiqueniger.org\/wp-content\/uploads\/2023\/03\/RECYCLAGE-ANIMATEURS-PASTORAUX-SECTEUR-OUEST-05_11-03-2023-7-1-85x57.jpg 85w, https:\/\/eglisecatholiqueniger.org\/wp-content\/uploads\/2023\/03\/RECYCLAGE-ANIMATEURS-PASTORAUX-SECTEUR-OUEST-05_11-03-2023-7-1-546x365.jpg 546w, https:\/\/eglisecatholiqueniger.org\/wp-content\/uploads\/2023\/03\/RECYCLAGE-ANIMATEURS-PASTORAUX-SECTEUR-OUEST-05_11-03-2023-7-1-266x179.jpg 266w, https:\/\/eglisecatholiqueniger.org\/wp-content\/uploads\/2023\/03\/RECYCLAGE-ANIMATEURS-PASTORAUX-SECTEUR-OUEST-05_11-03-2023-7-1-165x109.jpg 165w, https:\/\/eglisecatholiqueniger.org\/wp-content\/uploads\/2023\/03\/RECYCLAGE-ANIMATEURS-PASTORAUX-SECTEUR-OUEST-05_11-03-2023-7-1-347x233.jpg 347w, https:\/\/eglisecatholiqueniger.org\/wp-content\/uploads\/2023\/03\/RECYCLAGE-ANIMATEURS-PASTORAUX-SECTEUR-OUEST-05_11-03-2023-7-1-112x75.jpg 112w, https:\/\/eglisecatholiqueniger.org\/wp-content\/uploads\/2023\/03\/RECYCLAGE-ANIMATEURS-PASTORAUX-SECTEUR-OUEST-05_11-03-2023-7-1-179x120.jpg 179w, https:\/\/eglisecatholiqueniger.org\/wp-content\/uploads\/2023\/03\/RECYCLAGE-ANIMATEURS-PASTORAUX-SECTEUR-OUEST-05_11-03-2023-7-1-170x113.jpg 170w, https:\/\/eglisecatholiqueniger.org\/wp-content\/uploads\/2023\/03\/RECYCLAGE-ANIMATEURS-PASTORAUX-SECTEUR-OUEST-05_11-03-2023-7-1-81x55.jpg 81w, https:\/\/eglisecatholiqueniger.org\/wp-content\/uploads\/2023\/03\/RECYCLAGE-ANIMATEURS-PASTORAUX-SECTEUR-OUEST-05_11-03-2023-7-1-765x510.jpg 765w\" sizes=\"auto, (max-width: 195px) 100vw, 195px\" \/><\/p>\n<p>L\u2019exp\u00e9rience de fraternit\u00e9 et de r\u00e9flexion v\u00e9cue par ces animateurs leur a permis de repartir dans leurs localit\u00e9s respectives, heureux et assez aguerris pour la mission qui les attend aupr\u00e8s des leurs\u00a0; mission d\u2019amour, de paix et de salut.<\/p>\n<p>Vivement la paix au Niger\u00a0!<\/p>\n","protected":false},"excerpt":{"rendered":"<p>Une fois encore, les animateurs pastoraux de Torodi, Makalondi, Bomoanga et Kankani se sont retrouv\u00e9s pour une formation au Centre Silo\u00e9, du 5 au 11 mars 2023. Cette activit\u00e9, qui &#8230;<\/p>\n","protected":false},"author":1,"featured_media":0,"comment_status":"open","ping_status":"open","sticky":false,"template":"","format":"standard","meta":{"footnotes":""},"categories":[1],"tags":[],"class_list":["post-847","post","type-post","status-publish","format-standard","category-non-classe"],"_links":{"self":[{"href":"https:\/\/eglisecatholiqueniger.org\/index.php\/wp-json\/wp\/v2\/posts\/847","targetHints":{"allow":["GET"]}}],"collection":[{"href":"https:\/\/eglisecatholiqueniger.org\/index.php\/wp-json\/wp\/v2\/posts"}],"about":[{"href":"https:\/\/eglisecatholiqueniger.org\/index.php\/wp-json\/wp\/v2\/types\/post"}],"author":[{"embeddable":true,"href":"https:\/\/eglisecatholiqueniger.org\/index.php\/wp-json\/wp\/v2\/users\/1"}],"replies":[{"embeddable":true,"href":"https:\/\/eglisecatholiqueniger.org\/index.php\/wp-json\/wp\/v2\/comments?post=847"}],"version-history":[{"count":3,"href":"https:\/\/eglisecatholiqueniger.org\/index.php\/wp-json\/wp\/v2\/posts\/847\/revisions"}],"predecessor-version":[{"id":855,"href":"https:\/\/eglisecatholiqueniger.org\/index.php\/wp-json\/wp\/v2\/posts\/847\/revisions\/855"}],"wp:attachment":[{"href":"https:\/\/eglisecatholiqueniger.org\/index.php\/wp-json\/wp\/v2\/media?parent=847"}],"wp:term":[{"taxonomy":"category","embeddable":true,"href":"https:\/\/eglisecatholiqueniger.org\/index.php\/wp-json\/wp\/v2\/categories?post=847"},{"taxonomy":"post_tag","embeddable":true,"href":"https:\/\/eglisecatholiqueniger.org\/index.php\/wp-json\/wp\/v2\/tags?post=847"}],"curies":[{"name":"wp","href":"https:\/\/api.w.org\/{rel}","templated":true}]}}