{"id":858,"date":"2023-03-20T17:51:23","date_gmt":"2023-03-20T16:51:23","guid":{"rendered":"https:\/\/eglisecatholiqueniger.org\/?p=858"},"modified":"2023-03-20T17:51:23","modified_gmt":"2023-03-20T16:51:23","slug":"presbyterium-2023","status":"publish","type":"post","link":"https:\/\/eglisecatholiqueniger.org\/index.php\/2023\/03\/20\/presbyterium-2023\/","title":{"rendered":"Presbyterium 2023"},"content":{"rendered":"<p><img loading=\"lazy\" decoding=\"async\" class=\"size-medium wp-image-859 alignleft\" src=\"http:\/\/eglisecatholiqueniger.org\/wp-content\/uploads\/2023\/03\/APN3855-300x200.jpg\" alt=\"\" width=\"300\" height=\"200\" srcset=\"https:\/\/eglisecatholiqueniger.org\/wp-content\/uploads\/2023\/03\/APN3855-300x200.jpg 300w, https:\/\/eglisecatholiqueniger.org\/wp-content\/uploads\/2023\/03\/APN3855-1024x683.jpg 1024w, https:\/\/eglisecatholiqueniger.org\/wp-content\/uploads\/2023\/03\/APN3855-768x512.jpg 768w, https:\/\/eglisecatholiqueniger.org\/wp-content\/uploads\/2023\/03\/APN3855-1536x1025.jpg 1536w, https:\/\/eglisecatholiqueniger.org\/wp-content\/uploads\/2023\/03\/APN3855-2048x1367.jpg 2048w, https:\/\/eglisecatholiqueniger.org\/wp-content\/uploads\/2023\/03\/APN3855-274x183.jpg 274w, https:\/\/eglisecatholiqueniger.org\/wp-content\/uploads\/2023\/03\/APN3855-80x54.jpg 80w, https:\/\/eglisecatholiqueniger.org\/wp-content\/uploads\/2023\/03\/APN3855-130x87.jpg 130w, https:\/\/eglisecatholiqueniger.org\/wp-content\/uploads\/2023\/03\/APN3855-359x240.jpg 359w, https:\/\/eglisecatholiqueniger.org\/wp-content\/uploads\/2023\/03\/APN3855-85x57.jpg 85w, https:\/\/eglisecatholiqueniger.org\/wp-content\/uploads\/2023\/03\/APN3855-546x365.jpg 546w, https:\/\/eglisecatholiqueniger.org\/wp-content\/uploads\/2023\/03\/APN3855-165x109.jpg 165w, https:\/\/eglisecatholiqueniger.org\/wp-content\/uploads\/2023\/03\/APN3855-347x233.jpg 347w, https:\/\/eglisecatholiqueniger.org\/wp-content\/uploads\/2023\/03\/APN3855-112x75.jpg 112w, https:\/\/eglisecatholiqueniger.org\/wp-content\/uploads\/2023\/03\/APN3855-179x120.jpg 179w, https:\/\/eglisecatholiqueniger.org\/wp-content\/uploads\/2023\/03\/APN3855-170x113.jpg 170w, https:\/\/eglisecatholiqueniger.org\/wp-content\/uploads\/2023\/03\/APN3855-81x55.jpg 81w, https:\/\/eglisecatholiqueniger.org\/wp-content\/uploads\/2023\/03\/APN3855-765x510.jpg 765w\" sizes=\"auto, (max-width: 300px) 100vw, 300px\" \/>Les pr\u00eatres de\u00a0 l\u2019Archidioc\u00e8se de Niamey se sont retrouv\u00e9s au Centre Silo\u00e9, du 14 au 16 mars 2023, pour leur traditionnelle rencontre appel\u00e9e <em>\u00ab\u00a0presbyterium\u00a0\u00bb.<\/em> Le th\u00e8me autour duquel furent men\u00e9es leurs r\u00e9flexions \u00e9tait\u00a0: <strong><em>\u00ab\u00a0La\u00efcat form\u00e9, selon l\u2019esprit de la synodalit\u00e9\u00a0: coresponsabilit\u00e9 entre agents pastoraux et la\u00efcs pour l\u2019avenir de l\u2019Eglise au Niger\u00a0\u00bb.<\/em><\/strong> Ce th\u00e8me a \u00e9t\u00e9 choisi en r\u00e9f\u00e9rence au th\u00e8me qui oriente les activit\u00e9s de l\u2019Archidioc\u00e8se de Niamey cette ann\u00e9e\u00a0: <strong>\u00ab\u00a0Eglise-Famille de Dieu, \u00e0 travers un la\u00efcat form\u00e9, engage-toi pour la transformation de ton milieu\u00a0\u00bb.<\/strong><\/p>\n<p>Trois jours durant, les pr\u00eatres, r\u00e9unis autour de leur \u00e9v\u00eaque, ont discut\u00e9 de l\u2019ins\u00e9curit\u00e9, de ses cons\u00e9quences sur les populations et de son impact sur la vie pastorale dans les zones Ouest-Sud et Nord-Sud du Niger. Ils ont \u00e9galement \u00e9cout\u00e9 un enseignement et \u00e9chang\u00e9 sur <em>l\u2019apostolat des la\u00efcs et la coresponsabilit\u00e9 entre eux et les pr\u00eatres, religieux et religieuses.<\/em> De ces \u00e9changes tr\u00e8s riches, il est ressorti que la collaboration entre agents pastoraux (pr\u00eatres, religieux et religieuses) et la\u00efcs est une n\u00e9cessit\u00e9, en ce sens que l\u2019Eglise est Peuple de Dieu, constitu\u00e9e \u00e0 la base de baptis\u00e9s et que tous sont appel\u00e9s \u00e0 \u0153uvrer ensemble, chacun selon son statut et son charisme, pour l\u2019\u00e9dification du Corps du Christ qu\u2019est l\u2019Eglise, mais aussi, pour faire grandir le Royaume de Dieu sur terre, en transformant leurs milieux de vie et de travail selon la volont\u00e9 de Dieu. Cela va d&rsquo;ailleurs dans le sens de l&rsquo;esprit de la <em>synodalit\u00e9\u00a0 <\/em>pr\u00f4n\u00e9e et promue depuis quelques temps par le Pape Fran\u00e7ois et qui sera au c\u0153ur des discussions du Synode qui aura lieu \u00e0 Rome au mois d&rsquo;octobre prochain. Pour animer la\u00a0 rencontre du presbyterium, c&rsquo;est \u00e0 l&rsquo;Abb\u00e9 Urbain TIENDREBEOGO, de l&rsquo;Archidioc\u00e8se de Ouagadougou (Burkina-Faso) et Secr\u00e9taire de la Commission \u00e9piscopale de la Conf\u00e9rence \u00e9piscopale Burkina-Niger, charg\u00e9e du la\u00efcat, que le dioc\u00e8se a fait appel.<\/p>\n<p>Cette rencontre a \u00e9t\u00e9 aussi l&rsquo;occasion pour les pr\u00eatres de se ressourcer spirituellement et de confier, dans la pri\u00e8re, le Niger au Seigneur.<\/p>\n<p><img loading=\"lazy\" decoding=\"async\" class=\"size-medium wp-image-860 aligncenter\" src=\"http:\/\/eglisecatholiqueniger.org\/wp-content\/uploads\/2023\/03\/APN3868-300x200.jpg\" alt=\"\" width=\"300\" height=\"200\" srcset=\"https:\/\/eglisecatholiqueniger.org\/wp-content\/uploads\/2023\/03\/APN3868-300x200.jpg 300w, https:\/\/eglisecatholiqueniger.org\/wp-content\/uploads\/2023\/03\/APN3868-1024x683.jpg 1024w, https:\/\/eglisecatholiqueniger.org\/wp-content\/uploads\/2023\/03\/APN3868-768x512.jpg 768w, https:\/\/eglisecatholiqueniger.org\/wp-content\/uploads\/2023\/03\/APN3868-1536x1025.jpg 1536w, https:\/\/eglisecatholiqueniger.org\/wp-content\/uploads\/2023\/03\/APN3868-2048x1367.jpg 2048w, https:\/\/eglisecatholiqueniger.org\/wp-content\/uploads\/2023\/03\/APN3868-274x183.jpg 274w, https:\/\/eglisecatholiqueniger.org\/wp-content\/uploads\/2023\/03\/APN3868-80x54.jpg 80w, https:\/\/eglisecatholiqueniger.org\/wp-content\/uploads\/2023\/03\/APN3868-130x87.jpg 130w, https:\/\/eglisecatholiqueniger.org\/wp-content\/uploads\/2023\/03\/APN3868-359x240.jpg 359w, https:\/\/eglisecatholiqueniger.org\/wp-content\/uploads\/2023\/03\/APN3868-85x57.jpg 85w, https:\/\/eglisecatholiqueniger.org\/wp-content\/uploads\/2023\/03\/APN3868-546x365.jpg 546w, https:\/\/eglisecatholiqueniger.org\/wp-content\/uploads\/2023\/03\/APN3868-165x109.jpg 165w, https:\/\/eglisecatholiqueniger.org\/wp-content\/uploads\/2023\/03\/APN3868-347x233.jpg 347w, https:\/\/eglisecatholiqueniger.org\/wp-content\/uploads\/2023\/03\/APN3868-112x75.jpg 112w, https:\/\/eglisecatholiqueniger.org\/wp-content\/uploads\/2023\/03\/APN3868-179x120.jpg 179w, https:\/\/eglisecatholiqueniger.org\/wp-content\/uploads\/2023\/03\/APN3868-170x113.jpg 170w, https:\/\/eglisecatholiqueniger.org\/wp-content\/uploads\/2023\/03\/APN3868-81x55.jpg 81w, https:\/\/eglisecatholiqueniger.org\/wp-content\/uploads\/2023\/03\/APN3868-765x510.jpg 765w\" sizes=\"auto, (max-width: 300px) 100vw, 300px\" \/><\/p>\n<p>A la fin de la rencontre, le jeudi 16 mars, tous se sont rendus \u00e0 la cath\u00e9drale de Niamey pour c\u00e9l\u00e9brer la messe chrismale pr\u00e9sid\u00e9e par l\u2019Archev\u00eaque de Niamey. Les fid\u00e8les la\u00efcs et les consacr\u00e9s ont \u00e9t\u00e9 nombreux \u00e0 faire aussi le d\u00e9placement de la Cath\u00e9drale pour l\u2019\u00e9v\u00e9nement.<\/p>\n<p>Dans son hom\u00e9lie, Mgr Laurent Lompo a rappel\u00e9 \u00ab le contexte d\u2019ins\u00e9curit\u00e9 dans lequel nous vivons \u00bb, avant d\u2019inviter toute la communaut\u00e9 chr\u00e9tienne du dioc\u00e8se \u00e0 conjuguer les efforts pour relever ensemble les d\u00e9fis de l\u2019\u00e9vang\u00e9lisation au Niger. A la fin, il a remerci\u00e9 de vive voix les pr\u00eatres, ses premiers collaborateurs, pour le travail \u00f4 combien signifiant qu\u2019ils accomplissent malgr\u00e9 les difficult\u00e9s de la mission. Il les a ensuite encourag\u00e9s \u00e0 poursuivre leur mission avec joie, courage et g\u00e9n\u00e9rosit\u00e9.<\/p>\n<p>Apr\u00e8s l\u2019hom\u00e9lie, les pr\u00eatres, en cercle autour de l\u2019Archev\u00eaque, ont renouvel\u00e9 leur engagement sacerdotal. Ce fut un moment tr\u00e8s \u00e9mouvant et fraternel.<\/p>\n<p>Notons qu\u2019au cours de la messe, l\u2019Ordinaire de Niamey a b\u00e9ni les huiles (des malades, des cat\u00e9chum\u00e8nes et le Saint Chr\u00eame) qui serviront \u00e0 administrer les diff\u00e9rents sacrements aux fid\u00e8les tout au long de l\u2019ann\u00e9e pastorale. Puis, \u00e0 la fin de la messe, il a renvoy\u00e9 les pr\u00eatres en mission avec les huiles consacr\u00e9es. Ainsi, la messe s\u2019est achev\u00e9e dans une ambiance de ferveur et de joie.<\/p>\n<p><img loading=\"lazy\" decoding=\"async\" class=\"alignnone  wp-image-861\" src=\"http:\/\/eglisecatholiqueniger.org\/wp-content\/uploads\/2023\/03\/APN3962-300x200.jpg\" alt=\"\" width=\"197\" height=\"131\" srcset=\"https:\/\/eglisecatholiqueniger.org\/wp-content\/uploads\/2023\/03\/APN3962-300x200.jpg 300w, https:\/\/eglisecatholiqueniger.org\/wp-content\/uploads\/2023\/03\/APN3962-1024x683.jpg 1024w, https:\/\/eglisecatholiqueniger.org\/wp-content\/uploads\/2023\/03\/APN3962-768x512.jpg 768w, https:\/\/eglisecatholiqueniger.org\/wp-content\/uploads\/2023\/03\/APN3962-1536x1025.jpg 1536w, https:\/\/eglisecatholiqueniger.org\/wp-content\/uploads\/2023\/03\/APN3962-2048x1367.jpg 2048w, https:\/\/eglisecatholiqueniger.org\/wp-content\/uploads\/2023\/03\/APN3962-274x183.jpg 274w, https:\/\/eglisecatholiqueniger.org\/wp-content\/uploads\/2023\/03\/APN3962-80x54.jpg 80w, https:\/\/eglisecatholiqueniger.org\/wp-content\/uploads\/2023\/03\/APN3962-130x87.jpg 130w, https:\/\/eglisecatholiqueniger.org\/wp-content\/uploads\/2023\/03\/APN3962-359x240.jpg 359w, https:\/\/eglisecatholiqueniger.org\/wp-content\/uploads\/2023\/03\/APN3962-85x57.jpg 85w, https:\/\/eglisecatholiqueniger.org\/wp-content\/uploads\/2023\/03\/APN3962-546x365.jpg 546w, https:\/\/eglisecatholiqueniger.org\/wp-content\/uploads\/2023\/03\/APN3962-165x109.jpg 165w, https:\/\/eglisecatholiqueniger.org\/wp-content\/uploads\/2023\/03\/APN3962-347x233.jpg 347w, https:\/\/eglisecatholiqueniger.org\/wp-content\/uploads\/2023\/03\/APN3962-112x75.jpg 112w, https:\/\/eglisecatholiqueniger.org\/wp-content\/uploads\/2023\/03\/APN3962-179x120.jpg 179w, https:\/\/eglisecatholiqueniger.org\/wp-content\/uploads\/2023\/03\/APN3962-170x113.jpg 170w, https:\/\/eglisecatholiqueniger.org\/wp-content\/uploads\/2023\/03\/APN3962-81x55.jpg 81w, https:\/\/eglisecatholiqueniger.org\/wp-content\/uploads\/2023\/03\/APN3962-765x510.jpg 765w\" sizes=\"auto, (max-width: 197px) 100vw, 197px\" \/><img loading=\"lazy\" decoding=\"async\" class=\"alignnone  wp-image-862\" src=\"http:\/\/eglisecatholiqueniger.org\/wp-content\/uploads\/2023\/03\/APN4007-300x200.jpg\" alt=\"\" width=\"198\" height=\"132\" srcset=\"https:\/\/eglisecatholiqueniger.org\/wp-content\/uploads\/2023\/03\/APN4007-300x200.jpg 300w, https:\/\/eglisecatholiqueniger.org\/wp-content\/uploads\/2023\/03\/APN4007-1024x683.jpg 1024w, https:\/\/eglisecatholiqueniger.org\/wp-content\/uploads\/2023\/03\/APN4007-768x512.jpg 768w, https:\/\/eglisecatholiqueniger.org\/wp-content\/uploads\/2023\/03\/APN4007-1536x1025.jpg 1536w, https:\/\/eglisecatholiqueniger.org\/wp-content\/uploads\/2023\/03\/APN4007-2048x1367.jpg 2048w, https:\/\/eglisecatholiqueniger.org\/wp-content\/uploads\/2023\/03\/APN4007-274x183.jpg 274w, https:\/\/eglisecatholiqueniger.org\/wp-content\/uploads\/2023\/03\/APN4007-364x245.jpg 364w, https:\/\/eglisecatholiqueniger.org\/wp-content\/uploads\/2023\/03\/APN4007-80x54.jpg 80w, https:\/\/eglisecatholiqueniger.org\/wp-content\/uploads\/2023\/03\/APN4007-130x87.jpg 130w, https:\/\/eglisecatholiqueniger.org\/wp-content\/uploads\/2023\/03\/APN4007-359x240.jpg 359w, https:\/\/eglisecatholiqueniger.org\/wp-content\/uploads\/2023\/03\/APN4007-85x57.jpg 85w, https:\/\/eglisecatholiqueniger.org\/wp-content\/uploads\/2023\/03\/APN4007-546x365.jpg 546w, https:\/\/eglisecatholiqueniger.org\/wp-content\/uploads\/2023\/03\/APN4007-266x179.jpg 266w, https:\/\/eglisecatholiqueniger.org\/wp-content\/uploads\/2023\/03\/APN4007-165x109.jpg 165w, https:\/\/eglisecatholiqueniger.org\/wp-content\/uploads\/2023\/03\/APN4007-347x233.jpg 347w, https:\/\/eglisecatholiqueniger.org\/wp-content\/uploads\/2023\/03\/APN4007-112x75.jpg 112w, https:\/\/eglisecatholiqueniger.org\/wp-content\/uploads\/2023\/03\/APN4007-179x120.jpg 179w, https:\/\/eglisecatholiqueniger.org\/wp-content\/uploads\/2023\/03\/APN4007-170x113.jpg 170w, https:\/\/eglisecatholiqueniger.org\/wp-content\/uploads\/2023\/03\/APN4007-81x55.jpg 81w, https:\/\/eglisecatholiqueniger.org\/wp-content\/uploads\/2023\/03\/APN4007-765x510.jpg 765w\" sizes=\"auto, (max-width: 198px) 100vw, 198px\" \/><img loading=\"lazy\" decoding=\"async\" class=\"alignnone  wp-image-863\" src=\"http:\/\/eglisecatholiqueniger.org\/wp-content\/uploads\/2023\/03\/APN4075-300x200.jpg\" alt=\"\" width=\"198\" height=\"132\" srcset=\"https:\/\/eglisecatholiqueniger.org\/wp-content\/uploads\/2023\/03\/APN4075-300x200.jpg 300w, https:\/\/eglisecatholiqueniger.org\/wp-content\/uploads\/2023\/03\/APN4075-1024x683.jpg 1024w, https:\/\/eglisecatholiqueniger.org\/wp-content\/uploads\/2023\/03\/APN4075-768x512.jpg 768w, https:\/\/eglisecatholiqueniger.org\/wp-content\/uploads\/2023\/03\/APN4075-1536x1025.jpg 1536w, https:\/\/eglisecatholiqueniger.org\/wp-content\/uploads\/2023\/03\/APN4075-2048x1367.jpg 2048w, https:\/\/eglisecatholiqueniger.org\/wp-content\/uploads\/2023\/03\/APN4075-274x183.jpg 274w, https:\/\/eglisecatholiqueniger.org\/wp-content\/uploads\/2023\/03\/APN4075-364x245.jpg 364w, https:\/\/eglisecatholiqueniger.org\/wp-content\/uploads\/2023\/03\/APN4075-80x54.jpg 80w, https:\/\/eglisecatholiqueniger.org\/wp-content\/uploads\/2023\/03\/APN4075-130x87.jpg 130w, https:\/\/eglisecatholiqueniger.org\/wp-content\/uploads\/2023\/03\/APN4075-359x240.jpg 359w, https:\/\/eglisecatholiqueniger.org\/wp-content\/uploads\/2023\/03\/APN4075-85x57.jpg 85w, https:\/\/eglisecatholiqueniger.org\/wp-content\/uploads\/2023\/03\/APN4075-546x365.jpg 546w, https:\/\/eglisecatholiqueniger.org\/wp-content\/uploads\/2023\/03\/APN4075-266x179.jpg 266w, https:\/\/eglisecatholiqueniger.org\/wp-content\/uploads\/2023\/03\/APN4075-165x109.jpg 165w, https:\/\/eglisecatholiqueniger.org\/wp-content\/uploads\/2023\/03\/APN4075-347x233.jpg 347w, https:\/\/eglisecatholiqueniger.org\/wp-content\/uploads\/2023\/03\/APN4075-112x75.jpg 112w, https:\/\/eglisecatholiqueniger.org\/wp-content\/uploads\/2023\/03\/APN4075-179x120.jpg 179w, https:\/\/eglisecatholiqueniger.org\/wp-content\/uploads\/2023\/03\/APN4075-170x113.jpg 170w, https:\/\/eglisecatholiqueniger.org\/wp-content\/uploads\/2023\/03\/APN4075-81x55.jpg 81w, https:\/\/eglisecatholiqueniger.org\/wp-content\/uploads\/2023\/03\/APN4075-765x510.jpg 765w\" sizes=\"auto, (max-width: 198px) 100vw, 198px\" \/><\/p>\n","protected":false},"excerpt":{"rendered":"<p>Les pr\u00eatres de\u00a0 l\u2019Archidioc\u00e8se de Niamey se sont retrouv\u00e9s au Centre Silo\u00e9, du 14 au 16 mars 2023, pour leur traditionnelle rencontre appel\u00e9e \u00ab\u00a0presbyterium\u00a0\u00bb. Le th\u00e8me autour duquel furent men\u00e9es &#8230;<\/p>\n","protected":false},"author":1,"featured_media":0,"comment_status":"open","ping_status":"open","sticky":false,"template":"","format":"standard","meta":{"footnotes":""},"categories":[1],"tags":[],"class_list":["post-858","post","type-post","status-publish","format-standard","category-non-classe"],"_links":{"self":[{"href":"https:\/\/eglisecatholiqueniger.org\/index.php\/wp-json\/wp\/v2\/posts\/858","targetHints":{"allow":["GET"]}}],"collection":[{"href":"https:\/\/eglisecatholiqueniger.org\/index.php\/wp-json\/wp\/v2\/posts"}],"about":[{"href":"https:\/\/eglisecatholiqueniger.org\/index.php\/wp-json\/wp\/v2\/types\/post"}],"author":[{"embeddable":true,"href":"https:\/\/eglisecatholiqueniger.org\/index.php\/wp-json\/wp\/v2\/users\/1"}],"replies":[{"embeddable":true,"href":"https:\/\/eglisecatholiqueniger.org\/index.php\/wp-json\/wp\/v2\/comments?post=858"}],"version-history":[{"count":2,"href":"https:\/\/eglisecatholiqueniger.org\/index.php\/wp-json\/wp\/v2\/posts\/858\/revisions"}],"predecessor-version":[{"id":865,"href":"https:\/\/eglisecatholiqueniger.org\/index.php\/wp-json\/wp\/v2\/posts\/858\/revisions\/865"}],"wp:attachment":[{"href":"https:\/\/eglisecatholiqueniger.org\/index.php\/wp-json\/wp\/v2\/media?parent=858"}],"wp:term":[{"taxonomy":"category","embeddable":true,"href":"https:\/\/eglisecatholiqueniger.org\/index.php\/wp-json\/wp\/v2\/categories?post=858"},{"taxonomy":"post_tag","embeddable":true,"href":"https:\/\/eglisecatholiqueniger.org\/index.php\/wp-json\/wp\/v2\/tags?post=858"}],"curies":[{"name":"wp","href":"https:\/\/api.w.org\/{rel}","templated":true}]}}