{"id":889,"date":"2023-04-09T16:31:33","date_gmt":"2023-04-09T14:31:33","guid":{"rendered":"https:\/\/eglisecatholiqueniger.org\/?p=889"},"modified":"2023-04-09T16:31:33","modified_gmt":"2023-04-09T14:31:33","slug":"veillee-pascale-2023","status":"publish","type":"post","link":"https:\/\/eglisecatholiqueniger.org\/index.php\/2023\/04\/09\/veillee-pascale-2023\/","title":{"rendered":"Veill\u00e9e pascale 2023"},"content":{"rendered":"<p><img loading=\"lazy\" decoding=\"async\" class=\"alignnone  wp-image-894\" src=\"http:\/\/eglisecatholiqueniger.org\/wp-content\/uploads\/2023\/04\/Paques23.001-300x200.jpg\" alt=\"\" width=\"248\" height=\"165\" srcset=\"https:\/\/eglisecatholiqueniger.org\/wp-content\/uploads\/2023\/04\/Paques23.001-300x200.jpg 300w, https:\/\/eglisecatholiqueniger.org\/wp-content\/uploads\/2023\/04\/Paques23.001-768x513.jpg 768w, https:\/\/eglisecatholiqueniger.org\/wp-content\/uploads\/2023\/04\/Paques23.001-274x183.jpg 274w, https:\/\/eglisecatholiqueniger.org\/wp-content\/uploads\/2023\/04\/Paques23.001-80x54.jpg 80w, https:\/\/eglisecatholiqueniger.org\/wp-content\/uploads\/2023\/04\/Paques23.001-130x87.jpg 130w, https:\/\/eglisecatholiqueniger.org\/wp-content\/uploads\/2023\/04\/Paques23.001-359x240.jpg 359w, https:\/\/eglisecatholiqueniger.org\/wp-content\/uploads\/2023\/04\/Paques23.001-85x57.jpg 85w, https:\/\/eglisecatholiqueniger.org\/wp-content\/uploads\/2023\/04\/Paques23.001-546x365.jpg 546w, https:\/\/eglisecatholiqueniger.org\/wp-content\/uploads\/2023\/04\/Paques23.001-165x109.jpg 165w, https:\/\/eglisecatholiqueniger.org\/wp-content\/uploads\/2023\/04\/Paques23.001-112x75.jpg 112w, https:\/\/eglisecatholiqueniger.org\/wp-content\/uploads\/2023\/04\/Paques23.001-179x120.jpg 179w, https:\/\/eglisecatholiqueniger.org\/wp-content\/uploads\/2023\/04\/Paques23.001-170x113.jpg 170w, https:\/\/eglisecatholiqueniger.org\/wp-content\/uploads\/2023\/04\/Paques23.001-81x55.jpg 81w, https:\/\/eglisecatholiqueniger.org\/wp-content\/uploads\/2023\/04\/Paques23.001-765x510.jpg 765w, https:\/\/eglisecatholiqueniger.org\/wp-content\/uploads\/2023\/04\/Paques23.001.jpg 800w\" sizes=\"auto, (max-width: 248px) 100vw, 248px\" \/><\/p>\n<p>La nuit du 8 avril 2023 a connu la c\u00e9l\u00e9bration de la vigile pascale dans l\u2019\u00c9glise catholique du Niger. A la Cath\u00e9drale Notre dame du perp\u00e9tuel secours, cette vigile pascale a \u00e9t\u00e9 c\u00e9l\u00e9br\u00e9e par \u00a0l\u2019Archev\u00eaque Mgr Laurent LOMPO, entour\u00e9 de nombreux conc\u00e9l\u00e9brant. De la liturgie de la lumi\u00e8re \u00e0 celle eucharistique en passant par l\u2019\u00e9coute de la parole de Dieu et l\u2019administration des sacrements, ce fut une c\u00e9l\u00e9bration d\u2019une vigile pascale riche en symboles et en couleurs, que les fid\u00e8les de la paroisse cath\u00e9drale notre dame du perp\u00e9tuel secours de Niamey \u00a0ont assist\u00e9 dans la nuit du 8 avril 2023.\u00a0La pr\u00e9sence du cierge\u00a0 pascal est le signe visible du Christ, lumi\u00e8re qui a jailli du tombeau. Et c\u00e9l\u00e9brer P\u00e2ques c\u2019est quitter les t\u00e9n\u00e8bres de nos vies, pour entrer dans la vie nouvelle qui est celle du chr\u00e9tien. Et pour accueillir la lumi\u00e8re de P\u00e2ques, il faut nous d\u00e9barrasser des \u0153uvres des t\u00e9n\u00e8bres.<\/p>\n<p>&nbsp;<\/p>\n<p><img loading=\"lazy\" decoding=\"async\" class=\"alignnone  wp-image-901\" src=\"http:\/\/eglisecatholiqueniger.org\/wp-content\/uploads\/2023\/04\/Paques23.0011-300x200.jpg\" alt=\"\" width=\"210\" height=\"140\" srcset=\"https:\/\/eglisecatholiqueniger.org\/wp-content\/uploads\/2023\/04\/Paques23.0011-300x200.jpg 300w, https:\/\/eglisecatholiqueniger.org\/wp-content\/uploads\/2023\/04\/Paques23.0011-274x183.jpg 274w, https:\/\/eglisecatholiqueniger.org\/wp-content\/uploads\/2023\/04\/Paques23.0011-364x245.jpg 364w, https:\/\/eglisecatholiqueniger.org\/wp-content\/uploads\/2023\/04\/Paques23.0011-80x54.jpg 80w, https:\/\/eglisecatholiqueniger.org\/wp-content\/uploads\/2023\/04\/Paques23.0011-130x87.jpg 130w, https:\/\/eglisecatholiqueniger.org\/wp-content\/uploads\/2023\/04\/Paques23.0011-359x240.jpg 359w, https:\/\/eglisecatholiqueniger.org\/wp-content\/uploads\/2023\/04\/Paques23.0011-85x57.jpg 85w, https:\/\/eglisecatholiqueniger.org\/wp-content\/uploads\/2023\/04\/Paques23.0011-546x365.jpg 546w, https:\/\/eglisecatholiqueniger.org\/wp-content\/uploads\/2023\/04\/Paques23.0011-266x179.jpg 266w, https:\/\/eglisecatholiqueniger.org\/wp-content\/uploads\/2023\/04\/Paques23.0011-165x109.jpg 165w, https:\/\/eglisecatholiqueniger.org\/wp-content\/uploads\/2023\/04\/Paques23.0011-347x233.jpg 347w, https:\/\/eglisecatholiqueniger.org\/wp-content\/uploads\/2023\/04\/Paques23.0011-112x75.jpg 112w, https:\/\/eglisecatholiqueniger.org\/wp-content\/uploads\/2023\/04\/Paques23.0011-179x120.jpg 179w, https:\/\/eglisecatholiqueniger.org\/wp-content\/uploads\/2023\/04\/Paques23.0011-170x113.jpg 170w, https:\/\/eglisecatholiqueniger.org\/wp-content\/uploads\/2023\/04\/Paques23.0011-81x55.jpg 81w, https:\/\/eglisecatholiqueniger.org\/wp-content\/uploads\/2023\/04\/Paques23.0011-765x510.jpg 765w, https:\/\/eglisecatholiqueniger.org\/wp-content\/uploads\/2023\/04\/Paques23.0011.jpg 640w\" sizes=\"auto, (max-width: 210px) 100vw, 210px\" \/><img loading=\"lazy\" decoding=\"async\" class=\"alignnone  wp-image-898\" src=\"http:\/\/eglisecatholiqueniger.org\/wp-content\/uploads\/2023\/04\/APN4854-300x200.jpg\" alt=\"\" width=\"206\" height=\"137\" srcset=\"https:\/\/eglisecatholiqueniger.org\/wp-content\/uploads\/2023\/04\/APN4854-300x200.jpg 300w, https:\/\/eglisecatholiqueniger.org\/wp-content\/uploads\/2023\/04\/APN4854-274x183.jpg 274w, https:\/\/eglisecatholiqueniger.org\/wp-content\/uploads\/2023\/04\/APN4854-80x54.jpg 80w, https:\/\/eglisecatholiqueniger.org\/wp-content\/uploads\/2023\/04\/APN4854-130x87.jpg 130w, https:\/\/eglisecatholiqueniger.org\/wp-content\/uploads\/2023\/04\/APN4854-359x240.jpg 359w, https:\/\/eglisecatholiqueniger.org\/wp-content\/uploads\/2023\/04\/APN4854-85x57.jpg 85w, https:\/\/eglisecatholiqueniger.org\/wp-content\/uploads\/2023\/04\/APN4854-546x365.jpg 546w, https:\/\/eglisecatholiqueniger.org\/wp-content\/uploads\/2023\/04\/APN4854-165x109.jpg 165w, https:\/\/eglisecatholiqueniger.org\/wp-content\/uploads\/2023\/04\/APN4854-347x233.jpg 347w, https:\/\/eglisecatholiqueniger.org\/wp-content\/uploads\/2023\/04\/APN4854-112x75.jpg 112w, https:\/\/eglisecatholiqueniger.org\/wp-content\/uploads\/2023\/04\/APN4854-179x120.jpg 179w, https:\/\/eglisecatholiqueniger.org\/wp-content\/uploads\/2023\/04\/APN4854-170x113.jpg 170w, https:\/\/eglisecatholiqueniger.org\/wp-content\/uploads\/2023\/04\/APN4854-81x55.jpg 81w, https:\/\/eglisecatholiqueniger.org\/wp-content\/uploads\/2023\/04\/APN4854-765x510.jpg 765w, https:\/\/eglisecatholiqueniger.org\/wp-content\/uploads\/2023\/04\/APN4854.jpg 640w\" sizes=\"auto, (max-width: 206px) 100vw, 206px\" \/><\/p>\n<p><img loading=\"lazy\" decoding=\"async\" class=\"alignnone  wp-image-900\" src=\"http:\/\/eglisecatholiqueniger.org\/wp-content\/uploads\/2023\/04\/Paques23.0012-300x200.jpg\" alt=\"\" width=\"215\" height=\"143\" srcset=\"https:\/\/eglisecatholiqueniger.org\/wp-content\/uploads\/2023\/04\/Paques23.0012-300x200.jpg 300w, https:\/\/eglisecatholiqueniger.org\/wp-content\/uploads\/2023\/04\/Paques23.0012-274x183.jpg 274w, https:\/\/eglisecatholiqueniger.org\/wp-content\/uploads\/2023\/04\/Paques23.0012-80x54.jpg 80w, https:\/\/eglisecatholiqueniger.org\/wp-content\/uploads\/2023\/04\/Paques23.0012-130x87.jpg 130w, https:\/\/eglisecatholiqueniger.org\/wp-content\/uploads\/2023\/04\/Paques23.0012-359x240.jpg 359w, https:\/\/eglisecatholiqueniger.org\/wp-content\/uploads\/2023\/04\/Paques23.0012-85x57.jpg 85w, https:\/\/eglisecatholiqueniger.org\/wp-content\/uploads\/2023\/04\/Paques23.0012-546x365.jpg 546w, https:\/\/eglisecatholiqueniger.org\/wp-content\/uploads\/2023\/04\/Paques23.0012-165x109.jpg 165w, https:\/\/eglisecatholiqueniger.org\/wp-content\/uploads\/2023\/04\/Paques23.0012-347x233.jpg 347w, https:\/\/eglisecatholiqueniger.org\/wp-content\/uploads\/2023\/04\/Paques23.0012-112x75.jpg 112w, https:\/\/eglisecatholiqueniger.org\/wp-content\/uploads\/2023\/04\/Paques23.0012-179x120.jpg 179w, https:\/\/eglisecatholiqueniger.org\/wp-content\/uploads\/2023\/04\/Paques23.0012-170x113.jpg 170w, https:\/\/eglisecatholiqueniger.org\/wp-content\/uploads\/2023\/04\/Paques23.0012-81x55.jpg 81w, https:\/\/eglisecatholiqueniger.org\/wp-content\/uploads\/2023\/04\/Paques23.0012-765x510.jpg 765w, https:\/\/eglisecatholiqueniger.org\/wp-content\/uploads\/2023\/04\/Paques23.0012.jpg 640w\" sizes=\"auto, (max-width: 215px) 100vw, 215px\" \/><img loading=\"lazy\" decoding=\"async\" class=\"alignnone  wp-image-896\" src=\"http:\/\/eglisecatholiqueniger.org\/wp-content\/uploads\/2023\/04\/APN4762-300x200.jpg\" alt=\"\" width=\"216\" height=\"144\" srcset=\"https:\/\/eglisecatholiqueniger.org\/wp-content\/uploads\/2023\/04\/APN4762-300x200.jpg 300w, https:\/\/eglisecatholiqueniger.org\/wp-content\/uploads\/2023\/04\/APN4762-274x183.jpg 274w, https:\/\/eglisecatholiqueniger.org\/wp-content\/uploads\/2023\/04\/APN4762-364x245.jpg 364w, https:\/\/eglisecatholiqueniger.org\/wp-content\/uploads\/2023\/04\/APN4762-80x54.jpg 80w, https:\/\/eglisecatholiqueniger.org\/wp-content\/uploads\/2023\/04\/APN4762-130x87.jpg 130w, https:\/\/eglisecatholiqueniger.org\/wp-content\/uploads\/2023\/04\/APN4762-359x240.jpg 359w, https:\/\/eglisecatholiqueniger.org\/wp-content\/uploads\/2023\/04\/APN4762-85x57.jpg 85w, https:\/\/eglisecatholiqueniger.org\/wp-content\/uploads\/2023\/04\/APN4762-546x365.jpg 546w, https:\/\/eglisecatholiqueniger.org\/wp-content\/uploads\/2023\/04\/APN4762-266x179.jpg 266w, https:\/\/eglisecatholiqueniger.org\/wp-content\/uploads\/2023\/04\/APN4762-165x109.jpg 165w, https:\/\/eglisecatholiqueniger.org\/wp-content\/uploads\/2023\/04\/APN4762-347x233.jpg 347w, https:\/\/eglisecatholiqueniger.org\/wp-content\/uploads\/2023\/04\/APN4762-112x75.jpg 112w, https:\/\/eglisecatholiqueniger.org\/wp-content\/uploads\/2023\/04\/APN4762-179x120.jpg 179w, https:\/\/eglisecatholiqueniger.org\/wp-content\/uploads\/2023\/04\/APN4762-170x113.jpg 170w, https:\/\/eglisecatholiqueniger.org\/wp-content\/uploads\/2023\/04\/APN4762-81x55.jpg 81w, https:\/\/eglisecatholiqueniger.org\/wp-content\/uploads\/2023\/04\/APN4762-765x510.jpg 765w, https:\/\/eglisecatholiqueniger.org\/wp-content\/uploads\/2023\/04\/APN4762.jpg 640w\" sizes=\"auto, (max-width: 216px) 100vw, 216px\" \/><\/p>\n<p>&nbsp;<\/p>\n<p>&nbsp;<\/p>\n<p>&nbsp;<\/p>\n","protected":false},"excerpt":{"rendered":"<p>La nuit du 8 avril 2023 a connu la c\u00e9l\u00e9bration de la vigile pascale dans l\u2019\u00c9glise catholique du Niger. A la Cath\u00e9drale Notre dame du perp\u00e9tuel secours, cette vigile pascale &#8230;<\/p>\n","protected":false},"author":1,"featured_media":0,"comment_status":"open","ping_status":"open","sticky":false,"template":"","format":"standard","meta":{"footnotes":""},"categories":[1],"tags":[],"class_list":["post-889","post","type-post","status-publish","format-standard","category-non-classe"],"_links":{"self":[{"href":"https:\/\/eglisecatholiqueniger.org\/index.php\/wp-json\/wp\/v2\/posts\/889","targetHints":{"allow":["GET"]}}],"collection":[{"href":"https:\/\/eglisecatholiqueniger.org\/index.php\/wp-json\/wp\/v2\/posts"}],"about":[{"href":"https:\/\/eglisecatholiqueniger.org\/index.php\/wp-json\/wp\/v2\/types\/post"}],"author":[{"embeddable":true,"href":"https:\/\/eglisecatholiqueniger.org\/index.php\/wp-json\/wp\/v2\/users\/1"}],"replies":[{"embeddable":true,"href":"https:\/\/eglisecatholiqueniger.org\/index.php\/wp-json\/wp\/v2\/comments?post=889"}],"version-history":[{"count":17,"href":"https:\/\/eglisecatholiqueniger.org\/index.php\/wp-json\/wp\/v2\/posts\/889\/revisions"}],"predecessor-version":[{"id":917,"href":"https:\/\/eglisecatholiqueniger.org\/index.php\/wp-json\/wp\/v2\/posts\/889\/revisions\/917"}],"wp:attachment":[{"href":"https:\/\/eglisecatholiqueniger.org\/index.php\/wp-json\/wp\/v2\/media?parent=889"}],"wp:term":[{"taxonomy":"category","embeddable":true,"href":"https:\/\/eglisecatholiqueniger.org\/index.php\/wp-json\/wp\/v2\/categories?post=889"},{"taxonomy":"post_tag","embeddable":true,"href":"https:\/\/eglisecatholiqueniger.org\/index.php\/wp-json\/wp\/v2\/tags?post=889"}],"curies":[{"name":"wp","href":"https:\/\/api.w.org\/{rel}","templated":true}]}}