{"id":918,"date":"2023-04-09T17:08:03","date_gmt":"2023-04-09T15:08:03","guid":{"rendered":"https:\/\/eglisecatholiqueniger.org\/?p=918"},"modified":"2023-04-09T17:08:03","modified_gmt":"2023-04-09T15:08:03","slug":"voeux-des-eveques-catholiques-pour-paques","status":"publish","type":"post","link":"https:\/\/eglisecatholiqueniger.org\/index.php\/2023\/04\/09\/voeux-des-eveques-catholiques-pour-paques\/","title":{"rendered":"V\u0152UX DES \u00c9V\u00caQUES CATHOLIQUES POUR P\u00c2QUES"},"content":{"rendered":"<p><img loading=\"lazy\" decoding=\"async\" class=\"wp-image-895 alignleft\" src=\"http:\/\/eglisecatholiqueniger.org\/wp-content\/uploads\/2023\/04\/APN4847-300x200.jpg\" alt=\"\" width=\"171\" height=\"114\" srcset=\"https:\/\/eglisecatholiqueniger.org\/wp-content\/uploads\/2023\/04\/APN4847-300x200.jpg 300w, https:\/\/eglisecatholiqueniger.org\/wp-content\/uploads\/2023\/04\/APN4847-274x183.jpg 274w, https:\/\/eglisecatholiqueniger.org\/wp-content\/uploads\/2023\/04\/APN4847-364x245.jpg 364w, https:\/\/eglisecatholiqueniger.org\/wp-content\/uploads\/2023\/04\/APN4847-80x54.jpg 80w, https:\/\/eglisecatholiqueniger.org\/wp-content\/uploads\/2023\/04\/APN4847-130x87.jpg 130w, https:\/\/eglisecatholiqueniger.org\/wp-content\/uploads\/2023\/04\/APN4847-359x240.jpg 359w, https:\/\/eglisecatholiqueniger.org\/wp-content\/uploads\/2023\/04\/APN4847-85x57.jpg 85w, https:\/\/eglisecatholiqueniger.org\/wp-content\/uploads\/2023\/04\/APN4847-546x365.jpg 546w, https:\/\/eglisecatholiqueniger.org\/wp-content\/uploads\/2023\/04\/APN4847-266x179.jpg 266w, https:\/\/eglisecatholiqueniger.org\/wp-content\/uploads\/2023\/04\/APN4847-165x109.jpg 165w, https:\/\/eglisecatholiqueniger.org\/wp-content\/uploads\/2023\/04\/APN4847-347x233.jpg 347w, https:\/\/eglisecatholiqueniger.org\/wp-content\/uploads\/2023\/04\/APN4847-112x75.jpg 112w, https:\/\/eglisecatholiqueniger.org\/wp-content\/uploads\/2023\/04\/APN4847-179x120.jpg 179w, https:\/\/eglisecatholiqueniger.org\/wp-content\/uploads\/2023\/04\/APN4847-170x113.jpg 170w, https:\/\/eglisecatholiqueniger.org\/wp-content\/uploads\/2023\/04\/APN4847-81x55.jpg 81w, https:\/\/eglisecatholiqueniger.org\/wp-content\/uploads\/2023\/04\/APN4847-765x510.jpg 765w, https:\/\/eglisecatholiqueniger.org\/wp-content\/uploads\/2023\/04\/APN4847.jpg 640w\" sizes=\"auto, (max-width: 171px) 100vw, 171px\" \/>\u00a0 Comme nous avons coutume de le faire, Mgr Ambroise OUEDRAOGO, \u00c9v\u00eaque de Maradi et moi-m\u00eame, sommes heureux de souhaiter une bonne f\u00eate de P\u00e2ques \u00e0 toutes les familles chr\u00e9tiennes et nos amis musulmans en ce mois de Ramadan.<\/p>\n<p>Notre foi de chr\u00e9tiens est fond\u00e9e sur la R\u00e9surrection du Christ Lumi\u00e8re. C\u2019est pourquoi pour nous chr\u00e9tiens, P\u00e2ques n\u2019est pas seulement qu\u2019une f\u00eate\u00a0; c\u2019est la F\u00eate des f\u00eates. Elle nous rappelle bien, que notre vie d\u2019hommes et de croyants, dans les moments d\u2019\u00e9preuves, n\u2019est pas vou\u00e9e \u00e0 l\u2019\u00e9chec, mais qu\u2019elle est plut\u00f4t orient\u00e9e vers la victoire. Car, le Christ, en sortant vivant du tombeau, a vaincu le mal. C\u2019est fort de cela que P\u00e2ques est donc la f\u00eate de l\u2019Esp\u00e9rance.<\/p>\n<p>Cela nous rassure en ces moments o\u00f9 les pays du sahel font face \u00e0 une ins\u00e9curit\u00e9 g\u00e9n\u00e9ralis\u00e9e entrainant un d\u00e9placement massif des populations rurales vers les villes en qu\u00eate de paix.<\/p>\n<p>Que la lumi\u00e8re du Christ ressuscit\u00e9 chasse loin de nous les t\u00e9n\u00e8bres de l\u2019orgueil, de l\u2019\u00e9go\u00efsme, de la haine, de l\u2019injustice et de l\u2019indiff\u00e9rence face \u00e0 la souffrance des autres autour de nous.<\/p>\n<p>Que les gr\u00e2ces de la c\u00e9l\u00e9bration de P\u00e2ques renouvellent nos vies personnelles, familiales et sociales ; qu\u2019elles inspirent et dirigent nos actions ; qu\u2019elles soutiennent nos efforts pour plus de justice, de fraternit\u00e9 et de paix dans notre pays le Niger.\u00a0\u00a0\u00a0\u00a0\u00a0\u00a0\u00a0\u00a0\u00a0\u00a0\u00a0\u00a0\u00a0\u00a0\u00a0\u00a0\u00a0\u00a0\u00a0\u00a0\u00a0\u00a0\u00a0\u00a0\u00a0\u00a0\u00a0\u00a0\u00a0\u00a0\u00a0\u00a0\u00a0\u00a0\u00a0\u00a0\u00a0\u00a0\u00a0\u00a0\u00a0\u00a0\u00a0\u00a0\u00a0\u00a0\u00a0\u00a0\u00a0\u00a0\u00a0\u00a0\u00a0\u00a0\u00a0\u00a0\u00a0\u00a0\u00a0\u00a0\u00a0\u00a0\u00a0 <em>Bonne et heureuse f\u00eate de P\u00e2ques \u00e0 toutes et \u00e0 tous\u00a0!<\/em><\/p>\n<p>Fait \u00e0 Niamey, le 09 Avril 2023<\/p>\n<p>&nbsp;<\/p>\n<p>Mgr Laurent D. OUNTEINI LOMPO, Archev\u00eaque de Niamey\u00a0\u00a0\u00a0 \u00a0 \u00a0 \u00a0 \u00a0 \u00a0 \u00a0 \u00a0 \u00a0 \u00a0 \u00a0 \u00a0 \u00a0 \u00a0 \u00a0 \u00a0 \u00a0 \u00a0 \u00a0 \u00a0 \u00a0 \u00a0 \u00a0 \u00a0 \u00a0 \u00a0\u00a0 \u00a0\u00a0 Mgr Ambroise OUEDRAOGO, \u00c9v\u00eaque de Maradi<\/p>\n","protected":false},"excerpt":{"rendered":"<p>\u00a0 Comme nous avons coutume de le faire, Mgr Ambroise OUEDRAOGO, \u00c9v\u00eaque de Maradi et moi-m\u00eame, sommes heureux de souhaiter une bonne f\u00eate de P\u00e2ques \u00e0 toutes les familles chr\u00e9tiennes &#8230;<\/p>\n","protected":false},"author":1,"featured_media":0,"comment_status":"open","ping_status":"open","sticky":false,"template":"","format":"standard","meta":{"footnotes":""},"categories":[1],"tags":[],"class_list":["post-918","post","type-post","status-publish","format-standard","category-non-classe"],"_links":{"self":[{"href":"https:\/\/eglisecatholiqueniger.org\/index.php\/wp-json\/wp\/v2\/posts\/918","targetHints":{"allow":["GET"]}}],"collection":[{"href":"https:\/\/eglisecatholiqueniger.org\/index.php\/wp-json\/wp\/v2\/posts"}],"about":[{"href":"https:\/\/eglisecatholiqueniger.org\/index.php\/wp-json\/wp\/v2\/types\/post"}],"author":[{"embeddable":true,"href":"https:\/\/eglisecatholiqueniger.org\/index.php\/wp-json\/wp\/v2\/users\/1"}],"replies":[{"embeddable":true,"href":"https:\/\/eglisecatholiqueniger.org\/index.php\/wp-json\/wp\/v2\/comments?post=918"}],"version-history":[{"count":12,"href":"https:\/\/eglisecatholiqueniger.org\/index.php\/wp-json\/wp\/v2\/posts\/918\/revisions"}],"predecessor-version":[{"id":930,"href":"https:\/\/eglisecatholiqueniger.org\/index.php\/wp-json\/wp\/v2\/posts\/918\/revisions\/930"}],"wp:attachment":[{"href":"https:\/\/eglisecatholiqueniger.org\/index.php\/wp-json\/wp\/v2\/media?parent=918"}],"wp:term":[{"taxonomy":"category","embeddable":true,"href":"https:\/\/eglisecatholiqueniger.org\/index.php\/wp-json\/wp\/v2\/categories?post=918"},{"taxonomy":"post_tag","embeddable":true,"href":"https:\/\/eglisecatholiqueniger.org\/index.php\/wp-json\/wp\/v2\/tags?post=918"}],"curies":[{"name":"wp","href":"https:\/\/api.w.org\/{rel}","templated":true}]}}