{"id":934,"date":"2023-04-25T12:28:12","date_gmt":"2023-04-25T10:28:12","guid":{"rendered":"https:\/\/eglisecatholiqueniger.org\/?p=934"},"modified":"2023-04-25T12:28:12","modified_gmt":"2023-04-25T10:28:12","slug":"message-des-eveques-du-niger-aux-communautes-musulmanes-pour-la-fin-du-ramadan-2023-21-avril-2023","status":"publish","type":"post","link":"https:\/\/eglisecatholiqueniger.org\/index.php\/2023\/04\/25\/message-des-eveques-du-niger-aux-communautes-musulmanes-pour-la-fin-du-ramadan-2023-21-avril-2023\/","title":{"rendered":"MESSAGE DES EV\u00caQUES DU NIGER AUX COMMUNAUTES MUSULMANES POUR  LA FIN DU RAMADAN 2023  (21 Avril 2023)"},"content":{"rendered":"<p>Chers fr\u00e8res et s\u0153urs musulmans,<\/p>\n<p>&nbsp;<\/p>\n<p>&nbsp;<\/p>\n<p>Au nom des \u00c9v\u00eaques<img loading=\"lazy\" decoding=\"async\" class=\"wp-image-935 alignleft\" src=\"http:\/\/eglisecatholiqueniger.org\/wp-content\/uploads\/2023\/04\/logo-300x213.png\" alt=\"\" width=\"155\" height=\"110\" srcset=\"https:\/\/eglisecatholiqueniger.org\/wp-content\/uploads\/2023\/04\/logo-300x213.png 300w, https:\/\/eglisecatholiqueniger.org\/wp-content\/uploads\/2023\/04\/logo-768x544.png 768w, https:\/\/eglisecatholiqueniger.org\/wp-content\/uploads\/2023\/04\/logo.png 851w\" sizes=\"auto, (max-width: 155px) 100vw, 155px\" \/> du Niger, je vous adresse ce message d\u2019amiti\u00e9 \u00e0 l\u2019occasion de la f\u00eate de Ramadan.<\/p>\n<p>Nul doute que le mois de Ramadan que vous avez v\u00e9cu fut un temps de pri\u00e8res, de mortification et de r\u00e9flexion sur la situation difficile que traverse les pays du Sahel au sujet de l\u2019ins\u00e9curit\u00e9.<\/p>\n<p>Comme croyants au Dieu unique vivants au Niger, musulmans et chr\u00e9tiens, nous sommes tous appel\u00e9s \u00e0 marcher sur le chemin de la bont\u00e9 et de la compassion \u00e0 l\u2019endroit des familles d\u00e9plac\u00e9es sans le strict minimum vital. A l\u2019exemple de Dieu qui est riche en mis\u00e9ricorde, soyons tous des acteurs de pardon, de r\u00e9conciliation et de paix au nom de notre foi.<\/p>\n<p>Nous prions pour que ce temps de sacrifice que vous avez accompli avec sinc\u00e9rit\u00e9, ouvre des chemins neufs qui vous engagent \u00e0 \u00eatre plus conformes \u00e0 la volont\u00e9 de Dieu, Grand et Mis\u00e9ricordieux.<\/p>\n<p>Que la paix de Dieu descende sur tous les fils et filles du Niger\u00a0!<\/p>\n<p>Bonne f\u00eate \u00e0 tous et \u00e0 toutes\u00a0!<\/p>\n<p>Mgr Laurent LOMPO, Archev\u00eaque de Niamey<\/p>\n<p>Mgr Ambroise OUEDRAOGO, Ev\u00eaque de Maradi<\/p>\n","protected":false},"excerpt":{"rendered":"<p>Chers fr\u00e8res et s\u0153urs musulmans, &nbsp; &nbsp; Au nom des \u00c9v\u00eaques du Niger, je vous adresse ce message d\u2019amiti\u00e9 \u00e0 l\u2019occasion de la f\u00eate de Ramadan. Nul doute que le &#8230;<\/p>\n","protected":false},"author":1,"featured_media":0,"comment_status":"open","ping_status":"open","sticky":false,"template":"","format":"standard","meta":{"footnotes":""},"categories":[1],"tags":[],"class_list":["post-934","post","type-post","status-publish","format-standard","category-non-classe"],"_links":{"self":[{"href":"https:\/\/eglisecatholiqueniger.org\/index.php\/wp-json\/wp\/v2\/posts\/934","targetHints":{"allow":["GET"]}}],"collection":[{"href":"https:\/\/eglisecatholiqueniger.org\/index.php\/wp-json\/wp\/v2\/posts"}],"about":[{"href":"https:\/\/eglisecatholiqueniger.org\/index.php\/wp-json\/wp\/v2\/types\/post"}],"author":[{"embeddable":true,"href":"https:\/\/eglisecatholiqueniger.org\/index.php\/wp-json\/wp\/v2\/users\/1"}],"replies":[{"embeddable":true,"href":"https:\/\/eglisecatholiqueniger.org\/index.php\/wp-json\/wp\/v2\/comments?post=934"}],"version-history":[{"count":3,"href":"https:\/\/eglisecatholiqueniger.org\/index.php\/wp-json\/wp\/v2\/posts\/934\/revisions"}],"predecessor-version":[{"id":938,"href":"https:\/\/eglisecatholiqueniger.org\/index.php\/wp-json\/wp\/v2\/posts\/934\/revisions\/938"}],"wp:attachment":[{"href":"https:\/\/eglisecatholiqueniger.org\/index.php\/wp-json\/wp\/v2\/media?parent=934"}],"wp:term":[{"taxonomy":"category","embeddable":true,"href":"https:\/\/eglisecatholiqueniger.org\/index.php\/wp-json\/wp\/v2\/categories?post=934"},{"taxonomy":"post_tag","embeddable":true,"href":"https:\/\/eglisecatholiqueniger.org\/index.php\/wp-json\/wp\/v2\/tags?post=934"}],"curies":[{"name":"wp","href":"https:\/\/api.w.org\/{rel}","templated":true}]}}