{"id":940,"date":"2023-05-03T18:14:30","date_gmt":"2023-05-03T16:14:30","guid":{"rendered":"https:\/\/eglisecatholiqueniger.org\/?p=940"},"modified":"2023-05-03T18:14:30","modified_gmt":"2023-05-03T16:14:30","slug":"celebration-de-la-60e-journee-mondiale-des-vocations-a-niamey","status":"publish","type":"post","link":"https:\/\/eglisecatholiqueniger.org\/index.php\/2023\/05\/03\/celebration-de-la-60e-journee-mondiale-des-vocations-a-niamey\/","title":{"rendered":"C\u00e9l\u00e9bration de la 60e Journ\u00e9e mondiale des vocations \u00e0 Niamey"},"content":{"rendered":"<p><img loading=\"lazy\" decoding=\"async\" class=\"size-medium wp-image-941 alignleft\" src=\"http:\/\/eglisecatholiqueniger.org\/wp-content\/uploads\/2023\/05\/VOCATION-30-04-2023-1-300x200.jpg\" alt=\"\" width=\"300\" height=\"200\" srcset=\"https:\/\/eglisecatholiqueniger.org\/wp-content\/uploads\/2023\/05\/VOCATION-30-04-2023-1-300x200.jpg 300w, https:\/\/eglisecatholiqueniger.org\/wp-content\/uploads\/2023\/05\/VOCATION-30-04-2023-1-1024x683.jpg 1024w, https:\/\/eglisecatholiqueniger.org\/wp-content\/uploads\/2023\/05\/VOCATION-30-04-2023-1-768x512.jpg 768w, https:\/\/eglisecatholiqueniger.org\/wp-content\/uploads\/2023\/05\/VOCATION-30-04-2023-1-1536x1025.jpg 1536w, https:\/\/eglisecatholiqueniger.org\/wp-content\/uploads\/2023\/05\/VOCATION-30-04-2023-1-2048x1367.jpg 2048w, https:\/\/eglisecatholiqueniger.org\/wp-content\/uploads\/2023\/05\/VOCATION-30-04-2023-1-274x183.jpg 274w, https:\/\/eglisecatholiqueniger.org\/wp-content\/uploads\/2023\/05\/VOCATION-30-04-2023-1-80x54.jpg 80w, https:\/\/eglisecatholiqueniger.org\/wp-content\/uploads\/2023\/05\/VOCATION-30-04-2023-1-130x87.jpg 130w, https:\/\/eglisecatholiqueniger.org\/wp-content\/uploads\/2023\/05\/VOCATION-30-04-2023-1-359x240.jpg 359w, https:\/\/eglisecatholiqueniger.org\/wp-content\/uploads\/2023\/05\/VOCATION-30-04-2023-1-85x57.jpg 85w, https:\/\/eglisecatholiqueniger.org\/wp-content\/uploads\/2023\/05\/VOCATION-30-04-2023-1-546x365.jpg 546w, https:\/\/eglisecatholiqueniger.org\/wp-content\/uploads\/2023\/05\/VOCATION-30-04-2023-1-165x109.jpg 165w, https:\/\/eglisecatholiqueniger.org\/wp-content\/uploads\/2023\/05\/VOCATION-30-04-2023-1-347x233.jpg 347w, https:\/\/eglisecatholiqueniger.org\/wp-content\/uploads\/2023\/05\/VOCATION-30-04-2023-1-112x75.jpg 112w, https:\/\/eglisecatholiqueniger.org\/wp-content\/uploads\/2023\/05\/VOCATION-30-04-2023-1-179x120.jpg 179w, https:\/\/eglisecatholiqueniger.org\/wp-content\/uploads\/2023\/05\/VOCATION-30-04-2023-1-170x113.jpg 170w, https:\/\/eglisecatholiqueniger.org\/wp-content\/uploads\/2023\/05\/VOCATION-30-04-2023-1-81x55.jpg 81w, https:\/\/eglisecatholiqueniger.org\/wp-content\/uploads\/2023\/05\/VOCATION-30-04-2023-1-765x510.jpg 765w\" sizes=\"auto, (max-width: 300px) 100vw, 300px\" \/>L\u2019Eglise Universelle a c\u00e9l\u00e9br\u00e9, ce dimanche <strong>30 avril 2023<\/strong>, la <strong>60<sup>\u00e8me<\/sup> Journ\u00e9e mondiale de pri\u00e8re pour les vocations.<\/strong><\/p>\n<p>Pour marquer cette journ\u00e9e, les <em>vocandis<\/em> (jeunes gar\u00e7ons et filles sentant l\u2019appel de Dieu \u00e0 devenir pr\u00eatres, religieux ou religieuses) de Niamey se sont retrouv\u00e9s \u00e0 la paroisse Saint Michel de l\u2019a\u00e9roport. Occasion pour eux de prier et de r\u00e9fl\u00e9chir ensemble sur leurs vocations en toute libert\u00e9, avec le soutien de leurs accompagnateurs.<\/p>\n<p>A 8h 00 d\u00e9j\u00e0, la communaut\u00e9 commen\u00e7ait \u00e0 fourmiller de monde, les diff\u00e9rentes d\u00e9l\u00e9gations paroissiales venant progressivement. Ce fut un moment de retrouvailles pour beaucoup. Apr\u00e8s les cris de joie, les salutations et les petites causeries entre jeunes, tous se sont rendus dans l\u2019\u00e9glise paroissiale o\u00f9 fut c\u00e9l\u00e9br\u00e9e la messe.<\/p>\n<p>C\u2019est l\u2019Archev\u00eaque de Niamey, Mgr Laurent LOMPO, qui a pr\u00e9sid\u00e9 l\u2019Eucharistie, entour\u00e9 de quelques pr\u00eatres venus des autres paroisses. Dans l\u2019assembl\u00e9e, on pouvait aussi compter de nombreux religieux et religieuses.<\/p>\n<p>Apr\u00e8s la salutation (liturgique) d\u2019ouverture du pr\u00e9sident de la c\u00e9l\u00e9bration, le Vice-pr\u00e9sident du conseil pastoral paroissial, M. GBAGUIDI, a pris la parole pour souhaiter la bienvenue \u00e0 l\u2019Archev\u00eaque et \u00e0 tous ceux qui ont fait le d\u00e9placement pour venir les visiter et communier \u00e0 la pri\u00e8re de ce jour. Puis, il a formul\u00e9 le v\u0153u que le Seigneur \u00e9coute nos pri\u00e8res et suscite de nombreuses et saintes vocations pour l\u2019Eglise qui est au Niger. A sa suite, la lectrice de la monition introductive a plant\u00e9 le d\u00e9cor de la c\u00e9l\u00e9bration, en rappelant que c\u2019est le Seigneur lui-m\u00eame qui nous convoque et qu\u2019il est n\u00e9cessaire de prier pour que le Seigneur envoie de nombreux ouvriers \u00e0 sa moisson. Cela fini, l\u2019assembl\u00e9e a poursuivi la pri\u00e8re avec la demande de pardon, la louange et les lectures.<\/p>\n<p>Dans son hom\u00e9lie, Mgr Laurent LOMPO a pr\u00e9sent\u00e9 tous les pr\u00eatres, religieux, religieuses et la\u00efques consacr\u00e9es pr\u00e9sents dans l\u2019\u00e9glise, en notifiant que \u00ab\u00a0nous sommes appel\u00e9s par Dieu pour une mission\u00a0\u00bb, comme le rappelle le th\u00e8me propos\u00e9 pour l\u2019occasion par les \u0152uvres Pontificales Missionnaires (OPM) du Burkina-Faso et du Niger\u00a0: <strong>\u00ab\u00a0Appel\u00e9s, soyez mes t\u00e9moins\u00a0\u00bb.<\/strong> Et, d\u2019inviter chacun et chacune \u00e0 ne pas avoir peur de r\u00e9pondre \u00e0 l\u2019appel de Dieu. Selon lui, Dieu a besoin de nous pour manifester son amour dans le monde. C\u2019est pourquoi, l\u2019Archev\u00eaque de Niamey a exhort\u00e9 la communaut\u00e9 \u00e0 prier beaucoup pour les vocations et \u00e0 soutenir moralement, mat\u00e9riellement et financi\u00e8rement les <em>vocandis<\/em>.<\/p>\n<p><img loading=\"lazy\" decoding=\"async\" class=\"alignnone  wp-image-942\" src=\"http:\/\/eglisecatholiqueniger.org\/wp-content\/uploads\/2023\/05\/VOCATION-30-04-2023-2-300x200.jpg\" alt=\"\" width=\"195\" height=\"130\" srcset=\"https:\/\/eglisecatholiqueniger.org\/wp-content\/uploads\/2023\/05\/VOCATION-30-04-2023-2-300x200.jpg 300w, https:\/\/eglisecatholiqueniger.org\/wp-content\/uploads\/2023\/05\/VOCATION-30-04-2023-2-1024x683.jpg 1024w, https:\/\/eglisecatholiqueniger.org\/wp-content\/uploads\/2023\/05\/VOCATION-30-04-2023-2-768x512.jpg 768w, https:\/\/eglisecatholiqueniger.org\/wp-content\/uploads\/2023\/05\/VOCATION-30-04-2023-2-1536x1025.jpg 1536w, https:\/\/eglisecatholiqueniger.org\/wp-content\/uploads\/2023\/05\/VOCATION-30-04-2023-2-2048x1367.jpg 2048w, https:\/\/eglisecatholiqueniger.org\/wp-content\/uploads\/2023\/05\/VOCATION-30-04-2023-2-274x183.jpg 274w, https:\/\/eglisecatholiqueniger.org\/wp-content\/uploads\/2023\/05\/VOCATION-30-04-2023-2-364x245.jpg 364w, https:\/\/eglisecatholiqueniger.org\/wp-content\/uploads\/2023\/05\/VOCATION-30-04-2023-2-80x54.jpg 80w, https:\/\/eglisecatholiqueniger.org\/wp-content\/uploads\/2023\/05\/VOCATION-30-04-2023-2-130x87.jpg 130w, https:\/\/eglisecatholiqueniger.org\/wp-content\/uploads\/2023\/05\/VOCATION-30-04-2023-2-359x240.jpg 359w, https:\/\/eglisecatholiqueniger.org\/wp-content\/uploads\/2023\/05\/VOCATION-30-04-2023-2-85x57.jpg 85w, https:\/\/eglisecatholiqueniger.org\/wp-content\/uploads\/2023\/05\/VOCATION-30-04-2023-2-546x365.jpg 546w, https:\/\/eglisecatholiqueniger.org\/wp-content\/uploads\/2023\/05\/VOCATION-30-04-2023-2-266x179.jpg 266w, https:\/\/eglisecatholiqueniger.org\/wp-content\/uploads\/2023\/05\/VOCATION-30-04-2023-2-165x109.jpg 165w, https:\/\/eglisecatholiqueniger.org\/wp-content\/uploads\/2023\/05\/VOCATION-30-04-2023-2-347x233.jpg 347w, https:\/\/eglisecatholiqueniger.org\/wp-content\/uploads\/2023\/05\/VOCATION-30-04-2023-2-112x75.jpg 112w, https:\/\/eglisecatholiqueniger.org\/wp-content\/uploads\/2023\/05\/VOCATION-30-04-2023-2-179x120.jpg 179w, https:\/\/eglisecatholiqueniger.org\/wp-content\/uploads\/2023\/05\/VOCATION-30-04-2023-2-170x113.jpg 170w, https:\/\/eglisecatholiqueniger.org\/wp-content\/uploads\/2023\/05\/VOCATION-30-04-2023-2-81x55.jpg 81w, https:\/\/eglisecatholiqueniger.org\/wp-content\/uploads\/2023\/05\/VOCATION-30-04-2023-2-765x510.jpg 765w\" sizes=\"auto, (max-width: 195px) 100vw, 195px\" \/><img loading=\"lazy\" decoding=\"async\" class=\"alignnone  wp-image-943\" src=\"http:\/\/eglisecatholiqueniger.org\/wp-content\/uploads\/2023\/05\/VOCATION-30-04-2023-3-300x200.jpg\" alt=\"\" width=\"194\" height=\"129\" srcset=\"https:\/\/eglisecatholiqueniger.org\/wp-content\/uploads\/2023\/05\/VOCATION-30-04-2023-3-300x200.jpg 300w, https:\/\/eglisecatholiqueniger.org\/wp-content\/uploads\/2023\/05\/VOCATION-30-04-2023-3-1024x683.jpg 1024w, https:\/\/eglisecatholiqueniger.org\/wp-content\/uploads\/2023\/05\/VOCATION-30-04-2023-3-768x512.jpg 768w, https:\/\/eglisecatholiqueniger.org\/wp-content\/uploads\/2023\/05\/VOCATION-30-04-2023-3-1536x1025.jpg 1536w, https:\/\/eglisecatholiqueniger.org\/wp-content\/uploads\/2023\/05\/VOCATION-30-04-2023-3-2048x1366.jpg 2048w, https:\/\/eglisecatholiqueniger.org\/wp-content\/uploads\/2023\/05\/VOCATION-30-04-2023-3-274x183.jpg 274w, https:\/\/eglisecatholiqueniger.org\/wp-content\/uploads\/2023\/05\/VOCATION-30-04-2023-3-80x54.jpg 80w, https:\/\/eglisecatholiqueniger.org\/wp-content\/uploads\/2023\/05\/VOCATION-30-04-2023-3-130x87.jpg 130w, https:\/\/eglisecatholiqueniger.org\/wp-content\/uploads\/2023\/05\/VOCATION-30-04-2023-3-359x240.jpg 359w, https:\/\/eglisecatholiqueniger.org\/wp-content\/uploads\/2023\/05\/VOCATION-30-04-2023-3-85x57.jpg 85w, https:\/\/eglisecatholiqueniger.org\/wp-content\/uploads\/2023\/05\/VOCATION-30-04-2023-3-546x365.jpg 546w, https:\/\/eglisecatholiqueniger.org\/wp-content\/uploads\/2023\/05\/VOCATION-30-04-2023-3-165x109.jpg 165w, https:\/\/eglisecatholiqueniger.org\/wp-content\/uploads\/2023\/05\/VOCATION-30-04-2023-3-347x233.jpg 347w, https:\/\/eglisecatholiqueniger.org\/wp-content\/uploads\/2023\/05\/VOCATION-30-04-2023-3-112x75.jpg 112w, https:\/\/eglisecatholiqueniger.org\/wp-content\/uploads\/2023\/05\/VOCATION-30-04-2023-3-179x120.jpg 179w, https:\/\/eglisecatholiqueniger.org\/wp-content\/uploads\/2023\/05\/VOCATION-30-04-2023-3-170x113.jpg 170w, https:\/\/eglisecatholiqueniger.org\/wp-content\/uploads\/2023\/05\/VOCATION-30-04-2023-3-81x55.jpg 81w, https:\/\/eglisecatholiqueniger.org\/wp-content\/uploads\/2023\/05\/VOCATION-30-04-2023-3-765x510.jpg 765w\" sizes=\"auto, (max-width: 194px) 100vw, 194px\" \/><img loading=\"lazy\" decoding=\"async\" class=\"alignnone  wp-image-944\" src=\"http:\/\/eglisecatholiqueniger.org\/wp-content\/uploads\/2023\/05\/VOCATION-30-04-2023-5-300x200.jpg\" alt=\"\" width=\"195\" height=\"130\" srcset=\"https:\/\/eglisecatholiqueniger.org\/wp-content\/uploads\/2023\/05\/VOCATION-30-04-2023-5-300x200.jpg 300w, https:\/\/eglisecatholiqueniger.org\/wp-content\/uploads\/2023\/05\/VOCATION-30-04-2023-5-1024x683.jpg 1024w, https:\/\/eglisecatholiqueniger.org\/wp-content\/uploads\/2023\/05\/VOCATION-30-04-2023-5-768x512.jpg 768w, https:\/\/eglisecatholiqueniger.org\/wp-content\/uploads\/2023\/05\/VOCATION-30-04-2023-5-1536x1025.jpg 1536w, https:\/\/eglisecatholiqueniger.org\/wp-content\/uploads\/2023\/05\/VOCATION-30-04-2023-5-2048x1367.jpg 2048w, https:\/\/eglisecatholiqueniger.org\/wp-content\/uploads\/2023\/05\/VOCATION-30-04-2023-5-274x183.jpg 274w, https:\/\/eglisecatholiqueniger.org\/wp-content\/uploads\/2023\/05\/VOCATION-30-04-2023-5-364x245.jpg 364w, https:\/\/eglisecatholiqueniger.org\/wp-content\/uploads\/2023\/05\/VOCATION-30-04-2023-5-80x54.jpg 80w, https:\/\/eglisecatholiqueniger.org\/wp-content\/uploads\/2023\/05\/VOCATION-30-04-2023-5-130x87.jpg 130w, https:\/\/eglisecatholiqueniger.org\/wp-content\/uploads\/2023\/05\/VOCATION-30-04-2023-5-359x240.jpg 359w, https:\/\/eglisecatholiqueniger.org\/wp-content\/uploads\/2023\/05\/VOCATION-30-04-2023-5-85x57.jpg 85w, https:\/\/eglisecatholiqueniger.org\/wp-content\/uploads\/2023\/05\/VOCATION-30-04-2023-5-546x365.jpg 546w, https:\/\/eglisecatholiqueniger.org\/wp-content\/uploads\/2023\/05\/VOCATION-30-04-2023-5-266x179.jpg 266w, https:\/\/eglisecatholiqueniger.org\/wp-content\/uploads\/2023\/05\/VOCATION-30-04-2023-5-165x109.jpg 165w, https:\/\/eglisecatholiqueniger.org\/wp-content\/uploads\/2023\/05\/VOCATION-30-04-2023-5-347x233.jpg 347w, https:\/\/eglisecatholiqueniger.org\/wp-content\/uploads\/2023\/05\/VOCATION-30-04-2023-5-112x75.jpg 112w, https:\/\/eglisecatholiqueniger.org\/wp-content\/uploads\/2023\/05\/VOCATION-30-04-2023-5-179x120.jpg 179w, https:\/\/eglisecatholiqueniger.org\/wp-content\/uploads\/2023\/05\/VOCATION-30-04-2023-5-170x113.jpg 170w, https:\/\/eglisecatholiqueniger.org\/wp-content\/uploads\/2023\/05\/VOCATION-30-04-2023-5-81x55.jpg 81w, https:\/\/eglisecatholiqueniger.org\/wp-content\/uploads\/2023\/05\/VOCATION-30-04-2023-5-765x510.jpg 765w\" sizes=\"auto, (max-width: 195px) 100vw, 195px\" \/><\/p>\n<p>La messe s\u2019est ensuite poursuivie normalement jusqu\u2019\u00e0 la fin dans la ferveur. Apr\u00e8s, les <em>vocandis<\/em> ont fait une animation dans la cour de la paroisse, avant de se retrouver en petits groupes pour r\u00e9fl\u00e9chir sur le message du Pape Fran\u00e7ois, adress\u00e9 \u00e0 l\u2019Eglise universelle \u00e0 l\u2019occasion de cette journ\u00e9e des vocations et intitul\u00e9\u00a0: <strong>\u00ab\u00a0La vocation\u00a0: gr\u00e2ce et mission\u00a0\u00bb.<\/strong> Ensuite, ils ont partag\u00e9 ensemble le repas dans la gait\u00e9, avant de regagner, chacun, son domicile.<\/p>\n<p><img loading=\"lazy\" decoding=\"async\" class=\"alignnone size-medium wp-image-946\" src=\"http:\/\/eglisecatholiqueniger.org\/wp-content\/uploads\/2023\/05\/VOCATION-30-04-2023-11-300x200.jpg\" alt=\"\" width=\"300\" height=\"200\" srcset=\"https:\/\/eglisecatholiqueniger.org\/wp-content\/uploads\/2023\/05\/VOCATION-30-04-2023-11-300x200.jpg 300w, https:\/\/eglisecatholiqueniger.org\/wp-content\/uploads\/2023\/05\/VOCATION-30-04-2023-11-1024x683.jpg 1024w, https:\/\/eglisecatholiqueniger.org\/wp-content\/uploads\/2023\/05\/VOCATION-30-04-2023-11-768x512.jpg 768w, https:\/\/eglisecatholiqueniger.org\/wp-content\/uploads\/2023\/05\/VOCATION-30-04-2023-11-1536x1025.jpg 1536w, https:\/\/eglisecatholiqueniger.org\/wp-content\/uploads\/2023\/05\/VOCATION-30-04-2023-11-2048x1367.jpg 2048w, https:\/\/eglisecatholiqueniger.org\/wp-content\/uploads\/2023\/05\/VOCATION-30-04-2023-11-274x183.jpg 274w, https:\/\/eglisecatholiqueniger.org\/wp-content\/uploads\/2023\/05\/VOCATION-30-04-2023-11-80x54.jpg 80w, https:\/\/eglisecatholiqueniger.org\/wp-content\/uploads\/2023\/05\/VOCATION-30-04-2023-11-130x87.jpg 130w, https:\/\/eglisecatholiqueniger.org\/wp-content\/uploads\/2023\/05\/VOCATION-30-04-2023-11-359x240.jpg 359w, https:\/\/eglisecatholiqueniger.org\/wp-content\/uploads\/2023\/05\/VOCATION-30-04-2023-11-85x57.jpg 85w, https:\/\/eglisecatholiqueniger.org\/wp-content\/uploads\/2023\/05\/VOCATION-30-04-2023-11-546x365.jpg 546w, https:\/\/eglisecatholiqueniger.org\/wp-content\/uploads\/2023\/05\/VOCATION-30-04-2023-11-165x109.jpg 165w, https:\/\/eglisecatholiqueniger.org\/wp-content\/uploads\/2023\/05\/VOCATION-30-04-2023-11-347x233.jpg 347w, https:\/\/eglisecatholiqueniger.org\/wp-content\/uploads\/2023\/05\/VOCATION-30-04-2023-11-112x75.jpg 112w, https:\/\/eglisecatholiqueniger.org\/wp-content\/uploads\/2023\/05\/VOCATION-30-04-2023-11-179x120.jpg 179w, https:\/\/eglisecatholiqueniger.org\/wp-content\/uploads\/2023\/05\/VOCATION-30-04-2023-11-170x113.jpg 170w, https:\/\/eglisecatholiqueniger.org\/wp-content\/uploads\/2023\/05\/VOCATION-30-04-2023-11-81x55.jpg 81w, https:\/\/eglisecatholiqueniger.org\/wp-content\/uploads\/2023\/05\/VOCATION-30-04-2023-11-765x510.jpg 765w\" sizes=\"auto, (max-width: 300px) 100vw, 300px\" \/><img loading=\"lazy\" decoding=\"async\" class=\"alignnone size-medium wp-image-945\" src=\"http:\/\/eglisecatholiqueniger.org\/wp-content\/uploads\/2023\/05\/VOCATION-30-04-2023-10-300x200.jpg\" alt=\"\" width=\"300\" height=\"200\" srcset=\"https:\/\/eglisecatholiqueniger.org\/wp-content\/uploads\/2023\/05\/VOCATION-30-04-2023-10-300x200.jpg 300w, https:\/\/eglisecatholiqueniger.org\/wp-content\/uploads\/2023\/05\/VOCATION-30-04-2023-10-1024x683.jpg 1024w, https:\/\/eglisecatholiqueniger.org\/wp-content\/uploads\/2023\/05\/VOCATION-30-04-2023-10-768x512.jpg 768w, https:\/\/eglisecatholiqueniger.org\/wp-content\/uploads\/2023\/05\/VOCATION-30-04-2023-10-1536x1025.jpg 1536w, https:\/\/eglisecatholiqueniger.org\/wp-content\/uploads\/2023\/05\/VOCATION-30-04-2023-10-2048x1367.jpg 2048w, https:\/\/eglisecatholiqueniger.org\/wp-content\/uploads\/2023\/05\/VOCATION-30-04-2023-10-274x183.jpg 274w, https:\/\/eglisecatholiqueniger.org\/wp-content\/uploads\/2023\/05\/VOCATION-30-04-2023-10-80x54.jpg 80w, https:\/\/eglisecatholiqueniger.org\/wp-content\/uploads\/2023\/05\/VOCATION-30-04-2023-10-130x87.jpg 130w, https:\/\/eglisecatholiqueniger.org\/wp-content\/uploads\/2023\/05\/VOCATION-30-04-2023-10-359x240.jpg 359w, https:\/\/eglisecatholiqueniger.org\/wp-content\/uploads\/2023\/05\/VOCATION-30-04-2023-10-85x57.jpg 85w, https:\/\/eglisecatholiqueniger.org\/wp-content\/uploads\/2023\/05\/VOCATION-30-04-2023-10-546x365.jpg 546w, https:\/\/eglisecatholiqueniger.org\/wp-content\/uploads\/2023\/05\/VOCATION-30-04-2023-10-165x109.jpg 165w, https:\/\/eglisecatholiqueniger.org\/wp-content\/uploads\/2023\/05\/VOCATION-30-04-2023-10-347x233.jpg 347w, https:\/\/eglisecatholiqueniger.org\/wp-content\/uploads\/2023\/05\/VOCATION-30-04-2023-10-112x75.jpg 112w, https:\/\/eglisecatholiqueniger.org\/wp-content\/uploads\/2023\/05\/VOCATION-30-04-2023-10-179x120.jpg 179w, https:\/\/eglisecatholiqueniger.org\/wp-content\/uploads\/2023\/05\/VOCATION-30-04-2023-10-170x113.jpg 170w, https:\/\/eglisecatholiqueniger.org\/wp-content\/uploads\/2023\/05\/VOCATION-30-04-2023-10-81x55.jpg 81w, https:\/\/eglisecatholiqueniger.org\/wp-content\/uploads\/2023\/05\/VOCATION-30-04-2023-10-765x510.jpg 765w\" sizes=\"auto, (max-width: 300px) 100vw, 300px\" \/><\/p>\n<p>Rappelons que la Journ\u00e9e de pri\u00e8re pour les vocations est c\u00e9l\u00e9br\u00e9e chaque ann\u00e9e, depuis 60 ans, le 4<sup>\u00e8me<\/sup> dimanche de P\u00e2ques, appel\u00e9 aussi le \u00ab\u00a0dimanche du Bon Pasteur\u00a0\u00bb. C\u2019est une journ\u00e9e d\u2019invitation \u00e0 la pri\u00e8re et \u00e0 la r\u00e9flexion pour permettre aux jeunes de d\u00e9couvrir leurs vocations.<\/p>\n<p>La journ\u00e9e s\u2019est achev\u00e9e aux environs de 15 heures, heure locale, dans la joie. Le \u00a0P\u00e8re Eric MEDAGBE, Responsable dioc\u00e9sain des vocations s\u2019est dit heureux et satisfait de l\u2019engouement et de l\u2019engagement des <em>vocandis<\/em> et de leurs accompagnateurs. Selon lui, chacun a apport\u00e9 sa contribution pour la r\u00e9ussite de cette activit\u00e9. Il a aussi salu\u00e9 la participation du groupe de la paroisse Saint Marc de Torodi (situ\u00e9e \u00e0 une soixantaine de kilom\u00e8tres de Niamey), malgr\u00e9 l&rsquo;ins\u00e9curit\u00e9 qui pr\u00e9vaut dans la zone.<\/p>\n","protected":false},"excerpt":{"rendered":"<p>L\u2019Eglise Universelle a c\u00e9l\u00e9br\u00e9, ce dimanche 30 avril 2023, la 60\u00e8me Journ\u00e9e mondiale de pri\u00e8re pour les vocations. Pour marquer cette journ\u00e9e, les vocandis (jeunes gar\u00e7ons et filles sentant l\u2019appel &#8230;<\/p>\n","protected":false},"author":1,"featured_media":0,"comment_status":"open","ping_status":"open","sticky":false,"template":"","format":"standard","meta":{"footnotes":""},"categories":[1],"tags":[],"class_list":["post-940","post","type-post","status-publish","format-standard","category-non-classe"],"_links":{"self":[{"href":"https:\/\/eglisecatholiqueniger.org\/index.php\/wp-json\/wp\/v2\/posts\/940","targetHints":{"allow":["GET"]}}],"collection":[{"href":"https:\/\/eglisecatholiqueniger.org\/index.php\/wp-json\/wp\/v2\/posts"}],"about":[{"href":"https:\/\/eglisecatholiqueniger.org\/index.php\/wp-json\/wp\/v2\/types\/post"}],"author":[{"embeddable":true,"href":"https:\/\/eglisecatholiqueniger.org\/index.php\/wp-json\/wp\/v2\/users\/1"}],"replies":[{"embeddable":true,"href":"https:\/\/eglisecatholiqueniger.org\/index.php\/wp-json\/wp\/v2\/comments?post=940"}],"version-history":[{"count":5,"href":"https:\/\/eglisecatholiqueniger.org\/index.php\/wp-json\/wp\/v2\/posts\/940\/revisions"}],"predecessor-version":[{"id":951,"href":"https:\/\/eglisecatholiqueniger.org\/index.php\/wp-json\/wp\/v2\/posts\/940\/revisions\/951"}],"wp:attachment":[{"href":"https:\/\/eglisecatholiqueniger.org\/index.php\/wp-json\/wp\/v2\/media?parent=940"}],"wp:term":[{"taxonomy":"category","embeddable":true,"href":"https:\/\/eglisecatholiqueniger.org\/index.php\/wp-json\/wp\/v2\/categories?post=940"},{"taxonomy":"post_tag","embeddable":true,"href":"https:\/\/eglisecatholiqueniger.org\/index.php\/wp-json\/wp\/v2\/tags?post=940"}],"curies":[{"name":"wp","href":"https:\/\/api.w.org\/{rel}","templated":true}]}}