{"id":960,"date":"2023-05-08T14:26:20","date_gmt":"2023-05-08T12:26:20","guid":{"rendered":"https:\/\/eglisecatholiqueniger.org\/?p=960"},"modified":"2023-05-08T14:26:20","modified_gmt":"2023-05-08T12:26:20","slug":"chaines-de-liberte","status":"publish","type":"post","link":"https:\/\/eglisecatholiqueniger.org\/index.php\/2023\/05\/08\/chaines-de-liberte\/","title":{"rendered":"Cha\u00eenes de libert\u00e9"},"content":{"rendered":"<p><img loading=\"lazy\" decoding=\"async\" class=\"alignnone size-medium wp-image-961\" src=\"http:\/\/eglisecatholiqueniger.org\/wp-content\/uploads\/2023\/05\/macali00016-186x300.jpg\" alt=\"\" width=\"186\" height=\"300\" srcset=\"https:\/\/eglisecatholiqueniger.org\/wp-content\/uploads\/2023\/05\/macali00016-186x300.jpg 186w, https:\/\/eglisecatholiqueniger.org\/wp-content\/uploads\/2023\/05\/macali00016.jpg 396w\" sizes=\"auto, (max-width: 186px) 100vw, 186px\" \/> \u00a0\u00a0\u00a0\u00a0\u00a0\u00a0\u00a0\u00a0\u00a0 <img loading=\"lazy\" decoding=\"async\" class=\"alignnone  wp-image-965\" src=\"http:\/\/eglisecatholiqueniger.org\/wp-content\/uploads\/2023\/05\/IMG_2930-300x168.jpg\" alt=\"\" width=\"347\" height=\"194\" srcset=\"https:\/\/eglisecatholiqueniger.org\/wp-content\/uploads\/2023\/05\/IMG_2930-300x168.jpg 300w, https:\/\/eglisecatholiqueniger.org\/wp-content\/uploads\/2023\/05\/IMG_2930.jpg 640w\" sizes=\"auto, (max-width: 347px) 100vw, 347px\" \/><\/p>\n<p>C\u2019est ce vendredi 5 mai 2023 la date choisie pour pr\u00e9senter le livre-m\u00e9moire du P. Pierluigi Maccalli, d\u00e9tenu en captivit\u00e9 pendant plus de deux ans dans le d\u00e9sert du Sahara. Un t\u00e9moignage poignant et unique de ce que cette exp\u00e9rience unique a profond\u00e9ment transform\u00e9 de sa vision de monde, de Dieu, de lui-m\u00eame et de la mission. Apr\u00e8s le mot de bien venue et l\u2019introduction de l\u2019activit\u00e9 par le P. Anthony, vicaire g\u00e9n\u00e9ral, ce fut le P. Mauro, confr\u00e8re et ami du P\u00e8re Maccalli, a prendre la parole. Il a rappel\u00e9 l\u2019amiti\u00e9 qui le lie de longue date avec le P\u00e8re et qui remonte \u00e0 la commune exp\u00e9rience missionnaire en Cote d\u2019Ivoire et ensuite dans l\u2019animation en Italie. Mauro a soulign\u00e9 que d\u00e9j\u00e0 en Cote d\u2019Ivoire le P. Pierluigi avait manifest\u00e9 une grande attention pour les enfants porteurs d\u2019handicap aux jambes. Il amenait ces enfants avec sa voiture faisant plus de 900 kilom\u00e8tres pour que l\u2019op\u00e9ration prenne place. Il a rappel\u00e9 \u00e9galement que pendant sa captivit\u00e9 il a red\u00e9couvert un Dieu qui se tait, qui semble absent mais qui en r\u00e9alit\u00e9 se trouve dans le profond de la souffrance qu\u2019il partage \u00e0 sa mani\u00e8re. Le monde tel qu\u2019il est, bas\u00e9 souvent sur la violence et la domination n\u00e9cesite d\u2019op\u00e9rateurs de paix qui puissent d\u00e9sarmer leurs paroles et actions ! Enfin il a soulign\u00e9 comme le P\u00e8re Maccalli \u00a0a chercher de pardonner \u00e0 ceux qui l\u2019ont enlev\u00e9. Un t\u00e9moignage de foi v\u00e9cue dans sa chair. Arriver \u00e0 pardonner c\u2019est se lib\u00e9rer des chaines de la haine : le corps est enchain\u00e9 mais l\u2019esprit est libre !<\/p>\n<p><img loading=\"lazy\" decoding=\"async\" class=\"alignnone  wp-image-970\" src=\"http:\/\/eglisecatholiqueniger.org\/wp-content\/uploads\/2023\/05\/IMG_2971-300x168.jpg\" alt=\"\" width=\"253\" height=\"142\" srcset=\"https:\/\/eglisecatholiqueniger.org\/wp-content\/uploads\/2023\/05\/IMG_2971-300x168.jpg 300w, https:\/\/eglisecatholiqueniger.org\/wp-content\/uploads\/2023\/05\/IMG_2971.jpg 640w\" sizes=\"auto, (max-width: 253px) 100vw, 253px\" \/> \u00a0 \u00a0 <img loading=\"lazy\" decoding=\"async\" class=\"alignnone  wp-image-971\" src=\"http:\/\/eglisecatholiqueniger.org\/wp-content\/uploads\/2023\/05\/IMG_2953-300x168.jpg\" alt=\"\" width=\"255\" height=\"143\" srcset=\"https:\/\/eglisecatholiqueniger.org\/wp-content\/uploads\/2023\/05\/IMG_2953-300x168.jpg 300w, https:\/\/eglisecatholiqueniger.org\/wp-content\/uploads\/2023\/05\/IMG_2953.jpg 640w\" sizes=\"auto, (max-width: 255px) 100vw, 255px\" \/><\/p>\n<p>C\u2019est bien cela que le P. \u00c9v\u00eaque Laurent Lompo a soulign\u00e9 d\u2019entr\u00e9e rappelant le travail du P. Pierluigi avec le peuple Gourmantch\u00e9 qu\u2019il a fait sien. Il a \u00e9t\u00e9 question d\u2019une pastorale, celle du P\u00e8re, qui a lib\u00e9r\u00e9 les gens de la mis\u00e8re et des contraintes li\u00e9es au terrorisme. Sa rencontre avec le Pierluigi et sa famille en Italie a \u00e9t\u00e9 \u00e9mouvante\u00a0 et riche de suggestions pour notre dioc\u00e8se ! D\u2019abord la foi qui a accompagn\u00e9 la captivit\u00e9 du P\u00e8re, sans laquelle il n\u2019y avait que le d\u00e9sespoir\u2026 Ensuite son ouverture et dialogue avec les gens sans distinction. En effet ses ravisseurs ont reconnu le travail du missionnaire et cela a constitu\u00e9 comme le soubassement pour le respect que les \u2018djihadistes\u2019\u00a0 lui ont r\u00e9serv\u00e9. Mgr Laurent a donc soulign\u00e9 que aussi pour notre \u00e9glise dioc\u00e9saine le sentier \u00e0 suivre est le m\u00eame que le P\u00e8re a emprunt\u00e9. L\u2019ouverture, le dialogue, la proximit\u00e9 avec les pauvres et la pers\u00e9v\u00e9rance dans la mission qui nous a \u00e9t\u00e9 confi\u00e9e. L\u2019\u00e9v\u00eaque a aussi voulu remercier les pr\u00eatres, religieux\/ses, la\u00efques, communaut\u00e9s, pour la fid\u00e9lit\u00e9 \u00e0 la pri\u00e8re. Le remerciement s\u2019\u00e9tend aux\u00a0 autorit\u00e9s nig\u00e9rienne et italienne qui ont travaill\u00e9 sans aucun r\u00e9pit pour que les tractations se passent bien ! En conclusion il a soulign\u00e9 le d\u00e9sir du P. Maccalli de revenir saluer son peuple si les conditions le permettront et que, entre temps, ce livre est une mani\u00e8re de partager ce qu\u2019il a v\u00e9cu !<\/p>\n<p><img loading=\"lazy\" decoding=\"async\" class=\"alignnone  wp-image-974\" src=\"http:\/\/eglisecatholiqueniger.org\/wp-content\/uploads\/2023\/05\/IMG_3020-300x168.jpg\" alt=\"\" width=\"239\" height=\"134\" srcset=\"https:\/\/eglisecatholiqueniger.org\/wp-content\/uploads\/2023\/05\/IMG_3020-300x168.jpg 300w, https:\/\/eglisecatholiqueniger.org\/wp-content\/uploads\/2023\/05\/IMG_3020.jpg 640w\" sizes=\"auto, (max-width: 239px) 100vw, 239px\" \/>\u00a0 <img loading=\"lazy\" decoding=\"async\" class=\"alignnone  wp-image-975\" src=\"http:\/\/eglisecatholiqueniger.org\/wp-content\/uploads\/2023\/05\/macali00020-300x153.jpg\" alt=\"\" width=\"263\" height=\"134\" srcset=\"https:\/\/eglisecatholiqueniger.org\/wp-content\/uploads\/2023\/05\/macali00020-300x153.jpg 300w, https:\/\/eglisecatholiqueniger.org\/wp-content\/uploads\/2023\/05\/macali00020.jpg 640w\" sizes=\"auto, (max-width: 263px) 100vw, 263px\" \/><\/p>\n<p>La conclusion du P. Anthony, mod\u00e9rateur\u00a0 dans une salle dioc\u00e9saine bien remplie de monde, a rappel\u00e9 l\u2019importance de notre engagement personnel pour que notre\u00a0 service \u00e0 l\u2019\u00c9glise P\u00e8re du Niger et au peuple nig\u00e9rien, \u00e0 l\u2019image de celui du P\u00e8re, soit marqu\u00e9 par le t\u00e9moignage d\u2019une fois incarn\u00e9 dans l\u2019\u00e9vangile qui lib\u00e8re des nos chaines !<\/p>\n<p><img loading=\"lazy\" decoding=\"async\" class=\" wp-image-976 aligncenter\" src=\"http:\/\/eglisecatholiqueniger.org\/wp-content\/uploads\/2023\/05\/IMG_3040-300x168.jpg\" alt=\"\" width=\"325\" height=\"182\" srcset=\"https:\/\/eglisecatholiqueniger.org\/wp-content\/uploads\/2023\/05\/IMG_3040-300x168.jpg 300w, https:\/\/eglisecatholiqueniger.org\/wp-content\/uploads\/2023\/05\/IMG_3040.jpg 640w\" sizes=\"auto, (max-width: 325px) 100vw, 325px\" \/><\/p>\n<ol>\n<li>\u00a0P\u00e8re Mauro Armanino,<\/li>\n<\/ol>\n","protected":false},"excerpt":{"rendered":"<p>\u00a0\u00a0\u00a0\u00a0\u00a0\u00a0\u00a0\u00a0\u00a0 C\u2019est ce vendredi 5 mai 2023 la date choisie pour pr\u00e9senter le livre-m\u00e9moire du P. Pierluigi Maccalli, d\u00e9tenu en captivit\u00e9 pendant plus de deux ans dans le d\u00e9sert du &#8230;<\/p>\n","protected":false},"author":1,"featured_media":0,"comment_status":"open","ping_status":"open","sticky":false,"template":"","format":"standard","meta":{"footnotes":""},"categories":[1],"tags":[],"class_list":["post-960","post","type-post","status-publish","format-standard","category-non-classe"],"_links":{"self":[{"href":"https:\/\/eglisecatholiqueniger.org\/index.php\/wp-json\/wp\/v2\/posts\/960","targetHints":{"allow":["GET"]}}],"collection":[{"href":"https:\/\/eglisecatholiqueniger.org\/index.php\/wp-json\/wp\/v2\/posts"}],"about":[{"href":"https:\/\/eglisecatholiqueniger.org\/index.php\/wp-json\/wp\/v2\/types\/post"}],"author":[{"embeddable":true,"href":"https:\/\/eglisecatholiqueniger.org\/index.php\/wp-json\/wp\/v2\/users\/1"}],"replies":[{"embeddable":true,"href":"https:\/\/eglisecatholiqueniger.org\/index.php\/wp-json\/wp\/v2\/comments?post=960"}],"version-history":[{"count":8,"href":"https:\/\/eglisecatholiqueniger.org\/index.php\/wp-json\/wp\/v2\/posts\/960\/revisions"}],"predecessor-version":[{"id":978,"href":"https:\/\/eglisecatholiqueniger.org\/index.php\/wp-json\/wp\/v2\/posts\/960\/revisions\/978"}],"wp:attachment":[{"href":"https:\/\/eglisecatholiqueniger.org\/index.php\/wp-json\/wp\/v2\/media?parent=960"}],"wp:term":[{"taxonomy":"category","embeddable":true,"href":"https:\/\/eglisecatholiqueniger.org\/index.php\/wp-json\/wp\/v2\/categories?post=960"},{"taxonomy":"post_tag","embeddable":true,"href":"https:\/\/eglisecatholiqueniger.org\/index.php\/wp-json\/wp\/v2\/tags?post=960"}],"curies":[{"name":"wp","href":"https:\/\/api.w.org\/{rel}","templated":true}]}}