{"id":981,"date":"2023-05-18T17:51:23","date_gmt":"2023-05-18T15:51:23","guid":{"rendered":"https:\/\/eglisecatholiqueniger.org\/?p=981"},"modified":"2023-05-18T17:51:23","modified_gmt":"2023-05-18T15:51:23","slug":"journee-de-la-femme-catholique-a-gaya","status":"publish","type":"post","link":"https:\/\/eglisecatholiqueniger.org\/index.php\/2023\/05\/18\/journee-de-la-femme-catholique-a-gaya\/","title":{"rendered":"JOURNEE DE LA FEMME CATHOLIQUE A GAYA"},"content":{"rendered":"<p><img loading=\"lazy\" decoding=\"async\" class=\"alignnone size-medium wp-image-986\" src=\"http:\/\/eglisecatholiqueniger.org\/wp-content\/uploads\/2023\/05\/femme-gaya-000.28-300x200.jpg\" alt=\"\" width=\"300\" height=\"200\" srcset=\"https:\/\/eglisecatholiqueniger.org\/wp-content\/uploads\/2023\/05\/femme-gaya-000.28-300x200.jpg 300w, https:\/\/eglisecatholiqueniger.org\/wp-content\/uploads\/2023\/05\/femme-gaya-000.28-274x183.jpg 274w, https:\/\/eglisecatholiqueniger.org\/wp-content\/uploads\/2023\/05\/femme-gaya-000.28-80x54.jpg 80w, https:\/\/eglisecatholiqueniger.org\/wp-content\/uploads\/2023\/05\/femme-gaya-000.28-130x87.jpg 130w, https:\/\/eglisecatholiqueniger.org\/wp-content\/uploads\/2023\/05\/femme-gaya-000.28-359x240.jpg 359w, https:\/\/eglisecatholiqueniger.org\/wp-content\/uploads\/2023\/05\/femme-gaya-000.28-85x57.jpg 85w, https:\/\/eglisecatholiqueniger.org\/wp-content\/uploads\/2023\/05\/femme-gaya-000.28-546x365.jpg 546w, https:\/\/eglisecatholiqueniger.org\/wp-content\/uploads\/2023\/05\/femme-gaya-000.28-165x109.jpg 165w, https:\/\/eglisecatholiqueniger.org\/wp-content\/uploads\/2023\/05\/femme-gaya-000.28-347x233.jpg 347w, https:\/\/eglisecatholiqueniger.org\/wp-content\/uploads\/2023\/05\/femme-gaya-000.28-112x75.jpg 112w, https:\/\/eglisecatholiqueniger.org\/wp-content\/uploads\/2023\/05\/femme-gaya-000.28-179x120.jpg 179w, https:\/\/eglisecatholiqueniger.org\/wp-content\/uploads\/2023\/05\/femme-gaya-000.28-170x113.jpg 170w, https:\/\/eglisecatholiqueniger.org\/wp-content\/uploads\/2023\/05\/femme-gaya-000.28-81x55.jpg 81w, https:\/\/eglisecatholiqueniger.org\/wp-content\/uploads\/2023\/05\/femme-gaya-000.28-765x510.jpg 765w, https:\/\/eglisecatholiqueniger.org\/wp-content\/uploads\/2023\/05\/femme-gaya-000.28.jpg 640w\" sizes=\"auto, (max-width: 300px) 100vw, 300px\" \/><img loading=\"lazy\" decoding=\"async\" class=\"alignnone size-medium wp-image-987\" src=\"http:\/\/eglisecatholiqueniger.org\/wp-content\/uploads\/2023\/05\/femme-gaya-000.26-300x200.jpg\" alt=\"\" width=\"300\" height=\"200\" srcset=\"https:\/\/eglisecatholiqueniger.org\/wp-content\/uploads\/2023\/05\/femme-gaya-000.26-300x200.jpg 300w, https:\/\/eglisecatholiqueniger.org\/wp-content\/uploads\/2023\/05\/femme-gaya-000.26-274x183.jpg 274w, https:\/\/eglisecatholiqueniger.org\/wp-content\/uploads\/2023\/05\/femme-gaya-000.26-80x54.jpg 80w, https:\/\/eglisecatholiqueniger.org\/wp-content\/uploads\/2023\/05\/femme-gaya-000.26-130x87.jpg 130w, https:\/\/eglisecatholiqueniger.org\/wp-content\/uploads\/2023\/05\/femme-gaya-000.26-359x240.jpg 359w, https:\/\/eglisecatholiqueniger.org\/wp-content\/uploads\/2023\/05\/femme-gaya-000.26-85x57.jpg 85w, https:\/\/eglisecatholiqueniger.org\/wp-content\/uploads\/2023\/05\/femme-gaya-000.26-546x365.jpg 546w, https:\/\/eglisecatholiqueniger.org\/wp-content\/uploads\/2023\/05\/femme-gaya-000.26-165x109.jpg 165w, https:\/\/eglisecatholiqueniger.org\/wp-content\/uploads\/2023\/05\/femme-gaya-000.26-347x233.jpg 347w, https:\/\/eglisecatholiqueniger.org\/wp-content\/uploads\/2023\/05\/femme-gaya-000.26-112x75.jpg 112w, https:\/\/eglisecatholiqueniger.org\/wp-content\/uploads\/2023\/05\/femme-gaya-000.26-179x120.jpg 179w, https:\/\/eglisecatholiqueniger.org\/wp-content\/uploads\/2023\/05\/femme-gaya-000.26-170x113.jpg 170w, https:\/\/eglisecatholiqueniger.org\/wp-content\/uploads\/2023\/05\/femme-gaya-000.26-81x55.jpg 81w, https:\/\/eglisecatholiqueniger.org\/wp-content\/uploads\/2023\/05\/femme-gaya-000.26-765x510.jpg 765w, https:\/\/eglisecatholiqueniger.org\/wp-content\/uploads\/2023\/05\/femme-gaya-000.26.jpg 640w\" sizes=\"auto, (max-width: 300px) 100vw, 300px\" \/>Depuis des ann\u00e9es, l\u2019UFCN, l\u2019Union de Femmes Catholiques du Niger a fait de la journ\u00e9e de 13 mai, une occasion de rassemblement des femmes catholiques, pour recevoir des enseignements sur une th\u00e9matique bien d\u00e9finie.<\/p>\n<p><strong>Environ 250 femmes venues de toutes les contr\u00e9es du dioc\u00e8se de Niamey, se sont rassembl\u00e9es \u00e0 Gaya pour partager la joie de l\u2019\u00e9v\u00e8nement du 13 mai, <\/strong>qui marque le dynamisme et l\u2019expression d\u2019une nouvelle \u00e8re de d\u00e9part pour la femme nig\u00e9rienne.Les femmes catholiques ont voulu \u00e0 travers ce genre de rencontre, mettent l\u2019accent sur l\u2019unit\u00e9, la solidarit\u00e9, l\u2019engagement et l\u2019importance du dynamisme des femmes en un mot, pour le bon fonctionnement des foyers, de l\u2019\u00e9glise et de la soci\u00e9t\u00e9 en g\u00e9n\u00e9rale sachant que la femme est et restera le pilier de son foyer en particulier, de son \u00e9glise famille de Dieu et de sa soci\u00e9t\u00e9 dans sa globalit\u00e9.<\/p>\n<p>Cette ann\u00e9e, ce rassemblement a eu lieu autour du th\u00e8me<strong> \u00ab\u00a0femmes catholique, transforme ton milieu par la visibilit\u00e9 de ta foi\u00a0\u00bb.\u00a0 <\/strong>Une th\u00e9matique, qu\u2019un de nos responsables spirituels a bien voulu nous d\u00e9velopper avec des illustrations bibliques et aussi accompagn\u00e9 des t\u00e9moignages de nos exp\u00e9riences. Tout cela, c\u2019est dans l\u2019ultime conviction d\u2019atteindre l\u2019objectif principal de l\u2019UFCN, qui est d\u2019\u0153uvrer pour le plein \u00e9panouissement des femmes \u00e0 travers la d\u00e9fense de leur droits et la prise de conscience de leurs devoirs.<\/p>\n<p><img loading=\"lazy\" decoding=\"async\" class=\"alignnone size-medium wp-image-992\" src=\"http:\/\/eglisecatholiqueniger.org\/wp-content\/uploads\/2023\/05\/fG1-300x200.jpg\" alt=\"\" width=\"300\" height=\"200\" srcset=\"https:\/\/eglisecatholiqueniger.org\/wp-content\/uploads\/2023\/05\/fG1-300x200.jpg 300w, https:\/\/eglisecatholiqueniger.org\/wp-content\/uploads\/2023\/05\/fG1-274x183.jpg 274w, https:\/\/eglisecatholiqueniger.org\/wp-content\/uploads\/2023\/05\/fG1-80x54.jpg 80w, https:\/\/eglisecatholiqueniger.org\/wp-content\/uploads\/2023\/05\/fG1-130x87.jpg 130w, https:\/\/eglisecatholiqueniger.org\/wp-content\/uploads\/2023\/05\/fG1-359x240.jpg 359w, https:\/\/eglisecatholiqueniger.org\/wp-content\/uploads\/2023\/05\/fG1-85x57.jpg 85w, https:\/\/eglisecatholiqueniger.org\/wp-content\/uploads\/2023\/05\/fG1-546x365.jpg 546w, https:\/\/eglisecatholiqueniger.org\/wp-content\/uploads\/2023\/05\/fG1-165x109.jpg 165w, https:\/\/eglisecatholiqueniger.org\/wp-content\/uploads\/2023\/05\/fG1-347x233.jpg 347w, https:\/\/eglisecatholiqueniger.org\/wp-content\/uploads\/2023\/05\/fG1-112x75.jpg 112w, https:\/\/eglisecatholiqueniger.org\/wp-content\/uploads\/2023\/05\/fG1-179x120.jpg 179w, https:\/\/eglisecatholiqueniger.org\/wp-content\/uploads\/2023\/05\/fG1-170x113.jpg 170w, https:\/\/eglisecatholiqueniger.org\/wp-content\/uploads\/2023\/05\/fG1-81x55.jpg 81w, https:\/\/eglisecatholiqueniger.org\/wp-content\/uploads\/2023\/05\/fG1-765x510.jpg 765w, https:\/\/eglisecatholiqueniger.org\/wp-content\/uploads\/2023\/05\/fG1.jpg 640w\" sizes=\"auto, (max-width: 300px) 100vw, 300px\" \/><img loading=\"lazy\" decoding=\"async\" class=\"alignnone size-medium wp-image-993\" src=\"http:\/\/eglisecatholiqueniger.org\/wp-content\/uploads\/2023\/05\/FG2-300x200.jpg\" alt=\"\" width=\"300\" height=\"200\" srcset=\"https:\/\/eglisecatholiqueniger.org\/wp-content\/uploads\/2023\/05\/FG2-300x200.jpg 300w, https:\/\/eglisecatholiqueniger.org\/wp-content\/uploads\/2023\/05\/FG2-274x183.jpg 274w, https:\/\/eglisecatholiqueniger.org\/wp-content\/uploads\/2023\/05\/FG2-80x54.jpg 80w, https:\/\/eglisecatholiqueniger.org\/wp-content\/uploads\/2023\/05\/FG2-130x87.jpg 130w, https:\/\/eglisecatholiqueniger.org\/wp-content\/uploads\/2023\/05\/FG2-359x240.jpg 359w, https:\/\/eglisecatholiqueniger.org\/wp-content\/uploads\/2023\/05\/FG2-85x57.jpg 85w, https:\/\/eglisecatholiqueniger.org\/wp-content\/uploads\/2023\/05\/FG2-546x365.jpg 546w, https:\/\/eglisecatholiqueniger.org\/wp-content\/uploads\/2023\/05\/FG2-165x109.jpg 165w, https:\/\/eglisecatholiqueniger.org\/wp-content\/uploads\/2023\/05\/FG2-347x233.jpg 347w, https:\/\/eglisecatholiqueniger.org\/wp-content\/uploads\/2023\/05\/FG2-112x75.jpg 112w, https:\/\/eglisecatholiqueniger.org\/wp-content\/uploads\/2023\/05\/FG2-179x120.jpg 179w, https:\/\/eglisecatholiqueniger.org\/wp-content\/uploads\/2023\/05\/FG2-170x113.jpg 170w, https:\/\/eglisecatholiqueniger.org\/wp-content\/uploads\/2023\/05\/FG2-81x55.jpg 81w, https:\/\/eglisecatholiqueniger.org\/wp-content\/uploads\/2023\/05\/FG2-765x510.jpg 765w, https:\/\/eglisecatholiqueniger.org\/wp-content\/uploads\/2023\/05\/FG2.jpg 640w\" sizes=\"auto, (max-width: 300px) 100vw, 300px\" \/><\/p>\n<p>Avant d\u2019entrer dans le vif du sujet, les attentes des femmes avaient \u00e9t\u00e9 recueillies \u00e0 travers 4 groupes. Des attentes qui tournaient autour de plusieurs aspects dont l\u2019\u00e9ducation, les responsabilit\u00e9s des femmes, comment op\u00e9rer un changement\u00a0? etc.<\/p>\n<p>Le Vicaire G\u00e9n\u00e9ral, P\u00e8re Anthony COUDJOFIO, qui \u00e9tait le Pr\u00e9dicateur du jour,c\u2019\u00e9tait d\u2019abord bas\u00e9 sur la <strong>d\u00e9finition de la femme Catholique<\/strong>. Un enseignement participatif, qui avait permis aux femmes de donner la d\u00e9finition tant attendu par le pr\u00e9dicateur, qui est de savoir que la femme catholique est toute femme <strong>disciple de J\u00e9sus Christ<\/strong>.\u00catre disciple de<\/p>\n<p><img loading=\"lazy\" decoding=\"async\" class=\"alignnone size-medium wp-image-995\" src=\"http:\/\/eglisecatholiqueniger.org\/wp-content\/uploads\/2023\/05\/femme-gaya-000.31-300x200.jpg\" alt=\"\" width=\"300\" height=\"200\" srcset=\"https:\/\/eglisecatholiqueniger.org\/wp-content\/uploads\/2023\/05\/femme-gaya-000.31-300x200.jpg 300w, https:\/\/eglisecatholiqueniger.org\/wp-content\/uploads\/2023\/05\/femme-gaya-000.31-274x183.jpg 274w, https:\/\/eglisecatholiqueniger.org\/wp-content\/uploads\/2023\/05\/femme-gaya-000.31-80x54.jpg 80w, https:\/\/eglisecatholiqueniger.org\/wp-content\/uploads\/2023\/05\/femme-gaya-000.31-130x87.jpg 130w, https:\/\/eglisecatholiqueniger.org\/wp-content\/uploads\/2023\/05\/femme-gaya-000.31-359x240.jpg 359w, https:\/\/eglisecatholiqueniger.org\/wp-content\/uploads\/2023\/05\/femme-gaya-000.31-85x57.jpg 85w, https:\/\/eglisecatholiqueniger.org\/wp-content\/uploads\/2023\/05\/femme-gaya-000.31-546x365.jpg 546w, https:\/\/eglisecatholiqueniger.org\/wp-content\/uploads\/2023\/05\/femme-gaya-000.31-165x109.jpg 165w, https:\/\/eglisecatholiqueniger.org\/wp-content\/uploads\/2023\/05\/femme-gaya-000.31-347x233.jpg 347w, https:\/\/eglisecatholiqueniger.org\/wp-content\/uploads\/2023\/05\/femme-gaya-000.31-112x75.jpg 112w, https:\/\/eglisecatholiqueniger.org\/wp-content\/uploads\/2023\/05\/femme-gaya-000.31-179x120.jpg 179w, https:\/\/eglisecatholiqueniger.org\/wp-content\/uploads\/2023\/05\/femme-gaya-000.31-170x113.jpg 170w, https:\/\/eglisecatholiqueniger.org\/wp-content\/uploads\/2023\/05\/femme-gaya-000.31-81x55.jpg 81w, https:\/\/eglisecatholiqueniger.org\/wp-content\/uploads\/2023\/05\/femme-gaya-000.31-765x510.jpg 765w, https:\/\/eglisecatholiqueniger.org\/wp-content\/uploads\/2023\/05\/femme-gaya-000.31.jpg 640w\" sizes=\"auto, (max-width: 300px) 100vw, 300px\" \/><img loading=\"lazy\" decoding=\"async\" class=\"alignnone size-medium wp-image-997\" src=\"http:\/\/eglisecatholiqueniger.org\/wp-content\/uploads\/2023\/05\/femme-gaya-000.10-300x200.jpg\" alt=\"\" width=\"300\" height=\"200\" srcset=\"https:\/\/eglisecatholiqueniger.org\/wp-content\/uploads\/2023\/05\/femme-gaya-000.10-300x200.jpg 300w, https:\/\/eglisecatholiqueniger.org\/wp-content\/uploads\/2023\/05\/femme-gaya-000.10-274x183.jpg 274w, https:\/\/eglisecatholiqueniger.org\/wp-content\/uploads\/2023\/05\/femme-gaya-000.10-80x54.jpg 80w, https:\/\/eglisecatholiqueniger.org\/wp-content\/uploads\/2023\/05\/femme-gaya-000.10-130x87.jpg 130w, https:\/\/eglisecatholiqueniger.org\/wp-content\/uploads\/2023\/05\/femme-gaya-000.10-359x240.jpg 359w, https:\/\/eglisecatholiqueniger.org\/wp-content\/uploads\/2023\/05\/femme-gaya-000.10-85x57.jpg 85w, https:\/\/eglisecatholiqueniger.org\/wp-content\/uploads\/2023\/05\/femme-gaya-000.10-546x365.jpg 546w, https:\/\/eglisecatholiqueniger.org\/wp-content\/uploads\/2023\/05\/femme-gaya-000.10-165x109.jpg 165w, https:\/\/eglisecatholiqueniger.org\/wp-content\/uploads\/2023\/05\/femme-gaya-000.10-347x233.jpg 347w, https:\/\/eglisecatholiqueniger.org\/wp-content\/uploads\/2023\/05\/femme-gaya-000.10-112x75.jpg 112w, https:\/\/eglisecatholiqueniger.org\/wp-content\/uploads\/2023\/05\/femme-gaya-000.10-179x120.jpg 179w, https:\/\/eglisecatholiqueniger.org\/wp-content\/uploads\/2023\/05\/femme-gaya-000.10-170x113.jpg 170w, https:\/\/eglisecatholiqueniger.org\/wp-content\/uploads\/2023\/05\/femme-gaya-000.10-81x55.jpg 81w, https:\/\/eglisecatholiqueniger.org\/wp-content\/uploads\/2023\/05\/femme-gaya-000.10-765x510.jpg 765w, https:\/\/eglisecatholiqueniger.org\/wp-content\/uploads\/2023\/05\/femme-gaya-000.10.jpg 640w\" sizes=\"auto, (max-width: 300px) 100vw, 300px\" \/><\/p>\n<p>J\u00e9sus, c\u2019est respecter les commandements ; et le respect des commandements en un mot est gage de changement dans la vie de tout croyant.<\/p>\n<p>Ainsi dans le respect des commandements de notre Seigneur J\u00e9sus Christ, la femme peut donner un bon t\u00e9moignage de sa vie et apporter des changements dans son milieu. Aussi apr\u00e8s la conf\u00e9rence, des femmes ont donn\u00e9 des t\u00e9moignages de leur vie, qui peuvent aider les autres \u00e0 apporter des changements dans leurs comportements et ainsi inciter les autres \u00e0 changer leur vie.<\/p>\n<p>En effet, le d\u00e9placement \u00e0 eu lieu le vendredi soir 12 mai, vers les environs de 14H 30mn \u00e0 partir de la cath\u00e9drale ou toutes les participantes du dioc\u00e8se s\u2019\u00e9taient retrouv\u00e9es. Il s\u2019agit des femmes du secteur de Niamey, celles du secteur ouest (Torodi, Makalondi, Kankani et Boamanga), celles du secteur Nord (T\u00e9ra et Dolbel) et celles du secteur Est (Dosso, Doutchi et Gaya) ; \u00e0 bord de (4) quatre bus de la nouvelle compagnie de transport NIZAR. Le Samedi 13 mai, fut la journ\u00e9e de discussion sur le th\u00e8me, et le Dimanche a eu lieu la messe dominicale et le d\u00e9part sur Niamey pour le retour.\u00a0 Nous esp\u00e9rons, que des changements s&rsquo;op\u00e9rerons dans nos milieux de vie apr\u00e8s cette rencontre du donn\u00e9 et du recevoir de Gaya.<\/p>\n<p><img loading=\"lazy\" decoding=\"async\" class=\"alignnone size-medium wp-image-996\" src=\"http:\/\/eglisecatholiqueniger.org\/wp-content\/uploads\/2023\/05\/femme-gaya000.32-300x200.jpg\" alt=\"\" width=\"300\" height=\"200\" srcset=\"https:\/\/eglisecatholiqueniger.org\/wp-content\/uploads\/2023\/05\/femme-gaya000.32-300x200.jpg 300w, https:\/\/eglisecatholiqueniger.org\/wp-content\/uploads\/2023\/05\/femme-gaya000.32-274x183.jpg 274w, https:\/\/eglisecatholiqueniger.org\/wp-content\/uploads\/2023\/05\/femme-gaya000.32-80x54.jpg 80w, https:\/\/eglisecatholiqueniger.org\/wp-content\/uploads\/2023\/05\/femme-gaya000.32-130x87.jpg 130w, https:\/\/eglisecatholiqueniger.org\/wp-content\/uploads\/2023\/05\/femme-gaya000.32-359x240.jpg 359w, https:\/\/eglisecatholiqueniger.org\/wp-content\/uploads\/2023\/05\/femme-gaya000.32-85x57.jpg 85w, https:\/\/eglisecatholiqueniger.org\/wp-content\/uploads\/2023\/05\/femme-gaya000.32-546x365.jpg 546w, https:\/\/eglisecatholiqueniger.org\/wp-content\/uploads\/2023\/05\/femme-gaya000.32-165x109.jpg 165w, https:\/\/eglisecatholiqueniger.org\/wp-content\/uploads\/2023\/05\/femme-gaya000.32-347x233.jpg 347w, https:\/\/eglisecatholiqueniger.org\/wp-content\/uploads\/2023\/05\/femme-gaya000.32-112x75.jpg 112w, https:\/\/eglisecatholiqueniger.org\/wp-content\/uploads\/2023\/05\/femme-gaya000.32-179x120.jpg 179w, https:\/\/eglisecatholiqueniger.org\/wp-content\/uploads\/2023\/05\/femme-gaya000.32-170x113.jpg 170w, https:\/\/eglisecatholiqueniger.org\/wp-content\/uploads\/2023\/05\/femme-gaya000.32-81x55.jpg 81w, https:\/\/eglisecatholiqueniger.org\/wp-content\/uploads\/2023\/05\/femme-gaya000.32-765x510.jpg 765w, https:\/\/eglisecatholiqueniger.org\/wp-content\/uploads\/2023\/05\/femme-gaya000.32.jpg 640w\" sizes=\"auto, (max-width: 300px) 100vw, 300px\" \/><img loading=\"lazy\" decoding=\"async\" class=\"alignnone size-medium wp-image-1004\" src=\"http:\/\/eglisecatholiqueniger.org\/wp-content\/uploads\/2023\/05\/femme-gaya-000.35-300x200.jpg\" alt=\"\" width=\"300\" height=\"200\" srcset=\"https:\/\/eglisecatholiqueniger.org\/wp-content\/uploads\/2023\/05\/femme-gaya-000.35-300x200.jpg 300w, https:\/\/eglisecatholiqueniger.org\/wp-content\/uploads\/2023\/05\/femme-gaya-000.35-274x183.jpg 274w, https:\/\/eglisecatholiqueniger.org\/wp-content\/uploads\/2023\/05\/femme-gaya-000.35-80x54.jpg 80w, https:\/\/eglisecatholiqueniger.org\/wp-content\/uploads\/2023\/05\/femme-gaya-000.35-130x87.jpg 130w, https:\/\/eglisecatholiqueniger.org\/wp-content\/uploads\/2023\/05\/femme-gaya-000.35-359x240.jpg 359w, https:\/\/eglisecatholiqueniger.org\/wp-content\/uploads\/2023\/05\/femme-gaya-000.35-85x57.jpg 85w, https:\/\/eglisecatholiqueniger.org\/wp-content\/uploads\/2023\/05\/femme-gaya-000.35-546x365.jpg 546w, https:\/\/eglisecatholiqueniger.org\/wp-content\/uploads\/2023\/05\/femme-gaya-000.35-165x109.jpg 165w, https:\/\/eglisecatholiqueniger.org\/wp-content\/uploads\/2023\/05\/femme-gaya-000.35-347x233.jpg 347w, https:\/\/eglisecatholiqueniger.org\/wp-content\/uploads\/2023\/05\/femme-gaya-000.35-112x75.jpg 112w, https:\/\/eglisecatholiqueniger.org\/wp-content\/uploads\/2023\/05\/femme-gaya-000.35-179x120.jpg 179w, https:\/\/eglisecatholiqueniger.org\/wp-content\/uploads\/2023\/05\/femme-gaya-000.35-170x113.jpg 170w, https:\/\/eglisecatholiqueniger.org\/wp-content\/uploads\/2023\/05\/femme-gaya-000.35-81x55.jpg 81w, https:\/\/eglisecatholiqueniger.org\/wp-content\/uploads\/2023\/05\/femme-gaya-000.35-765x510.jpg 765w, https:\/\/eglisecatholiqueniger.org\/wp-content\/uploads\/2023\/05\/femme-gaya-000.35.jpg 640w\" sizes=\"auto, (max-width: 300px) 100vw, 300px\" \/><\/p>\n","protected":false},"excerpt":{"rendered":"<p>Depuis des ann\u00e9es, l\u2019UFCN, l\u2019Union de Femmes Catholiques du Niger a fait de la journ\u00e9e de 13 mai, une occasion de rassemblement des femmes catholiques, pour recevoir des enseignements sur &#8230;<\/p>\n","protected":false},"author":1,"featured_media":0,"comment_status":"open","ping_status":"open","sticky":false,"template":"","format":"standard","meta":{"footnotes":""},"categories":[1],"tags":[],"class_list":["post-981","post","type-post","status-publish","format-standard","category-non-classe"],"_links":{"self":[{"href":"https:\/\/eglisecatholiqueniger.org\/index.php\/wp-json\/wp\/v2\/posts\/981","targetHints":{"allow":["GET"]}}],"collection":[{"href":"https:\/\/eglisecatholiqueniger.org\/index.php\/wp-json\/wp\/v2\/posts"}],"about":[{"href":"https:\/\/eglisecatholiqueniger.org\/index.php\/wp-json\/wp\/v2\/types\/post"}],"author":[{"embeddable":true,"href":"https:\/\/eglisecatholiqueniger.org\/index.php\/wp-json\/wp\/v2\/users\/1"}],"replies":[{"embeddable":true,"href":"https:\/\/eglisecatholiqueniger.org\/index.php\/wp-json\/wp\/v2\/comments?post=981"}],"version-history":[{"count":6,"href":"https:\/\/eglisecatholiqueniger.org\/index.php\/wp-json\/wp\/v2\/posts\/981\/revisions"}],"predecessor-version":[{"id":1006,"href":"https:\/\/eglisecatholiqueniger.org\/index.php\/wp-json\/wp\/v2\/posts\/981\/revisions\/1006"}],"wp:attachment":[{"href":"https:\/\/eglisecatholiqueniger.org\/index.php\/wp-json\/wp\/v2\/media?parent=981"}],"wp:term":[{"taxonomy":"category","embeddable":true,"href":"https:\/\/eglisecatholiqueniger.org\/index.php\/wp-json\/wp\/v2\/categories?post=981"},{"taxonomy":"post_tag","embeddable":true,"href":"https:\/\/eglisecatholiqueniger.org\/index.php\/wp-json\/wp\/v2\/tags?post=981"}],"curies":[{"name":"wp","href":"https:\/\/api.w.org\/{rel}","templated":true}]}}